{"id":1574,"date":"2015-11-25T13:17:00","date_gmt":"2015-11-25T13:17:00","guid":{"rendered":"http:\/\/fmriachuelo.observatorioess.org.ar\/index.php\/2015\/11\/25\/gatillo-facil-pericias-del-caso-lucas-cabello\/"},"modified":"2015-11-25T13:17:00","modified_gmt":"2015-11-25T13:17:00","slug":"gatillo-facil-pericias-del-caso-lucas-cabello","status":"publish","type":"post","link":"http:\/\/fmriachuelo.it10.com.ar\/index.php\/2015\/11\/25\/gatillo-facil-pericias-del-caso-lucas-cabello\/","title":{"rendered":"GATILLO F\u00c1CIL: PERICIAS DEL CASO LUCAS CABELLO"},"content":{"rendered":"<div><span><span style=\"font-size: small\"><span style=\"color: black\"><span>QUEDA DESCARTADA LA VERSI\u00d3N POLICIAL<\/span> <\/span><\/span><b><br \/><\/b><\/span><br \/><span><b>ASESINO CON UNIFORME<\/b><\/span><\/div>\n<p><span>TODAS LAS BALAS ERAN DEL POLIC\u00cdA DE LA METROPOLITANA<\/span><br \/><span><\/span><\/p>\n<div style=\"text-align: justify\"><a href=\"https:\/\/4.bp.blogspot.com\/-xmnMaxhPwNg\/VlW0f1Ud81I\/AAAAAAAAHZk\/2aQGnwpbULM\/s1600\/LUCAS.jpg\" style=\"clear: left;float: left;margin-bottom: 1em;margin-right: 1em\"><img loading=\"lazy\" decoding=\"async\" border=\"0\" height=\"113\" src=\"http:\/\/4.bp.blogspot.com\/-xmnMaxhPwNg\/VlW0f1Ud81I\/AAAAAAAAHZk\/2aQGnwpbULM\/s200\/LUCAS.jpg\" width=\"200\" \/><\/a><span>[FMR 25\/11\/15] El informe de la Divisi\u00f3n Bal\u00edstica de la Polic\u00eda Federal confirm\u00f3 que las tres vainas que se recogieron de la escena del intento de asesinato de Lucas Cabello salieron de la pistola semiautom\u00e1tica. El arma secuestrada en la escena pertenece al polic\u00eda de la Metropolitana acusado, Ricardo Ayala. Aunque el jueves el agente volvi\u00f3 a declarar que el joven de 20 a\u00f1os de La Boca estaba armado, \u201cqueda absolutamente descartada la versi\u00f3n policial\u201d, dijo a Cosecha Roja Gabriela Carpinetti, abogada de la familia junto con Nahuel Berguier.<\/span><\/div>\n<p><span><\/span><\/p>\n","protected":false},"excerpt":{"rendered":"<p>QUEDA DESCARTADA LA VERSI\u00d3N POLICIAL ASESINO CON UNIFORME TODAS LAS BALAS ERAN DEL POLIC\u00cdA DE LA METROPOLITANA [FMR 25\/11\/15] El informe de la Divisi\u00f3n Bal\u00edstica de la Polic\u00eda Federal confirm\u00f3 que las tres vainas que se recogieron de la escena del intento de asesinato de Lucas Cabello salieron de la pistola semiautom\u00e1tica. El arma secuestrada [&hellip;]<\/p>\n","protected":false},"author":4,"featured_media":0,"comment_status":"open","ping_status":"open","sticky":false,"template":"","format":"standard","meta":{"_monsterinsights_skip_tracking":false,"_monsterinsights_sitenote_active":false,"_monsterinsights_sitenote_note":"","_monsterinsights_sitenote_category":0,"jnews-multi-image_gallery":[],"jnews_single_post":[],"jnews_primary_category":[],"_joinchat":[],"footnotes":""},"categories":[1],"tags":[],"class_list":["post-1574","post","type-post","status-publish","format-standard","hentry","category-habitat"],"_links":{"self":[{"href":"http:\/\/fmriachuelo.it10.com.ar\/index.php\/wp-json\/wp\/v2\/posts\/1574","targetHints":{"allow":["GET"]}}],"collection":[{"href":"http:\/\/fmriachuelo.it10.com.ar\/index.php\/wp-json\/wp\/v2\/posts"}],"about":[{"href":"http:\/\/fmriachuelo.it10.com.ar\/index.php\/wp-json\/wp\/v2\/types\/post"}],"author":[{"embeddable":true,"href":"http:\/\/fmriachuelo.it10.com.ar\/index.php\/wp-json\/wp\/v2\/users\/4"}],"replies":[{"embeddable":true,"href":"http:\/\/fmriachuelo.it10.com.ar\/index.php\/wp-json\/wp\/v2\/comments?post=1574"}],"version-history":[{"count":0,"href":"http:\/\/fmriachuelo.it10.com.ar\/index.php\/wp-json\/wp\/v2\/posts\/1574\/revisions"}],"wp:attachment":[{"href":"http:\/\/fmriachuelo.it10.com.ar\/index.php\/wp-json\/wp\/v2\/media?parent=1574"}],"wp:term":[{"taxonomy":"category","embeddable":true,"href":"http:\/\/fmriachuelo.it10.com.ar\/index.php\/wp-json\/wp\/v2\/categories?post=1574"},{"taxonomy":"post_tag","embeddable":true,"href":"http:\/\/fmriachuelo.it10.com.ar\/index.php\/wp-json\/wp\/v2\/tags?post=1574"}],"curies":[{"name":"wp","href":"https:\/\/api.w.org\/{rel}","templated":true}]}}