{"id":1573,"date":"2015-11-25T13:22:00","date_gmt":"2015-11-25T13:22:00","guid":{"rendered":"http:\/\/fmriachuelo.observatorioess.org.ar\/index.php\/2015\/11\/25\/metropolitana-aprietes-a-testigos-del-caso-lucas-cabello\/"},"modified":"2015-11-25T13:22:00","modified_gmt":"2015-11-25T13:22:00","slug":"metropolitana-aprietes-a-testigos-del-caso-lucas-cabello","status":"publish","type":"post","link":"http:\/\/fmriachuelo.it10.com.ar\/index.php\/2015\/11\/25\/metropolitana-aprietes-a-testigos-del-caso-lucas-cabello\/","title":{"rendered":"METROPOLITANA: APRIETES A TESTIGOS DEL CASO LUCAS CABELLO"},"content":{"rendered":"<div><span><b>MAFIOSOS<\/b><\/span><\/div>\n<div style=\"clear: both;text-align: left\"><span>DENUNCIAN QUE POLIC\u00cdAS DE LA METROPOLITANA PRESIONARON A TESTIGOS DEL GATILLO F\u00c1CIL<\/span><\/div>\n<div style=\"text-align: justify\">\n<div style=\"clear: left;float: left;margin-bottom: 1em;margin-right: 1em\"><a href=\"https:\/\/1.bp.blogspot.com\/-elNz6G7ITGQ\/VlW1duL884I\/AAAAAAAAHZs\/1yBD0D6t6JE\/s1600\/Poic%25C3%25ADaMetropolitanaLaBocaMAFIA-630x350.jpg\" style=\"clear: left;float: left;margin-bottom: 1em;margin-right: 1em\"><img loading=\"lazy\" decoding=\"async\" border=\"0\" height=\"111\" src=\"http:\/\/1.bp.blogspot.com\/-elNz6G7ITGQ\/VlW1duL884I\/AAAAAAAAHZs\/1yBD0D6t6JE\/s200\/Poic%25C3%25ADaMetropolitanaLaBocaMAFIA-630x350.jpg\" width=\"200\" \/><\/a><span>Vecinos  de Lucas Cabello declararon en la Justicia que los polic\u00edas de la  Metropolitana intentaron torcer su testimonio. \u201cDeclar\u00e1 para salvar al  pibe\u201d, les dec\u00edan, en referencia al oficial. Las amenazas no son nuevas:  \u201cAdem\u00e1s del accionar criminal de Ricardo Ayala que atac\u00f3 a Lucas  Cabello en estado de absoluta indefensi\u00f3n, exist\u00eda un estado de  policializaci\u00f3n violento del complejo habitacional por parte del la  Polic\u00eda Metropolitana y su jefatura pol\u00edtica\u201d, dijo a Cosecha Roja uno  de los abogados de la familia del joven de La Boca, Nahuel Berguier.<\/span><\/div>\n<\/div>\n","protected":false},"excerpt":{"rendered":"<p>MAFIOSOS DENUNCIAN QUE POLIC\u00cdAS DE LA METROPOLITANA PRESIONARON A TESTIGOS DEL GATILLO F\u00c1CIL Vecinos de Lucas Cabello declararon en la Justicia que los polic\u00edas de la Metropolitana intentaron torcer su testimonio. \u201cDeclar\u00e1 para salvar al pibe\u201d, les dec\u00edan, en referencia al oficial. Las amenazas no son nuevas: \u201cAdem\u00e1s del accionar criminal de Ricardo Ayala que [&hellip;]<\/p>\n","protected":false},"author":4,"featured_media":0,"comment_status":"open","ping_status":"open","sticky":false,"template":"","format":"standard","meta":{"_monsterinsights_skip_tracking":false,"_monsterinsights_sitenote_active":false,"_monsterinsights_sitenote_note":"","_monsterinsights_sitenote_category":0,"jnews-multi-image_gallery":[],"jnews_single_post":[],"jnews_primary_category":[],"_joinchat":[],"footnotes":""},"categories":[1],"tags":[],"class_list":["post-1573","post","type-post","status-publish","format-standard","hentry","category-habitat"],"_links":{"self":[{"href":"http:\/\/fmriachuelo.it10.com.ar\/index.php\/wp-json\/wp\/v2\/posts\/1573","targetHints":{"allow":["GET"]}}],"collection":[{"href":"http:\/\/fmriachuelo.it10.com.ar\/index.php\/wp-json\/wp\/v2\/posts"}],"about":[{"href":"http:\/\/fmriachuelo.it10.com.ar\/index.php\/wp-json\/wp\/v2\/types\/post"}],"author":[{"embeddable":true,"href":"http:\/\/fmriachuelo.it10.com.ar\/index.php\/wp-json\/wp\/v2\/users\/4"}],"replies":[{"embeddable":true,"href":"http:\/\/fmriachuelo.it10.com.ar\/index.php\/wp-json\/wp\/v2\/comments?post=1573"}],"version-history":[{"count":0,"href":"http:\/\/fmriachuelo.it10.com.ar\/index.php\/wp-json\/wp\/v2\/posts\/1573\/revisions"}],"wp:attachment":[{"href":"http:\/\/fmriachuelo.it10.com.ar\/index.php\/wp-json\/wp\/v2\/media?parent=1573"}],"wp:term":[{"taxonomy":"category","embeddable":true,"href":"http:\/\/fmriachuelo.it10.com.ar\/index.php\/wp-json\/wp\/v2\/categories?post=1573"},{"taxonomy":"post_tag","embeddable":true,"href":"http:\/\/fmriachuelo.it10.com.ar\/index.php\/wp-json\/wp\/v2\/tags?post=1573"}],"curies":[{"name":"wp","href":"https:\/\/api.w.org\/{rel}","templated":true}]}}