{"id":15726,"date":"2022-07-04T01:41:14","date_gmt":"2022-07-04T01:41:14","guid":{"rendered":"http:\/\/fmriachuelo.com.ar\/?p=15726"},"modified":"2025-03-21T16:23:11","modified_gmt":"2025-03-21T19:23:11","slug":"la-experiencia-del-movimiento-socialista-emerenciano","status":"publish","type":"post","link":"http:\/\/fmriachuelo.it10.com.ar\/index.php\/2022\/07\/04\/la-experiencia-del-movimiento-socialista-emerenciano\/","title":{"rendered":"LA EXPERIENCIA DEL MOVIMIENTO SOCIALISTA EMERENCIANO"},"content":{"rendered":"<p><b>[FM Riachuelo, 3\/7\/2022] El\u00a0 domingo pasado se cumplieron los 20 a\u00f1os de la Masacre del Puente Pueyrred\u00f3n, en la cual los militantes Dar\u00edo Santillan y Maximiliano Kosteki fueron asesinados durante un operativo represivo. Por lo que representa esta jornada para el campo popular, una numerosa delegaci\u00f3n del Movimiento Socialista Emerenciano de Resistencia, Chaco, se acerc\u00f3 a Buenos Aires para ser parte de la vigilia o movilizaci\u00f3n que se hace todos los a\u00f1os en conmemoraci\u00f3n a esta fecha. Fue as\u00ed que el 23 de junio pasado compartimos con ellos el estudio de la FM Riachuelo para conocer su experiencia de organizaci\u00f3n popular.<\/b><\/p>\n<p><span style=\"font-weight: 400\">En el marco de un rico intercambio entre las distintas unidades de producci\u00f3n del Movimiento Popular Los Pibes en el barrio de La Boca y los compa\u00f1eros y compa\u00f1eras del Movimiento Socialista Emerenciano, la FM Riachuelo recibi\u00f3 a Omar, Noelia y Elio acerca de la experiencia de organizaci\u00f3n y lucha que ya lleva m\u00e1s de 25 a\u00f1os en Chaco.<\/span><\/p>\n<p><span style=\"font-weight: 400\">En un sistema que est\u00e1 lejos de proponer un futuro y contemplar las urgencias para los mas humildes, la experiencia del Movimiento Emerenciano es otro ejemplo sobre c\u00f3mo la comunidad organizada construye desde abajo los sue\u00f1os de otro mundo posible, con organizaci\u00f3n y lucha.<\/span><\/p>\n<p><span style=\"font-weight: 400\">Noelia, integrante del Frente de Mujeres del Movimiento y obrera de la construcci\u00f3n, comparti\u00f3 la experiencia en la construcci\u00f3n de viviendas del Barrio Emerenciano Sena, en la zona sur de Resistencia, Chaco: \u201c<\/span><i><span style=\"font-weight: 400\">Toda organizaci\u00f3n social tiene un mismo fin, el derecho de igualdad y dignidad de sus compa\u00f1eros. Nosotros hacemos Hogares, donde entran familias y entran sue\u00f1os<\/span><\/i><span style=\"font-weight: 400\">\u201d.<\/span><\/p>\n<p><span style=\"font-weight: 400\">Esta lucha empuja a que se cumpla el sue\u00f1o imperioso de un mundo m\u00e1s justo, donde la salud, la educaci\u00f3n y la vivienda no sean para unos pocos. Por eso, en el barrio, la regla es el trabajo en comunidad. Aparecen la solidaridad y el amor como bandera, y la autogesti\u00f3n como s\u00edmbolo de lucha.<\/span><\/p>\n<p><span style=\"font-weight: 400\">\u201c<\/span><i><span style=\"font-weight: 400\">Nuestros hijos son el presente, porque no hablamos del futuro sino de la lucha del hoy<\/span><\/i><span style=\"font-weight: 400\">\u201d, dec\u00eda Noelia al hablar de la cultura, y al acceso a la educaci\u00f3n y la lectura que han construido comunitariamente. En el Barrio Emerenciano construyeron la Escuela Publica de Gestion Social Emerenciano, pero tambi\u00e9n un jard\u00edn maternal y una escuela primaria, para la cual los integrantes de la organizaci\u00f3n se han tenido que formar para poder cumplir un rol en la comunidad.<\/span><\/p>\n<p><span style=\"font-weight: 400\">\u201c<\/span><i><span style=\"font-weight: 400\">Entr\u00e9 a la organizaci\u00f3n para ser alguien en la vida, poder ser yo y que mi compa\u00f1ero tambi\u00e9n sea \u00e9l mismo, para no ser un descarte m\u00e1s<\/span><\/i><span style=\"font-weight: 400\">\u201d, expres\u00f3 Omar.\u00a0 La experiencia de organizaci\u00f3n no solo se puede resumir a la que construyeron en relaci\u00f3n a la educaci\u00f3n, sino que portan un recorrido en relaci\u00f3n a otros aspectos que comprenden que este sistema no aporta, como lo es una radio propia \u201cRadio Sur Chaco\u201d para poder disputar los sentidos impuestos y visibilizar la victorias y luchas que se realizan.<\/span><\/p>\n<p><span style=\"font-weight: 400\">\u201c<\/span><span style=\"font-weight: 400\">La \u00fanica lucha que se pierde es la que se abandona\u201d, <\/span><span style=\"font-weight: 400\">dec\u00eda el Che Guevara. Desde el Movimiento Socialista Emerenciano vienen demostrando con hechos que otro mundo es posible s\u00f3lo si hay un pueblo organizado para construirlo.\u00a0<\/span><\/p>\n","protected":false},"excerpt":{"rendered":"<p>[FM Riachuelo, 3\/7\/2022] El\u00a0 domingo pasado se cumplieron los 20 a\u00f1os de la Masacre del Puente Pueyrred\u00f3n, en la cual los militantes Dar\u00edo Santillan y Maximiliano Kosteki fueron asesinados durante un operativo represivo. Por lo que representa esta jornada para el campo popular, una numerosa delegaci\u00f3n del Movimiento Socialista Emerenciano de Resistencia, Chaco, se acerc\u00f3 [&hellip;]<\/p>\n","protected":false},"author":5,"featured_media":15727,"comment_status":"closed","ping_status":"closed","sticky":false,"template":"","format":"standard","meta":{"_monsterinsights_skip_tracking":false,"_monsterinsights_sitenote_active":false,"_monsterinsights_sitenote_note":"","_monsterinsights_sitenote_category":0,"jnews-multi-image_gallery":[],"jnews_single_post":{"format":"standard"},"jnews_primary_category":[],"_joinchat":[],"footnotes":""},"categories":[58],"tags":[119,72],"class_list":["post-15726","post","type-post","status-publish","format-standard","has-post-thumbnail","hentry","category-noticiariachuelo","tag-derechos-humanos","tag-historia-de-la-lucha-de-los-pueblos"],"_links":{"self":[{"href":"http:\/\/fmriachuelo.it10.com.ar\/index.php\/wp-json\/wp\/v2\/posts\/15726","targetHints":{"allow":["GET"]}}],"collection":[{"href":"http:\/\/fmriachuelo.it10.com.ar\/index.php\/wp-json\/wp\/v2\/posts"}],"about":[{"href":"http:\/\/fmriachuelo.it10.com.ar\/index.php\/wp-json\/wp\/v2\/types\/post"}],"author":[{"embeddable":true,"href":"http:\/\/fmriachuelo.it10.com.ar\/index.php\/wp-json\/wp\/v2\/users\/5"}],"replies":[{"embeddable":true,"href":"http:\/\/fmriachuelo.it10.com.ar\/index.php\/wp-json\/wp\/v2\/comments?post=15726"}],"version-history":[{"count":1,"href":"http:\/\/fmriachuelo.it10.com.ar\/index.php\/wp-json\/wp\/v2\/posts\/15726\/revisions"}],"predecessor-version":[{"id":22187,"href":"http:\/\/fmriachuelo.it10.com.ar\/index.php\/wp-json\/wp\/v2\/posts\/15726\/revisions\/22187"}],"wp:featuredmedia":[{"embeddable":true,"href":"http:\/\/fmriachuelo.it10.com.ar\/index.php\/wp-json\/wp\/v2\/media\/15727"}],"wp:attachment":[{"href":"http:\/\/fmriachuelo.it10.com.ar\/index.php\/wp-json\/wp\/v2\/media?parent=15726"}],"wp:term":[{"taxonomy":"category","embeddable":true,"href":"http:\/\/fmriachuelo.it10.com.ar\/index.php\/wp-json\/wp\/v2\/categories?post=15726"},{"taxonomy":"post_tag","embeddable":true,"href":"http:\/\/fmriachuelo.it10.com.ar\/index.php\/wp-json\/wp\/v2\/tags?post=15726"}],"curies":[{"name":"wp","href":"https:\/\/api.w.org\/{rel}","templated":true}]}}