{"id":1571,"date":"2015-11-26T13:05:00","date_gmt":"2015-11-26T13:05:00","guid":{"rendered":"http:\/\/fmriachuelo.observatorioess.org.ar\/index.php\/2015\/11\/26\/venezuela-el-presidente-de-la-asamblea-rechaza-declaraciones-del-presidente-de-argentina\/"},"modified":"2015-11-26T13:05:00","modified_gmt":"2015-11-26T13:05:00","slug":"venezuela-el-presidente-de-la-asamblea-rechaza-declaraciones-del-presidente-de-argentina","status":"publish","type":"post","link":"http:\/\/fmriachuelo.it10.com.ar\/index.php\/2015\/11\/26\/venezuela-el-presidente-de-la-asamblea-rechaza-declaraciones-del-presidente-de-argentina\/","title":{"rendered":"VENEZUELA: EL PRESIDENTE DE LA ASAMBLEA RECHAZA DECLARACIONES DEL PRESIDENTE DE ARGENTINA"},"content":{"rendered":"<div style=\"text-align: justify\"><span><b>OFENSA Y AGRESI\u00d3N&nbsp;<\/b><\/span><\/div>\n<div style=\"clear: both;text-align: center\"><a href=\"http:\/\/3.bp.blogspot.com\/-Sp53LQX2U4Y\/VlcC9man6zI\/AAAAAAAAHaQ\/5hLSXuFn3ak\/s1600\/diosdado_cabello_mazo_dando_35205054.jpg_1813825294-600x350.jpg\" style=\"clear: left;float: left;margin-bottom: 1em;margin-right: 1em\"><img loading=\"lazy\" decoding=\"async\" border=\"0\" height=\"116\" src=\"http:\/\/3.bp.blogspot.com\/-Sp53LQX2U4Y\/VlcC9man6zI\/AAAAAAAAHaQ\/5hLSXuFn3ak\/s200\/diosdado_cabello_mazo_dando_35205054.jpg_1813825294-600x350.jpg\" width=\"200\" \/><\/a><\/div>\n<div style=\"text-align: justify\"><span>[Nodal 26\/11\/15] \u201cSaludamos al glorioso pueblo de Argentina, gan\u00f3 las elecciones el se\u00f1or Macri, y de repente el pens\u00f3 que hab\u00eda ganado las elecciones en Venezuela, a usted lo eligieron presidente en Argentina, deje al pueblo de Venezuela tranquilo\u201d \u2013 Diosdado Cabello, presidente de la Asamblea Nacional de Venezuela.<\/span><br \/><a name='more'><\/a><\/div>\n<div style=\"text-align: justify\"><span>El presidente de la Asamblea Nacional, Diosdado Cabello, rechaz\u00f3 este mi\u00e9rcoles las declaraciones del presidente electo de Argentina, Mauricio Macri, quien anunci\u00f3 el pasado lunes que invocar\u00e1 la cl\u00e1usula democr\u00e1tica de Mercosur por \u201clos abusos y la persecuci\u00f3n a los opositores en Venezuela\u201d.<\/span><\/div>\n<div style=\"text-align: justify\"><span>\u201cSaludamos al glorioso pueblo de argentina, gan\u00f3 las elecciones el se\u00f1or Macri, y de repente el pens\u00f3 que hab\u00eda ganado las elecciones en Venezuela, a usted lo eligieron presidente en Argentina, deje al pueblo de Venezuela tranquilo, nosotros no nos metemos con nadie pero no dejamos que nadie se meta con nosotros\u201d, expres\u00f3 el parlamentario.<\/span><br \/><span>Cabello dijo que lo primero que hizo Macri al ganar la presidencia fue \u201cofender y agredir a un pueblo hermano\u201d.<\/span><br \/><span>\u201cYo creo que usted va a tener mucho trabajo en Argentina como para andar pendiente de Venezuela\u201d, a\u00f1adi\u00f3.<\/span><br \/><span>\u201cCelebren ahorita porque ese pueblo argentino no se va a dejar quitar nada de lo obrado por los Kirchner\u201d, afirm\u00f3 Cabello en declaraciones emitidas el pasado lunes.<\/span><\/div>\n","protected":false},"excerpt":{"rendered":"<p>OFENSA Y AGRESI\u00d3N&nbsp; [Nodal 26\/11\/15] \u201cSaludamos al glorioso pueblo de Argentina, gan\u00f3 las elecciones el se\u00f1or Macri, y de repente el pens\u00f3 que hab\u00eda ganado las elecciones en Venezuela, a usted lo eligieron presidente en Argentina, deje al pueblo de Venezuela tranquilo\u201d \u2013 Diosdado Cabello, presidente de la Asamblea Nacional de Venezuela. El presidente de [&hellip;]<\/p>\n","protected":false},"author":4,"featured_media":0,"comment_status":"open","ping_status":"open","sticky":false,"template":"","format":"standard","meta":{"_monsterinsights_skip_tracking":false,"_monsterinsights_sitenote_active":false,"_monsterinsights_sitenote_note":"","_monsterinsights_sitenote_category":0,"jnews-multi-image_gallery":[],"jnews_single_post":[],"jnews_primary_category":[],"_joinchat":[],"footnotes":""},"categories":[1],"tags":[],"class_list":["post-1571","post","type-post","status-publish","format-standard","hentry","category-habitat"],"_links":{"self":[{"href":"http:\/\/fmriachuelo.it10.com.ar\/index.php\/wp-json\/wp\/v2\/posts\/1571","targetHints":{"allow":["GET"]}}],"collection":[{"href":"http:\/\/fmriachuelo.it10.com.ar\/index.php\/wp-json\/wp\/v2\/posts"}],"about":[{"href":"http:\/\/fmriachuelo.it10.com.ar\/index.php\/wp-json\/wp\/v2\/types\/post"}],"author":[{"embeddable":true,"href":"http:\/\/fmriachuelo.it10.com.ar\/index.php\/wp-json\/wp\/v2\/users\/4"}],"replies":[{"embeddable":true,"href":"http:\/\/fmriachuelo.it10.com.ar\/index.php\/wp-json\/wp\/v2\/comments?post=1571"}],"version-history":[{"count":0,"href":"http:\/\/fmriachuelo.it10.com.ar\/index.php\/wp-json\/wp\/v2\/posts\/1571\/revisions"}],"wp:attachment":[{"href":"http:\/\/fmriachuelo.it10.com.ar\/index.php\/wp-json\/wp\/v2\/media?parent=1571"}],"wp:term":[{"taxonomy":"category","embeddable":true,"href":"http:\/\/fmriachuelo.it10.com.ar\/index.php\/wp-json\/wp\/v2\/categories?post=1571"},{"taxonomy":"post_tag","embeddable":true,"href":"http:\/\/fmriachuelo.it10.com.ar\/index.php\/wp-json\/wp\/v2\/tags?post=1571"}],"curies":[{"name":"wp","href":"https:\/\/api.w.org\/{rel}","templated":true}]}}