{"id":15705,"date":"2022-06-25T22:02:18","date_gmt":"2022-06-25T22:02:18","guid":{"rendered":"http:\/\/fmriachuelo.com.ar\/?p=15705"},"modified":"2025-03-21T16:28:15","modified_gmt":"2025-03-21T19:28:15","slug":"conversatorio-en-la-undav-juventud-violencia-institucional-y-militancia-territorial","status":"publish","type":"post","link":"http:\/\/fmriachuelo.it10.com.ar\/index.php\/2022\/06\/25\/conversatorio-en-la-undav-juventud-violencia-institucional-y-militancia-territorial\/","title":{"rendered":"CONVERSATORIO EN LA UNDAV: JUVENTUD, VIOLENCIA INSTITUCIONAL Y MILITANCIA TERRITORIAL"},"content":{"rendered":"<p><b>[FM Riachuelo, 25\/06\/2022] El jueves previo a la conmemoraci\u00f3n de los 20 a\u00f1os del asesinato de los compa\u00f1eros Dar\u00edo Santill\u00e1n y Maximiliano Kosteki se realiz\u00f3 en la sede de Pi\u00f1eyro de la Universidad Nacional de Avellaneda una charla con Roxana Cainzos, referente de Madres Sembrando Conciencia y Mariano Pacheco, autor del libro \u201cDario Santill\u00e1n el militante que puso el cuerpo\u201d.<\/b><\/p>\n<p><span style=\"font-weight: 400;\"><em>\u201cEl poder judicial nos qued\u00f3 viciado de la \u00e9poca militar y todav\u00eda no pudimos subsanarlo, est\u00e1 pendiente.\u201d<\/em> As\u00ed dio inicio Roxana Cainzos a esta charla en el marco del conversatorio con la tem\u00e1tica: juventud, violencia institucional y militancia territorial.<\/span><\/p>\n<p><span style=\"font-weight: 400;\">La charla del d\u00eda jueves 23 de junio estaba atravesada por la fecha tan sentida, como lo es el 26 de junio donde este a\u00f1o se conmemoran 20 a\u00f1os de la Masacre de Avellaneda y en ese sentido Mariano Pacheco rescat\u00f3 <em>\u201cHay que aprovechar cuando estos aniversarios cobran mayor relieve en la escena p\u00fablica para poder revisitar nuestra historia reciente, rescatar las memorias de la resistencia con la avanzada del neoliberalismo\u201d<\/em><\/span><\/p>\n<p><span style=\"font-weight: 400;\"><em>\u201cHab\u00eda un movimiento de la sociedad que si bien no era masivo encontraba un canal de expresi\u00f3n de la situaci\u00f3n de descontento que hab\u00eda producto de las pol\u00edticas de los 90, que es lo que nos pone en di\u00e1logo hoy, era la experiencia que viv\u00edamos como j\u00f3venes m\u00e1s all\u00e1 de ser militantes\u201d<\/em> compart\u00eda Mariano Pacheco, en relaci\u00f3n a la tem\u00e1tica de juventud y c\u00f3mo esta se relaciona con la cultura, con la resistencia y c\u00f3mo estas convergen para generar nuevos espacios de encuentro apuntados a construir otro tipo de pr\u00e1cticas sociales que nacen desde la comunidad.<\/span><\/p>\n<p><span style=\"font-weight: 400;\">En relaci\u00f3n a una pregunta realizada por los estudiantes Roxana Cainzos contaba c\u00f3mo hab\u00eda sido el proceso de lucha contra la violencia institucional y la creaci\u00f3n de un espacio de organizaci\u00f3n como lo es Madres Sembrando Conciencia<em> \u201cLos compa\u00f1eritos, los amigos de mi hijo fueron los que me ayudaron a ver estas nuevas realidades, casi todas las madres a las que nos sucede esto, terminamos armando un espacio de organizaci\u00f3n, porque a nuestro alrededor hay un mont\u00f3n de j\u00f3venes sensibilizados y con un compromiso impresionante, porque se sienten en el lugar del hijo que nos mataron\u201d<\/em>.<\/span><\/p>\n<p><span style=\"font-weight: 400;\">Este fue el \u00faltimo encuentro de una serie de charlas organizadas por la materia Trabajo Social Comunitario del Dto. de Cs. Sociales de la UNDAV.<\/span><\/p>\n<p><a href=\"https:\/\/youtu.be\/uroB6oojMaI\"><b>Link a la charla<\/b><\/a><\/p>\n","protected":false},"excerpt":{"rendered":"<p>[FM Riachuelo, 25\/06\/2022] El jueves previo a la conmemoraci\u00f3n de los 20 a\u00f1os del asesinato de los compa\u00f1eros Dar\u00edo Santill\u00e1n y Maximiliano Kosteki se realiz\u00f3 en la sede de Pi\u00f1eyro de la Universidad Nacional de Avellaneda una charla con Roxana Cainzos, referente de Madres Sembrando Conciencia y Mariano Pacheco, autor del libro \u201cDario Santill\u00e1n el [&hellip;]<\/p>\n","protected":false},"author":5,"featured_media":15707,"comment_status":"closed","ping_status":"closed","sticky":false,"template":"","format":"standard","meta":{"_monsterinsights_skip_tracking":false,"_monsterinsights_sitenote_active":false,"_monsterinsights_sitenote_note":"","_monsterinsights_sitenote_category":0,"jnews-multi-image_gallery":[],"jnews_single_post":{"format":"standard"},"jnews_primary_category":[],"_joinchat":[],"footnotes":""},"categories":[58],"tags":[119,101,89],"class_list":["post-15705","post","type-post","status-publish","format-standard","has-post-thumbnail","hentry","category-noticiariachuelo","tag-derechos-humanos","tag-educacion","tag-violencia-institucional"],"_links":{"self":[{"href":"http:\/\/fmriachuelo.it10.com.ar\/index.php\/wp-json\/wp\/v2\/posts\/15705","targetHints":{"allow":["GET"]}}],"collection":[{"href":"http:\/\/fmriachuelo.it10.com.ar\/index.php\/wp-json\/wp\/v2\/posts"}],"about":[{"href":"http:\/\/fmriachuelo.it10.com.ar\/index.php\/wp-json\/wp\/v2\/types\/post"}],"author":[{"embeddable":true,"href":"http:\/\/fmriachuelo.it10.com.ar\/index.php\/wp-json\/wp\/v2\/users\/5"}],"replies":[{"embeddable":true,"href":"http:\/\/fmriachuelo.it10.com.ar\/index.php\/wp-json\/wp\/v2\/comments?post=15705"}],"version-history":[{"count":2,"href":"http:\/\/fmriachuelo.it10.com.ar\/index.php\/wp-json\/wp\/v2\/posts\/15705\/revisions"}],"predecessor-version":[{"id":23200,"href":"http:\/\/fmriachuelo.it10.com.ar\/index.php\/wp-json\/wp\/v2\/posts\/15705\/revisions\/23200"}],"wp:featuredmedia":[{"embeddable":true,"href":"http:\/\/fmriachuelo.it10.com.ar\/index.php\/wp-json\/wp\/v2\/media\/15707"}],"wp:attachment":[{"href":"http:\/\/fmriachuelo.it10.com.ar\/index.php\/wp-json\/wp\/v2\/media?parent=15705"}],"wp:term":[{"taxonomy":"category","embeddable":true,"href":"http:\/\/fmriachuelo.it10.com.ar\/index.php\/wp-json\/wp\/v2\/categories?post=15705"},{"taxonomy":"post_tag","embeddable":true,"href":"http:\/\/fmriachuelo.it10.com.ar\/index.php\/wp-json\/wp\/v2\/tags?post=15705"}],"curies":[{"name":"wp","href":"https:\/\/api.w.org\/{rel}","templated":true}]}}