{"id":15702,"date":"2022-06-25T01:32:25","date_gmt":"2022-06-25T01:32:25","guid":{"rendered":"http:\/\/fmriachuelo.com.ar\/?p=15702"},"modified":"2025-03-21T16:55:04","modified_gmt":"2025-03-21T19:55:04","slug":"se-inauguro-una-placa-en-homenaje-a-maxi-dario-y-el-oso-cisneros","status":"publish","type":"post","link":"http:\/\/fmriachuelo.it10.com.ar\/index.php\/2022\/06\/25\/se-inauguro-una-placa-en-homenaje-a-maxi-dario-y-el-oso-cisneros\/","title":{"rendered":"SE INAUGUR\u00d3 UNA PLACA EN HOMENAJE A MAXI, DAR\u00cdO Y EL OSO CISNEROS"},"content":{"rendered":"<p><strong>[FM Riachuelo, 24\/6\/2021] El mi\u00e9rcoles, en la sede central de la Uni\u00f3n de Trabajadores y Trabajadoras de la Econom\u00eda Popular (UTEP) ubicada en Pedro Echag\u00fce 1235, se descubri\u00f3 una placa en homenaje a Maximiliano Kosteki, Dar\u00edo Santill\u00e1n y Mart\u00edn \u00abEl Oso\u00bb Cisneros. Esta iniciativa de homejear a los militantes asesinados en 2002 y 2004 fue impulsada por la secretar\u00eda de Acci\u00f3n Pol\u00edtica de la UTEP.<\/strong><\/p>\n<p>Ma\u00f1ana se cumplen 18 a\u00f1os del asesinato del Oso Cisneros, hist\u00f3rico militante del Movimiento Popular Los Pibes, mientras que el domingo ser\u00e1n 20 a\u00f1os de la Masacre de Avellaneda, cuando la polic\u00eda bonaerense asesin\u00f3 a Maxi y Dar\u00edo. \u00ab<em>Tiene que ver con ratificar nuestras banderas de lucha, que los compa\u00f1eros viven en la lucha. El compromiso hist\u00f3rico, la unidad de las organizaciones, ratificar el compromiso revolucionario con los compa\u00f1eros<\/em>\u00ab, explic\u00f3 sobre la placa, <strong>Cristian \u00abVasco\u00bb Erramuspe<\/strong>, secretario de <strong>Acci\u00f3n Pol\u00edtica<\/strong> de la UTEP y referente del <strong>Frente 22 de Agosto<\/strong>, en di\u00e1logo con FM Riachuelo.<\/p>\n<p>Tambi\u00e9n conversamos con<strong> Abril Acu\u00f1a<\/strong>, de la Secretar\u00eda de Organizaci\u00f3n del<strong> Movimiento Popular Los Pibes<\/strong>. En la charla, surgi\u00f3 una menci\u00f3n a la canci\u00f3n de marcha que expresa el legado de los tres militantes: \u00abpor Maxi, Dar\u00edo y el Oso Cisneros&#8230; vamo a armar resistencia popular\u00bb.<\/p>\n<p>\u00ab<em>La resistencia popular es lo que hacemos los Movimientos Populares todos los d\u00edas. El hecho de que existamos implica inevitablemente una resistencia de los pueblos. Nuestro nacimiento y nuestro sentido de ser es esa resistencia. Lo que se hace desde la Econom\u00eda Popular es resistencia a un sistema que nos deja afuera de cualquier posibilidad de tener una vida digna<\/em>\u00ab, expres\u00f3 Abril.<\/p>\n<p>El Vasco, por su parte, reflexion\u00f3: \u00ab<em>Tenemos que, de la resistencia, pasar a la propuesta y a la acci\u00f3n de ese Poder Popular de forma pol\u00edtica. Pero no pensando a la pol\u00edtica como la politiquer\u00eda liberal o progre, si no todo lo contrario, que tiene que ver con nuestras banderas hist\u00f3ricas, nuestro presente de organizaci\u00f3n y de lucha, y que sea la soluci\u00f3n a los problemas que transita nuestro pueblo desde hace a\u00f1os<\/em>\u00ab.<\/p>\n<p>Ma\u00f1ana, 25 de junio, la UTEP realizar\u00e1 un acto conmemorativo por Dar\u00edo y Maxi en el Puente Pueyrred\u00f3n, a las 10:30hs. Junto con el Oso, son tres figuras pioneras de la Econom\u00eda Popular, que en aquella \u00e9poca a\u00fan no era reconocida como tal. Por eso, el hacer diario de la Econom\u00eda Popular forma parte de su legado.<\/p>\n<p>\u00ab<em>Que cada compa\u00f1ero y compa\u00f1era en los barrios seamos actores fundamentales de las soluciones que necesita nuestro pueblo. Distinto de lo que dicen algunos pol\u00edticos, o pol\u00edticas, que menosprecian y subestiman al pueblo trabajador. Estamos absolutamente en contra de esos comentarios despectivos. Es producto de los prejuicios de clase<\/em>\u00ab, expres\u00f3 el Vasco.<\/p>\n<p>Finalmente, Abril concluy\u00f3: \u00ab<em>Desde la UTEP se entiende que esos compa\u00f1eros somos nosotros. Que Maxi, Dar\u00edo y el Oso somos nosotros, porque los homenajeamos en las cosas que hacemos todos los d\u00edas. Cuando nos arrebatan a esos compa\u00f1eros nos condenan a pelear hasta el final. Nos suman responsabilidades porque los tenemos que terminar homenajeando s\u00ed o s\u00ed. Nos entristece y sufrimos la p\u00e9rdida de los compa\u00f1eros, pero al mismo tiempo nos potencia las ganas de salir a pelear y de construir un mundo donde esas cosas no tengan lugar. Sin esos valores no hay pol\u00edtica que valga la pena, y eso la UTEP lo tiene super consolidado gracias al legado de estos compa\u00f1eros y de tantos otros que dejaron la vida en la lucha<\/em>\u00ab.<\/p>\n","protected":false},"excerpt":{"rendered":"<p>[FM Riachuelo, 24\/6\/2021] El mi\u00e9rcoles, en la sede central de la Uni\u00f3n de Trabajadores y Trabajadoras de la Econom\u00eda Popular (UTEP) ubicada en Pedro Echag\u00fce 1235, se descubri\u00f3 una placa en homenaje a Maximiliano Kosteki, Dar\u00edo Santill\u00e1n y Mart\u00edn \u00abEl Oso\u00bb Cisneros. Esta iniciativa de homejear a los militantes asesinados en 2002 y 2004 fue [&hellip;]<\/p>\n","protected":false},"author":5,"featured_media":15703,"comment_status":"closed","ping_status":"closed","sticky":false,"template":"","format":"standard","meta":{"_monsterinsights_skip_tracking":false,"_monsterinsights_sitenote_active":false,"_monsterinsights_sitenote_note":"","_monsterinsights_sitenote_category":0,"jnews-multi-image_gallery":[],"jnews_single_post":{"format":"standard"},"jnews_primary_category":[],"_joinchat":[],"footnotes":""},"categories":[58],"tags":[119,154,103],"class_list":["post-15702","post","type-post","status-publish","format-standard","has-post-thumbnail","hentry","category-noticiariachuelo","tag-derechos-humanos","tag-economia-popular-2","tag-movimientos-populares"],"_links":{"self":[{"href":"http:\/\/fmriachuelo.it10.com.ar\/index.php\/wp-json\/wp\/v2\/posts\/15702","targetHints":{"allow":["GET"]}}],"collection":[{"href":"http:\/\/fmriachuelo.it10.com.ar\/index.php\/wp-json\/wp\/v2\/posts"}],"about":[{"href":"http:\/\/fmriachuelo.it10.com.ar\/index.php\/wp-json\/wp\/v2\/types\/post"}],"author":[{"embeddable":true,"href":"http:\/\/fmriachuelo.it10.com.ar\/index.php\/wp-json\/wp\/v2\/users\/5"}],"replies":[{"embeddable":true,"href":"http:\/\/fmriachuelo.it10.com.ar\/index.php\/wp-json\/wp\/v2\/comments?post=15702"}],"version-history":[{"count":1,"href":"http:\/\/fmriachuelo.it10.com.ar\/index.php\/wp-json\/wp\/v2\/posts\/15702\/revisions"}],"predecessor-version":[{"id":22191,"href":"http:\/\/fmriachuelo.it10.com.ar\/index.php\/wp-json\/wp\/v2\/posts\/15702\/revisions\/22191"}],"wp:featuredmedia":[{"embeddable":true,"href":"http:\/\/fmriachuelo.it10.com.ar\/index.php\/wp-json\/wp\/v2\/media\/15703"}],"wp:attachment":[{"href":"http:\/\/fmriachuelo.it10.com.ar\/index.php\/wp-json\/wp\/v2\/media?parent=15702"}],"wp:term":[{"taxonomy":"category","embeddable":true,"href":"http:\/\/fmriachuelo.it10.com.ar\/index.php\/wp-json\/wp\/v2\/categories?post=15702"},{"taxonomy":"post_tag","embeddable":true,"href":"http:\/\/fmriachuelo.it10.com.ar\/index.php\/wp-json\/wp\/v2\/tags?post=15702"}],"curies":[{"name":"wp","href":"https:\/\/api.w.org\/{rel}","templated":true}]}}