{"id":15695,"date":"2022-06-22T22:10:30","date_gmt":"2022-06-22T22:10:30","guid":{"rendered":"http:\/\/fmriachuelo.com.ar\/?p=15695"},"modified":"2025-03-21T17:35:49","modified_gmt":"2025-03-21T20:35:49","slug":"reunion-de-la-utep-y-la-cgt-el-problema-de-la-inflacion-perjudica-a-toda-la-clase-trabajadora","status":"publish","type":"post","link":"http:\/\/fmriachuelo.it10.com.ar\/index.php\/2022\/06\/22\/reunion-de-la-utep-y-la-cgt-el-problema-de-la-inflacion-perjudica-a-toda-la-clase-trabajadora\/","title":{"rendered":"REUNI\u00d3N DE LA UTEP Y LA CGT: \u201cEL PROBLEMA DE LA INFLACI\u00d3N PERJUDICA A TODA LA CLASE TRABAJADORA\u201d"},"content":{"rendered":"<p><b>[FM Riachuelo, 22\/6\/2022] Durante el d\u00eda de ayer, integrantes del Ejecutivo Nacional de la Uni\u00f3n de Trabajadores y Trabajadoras de la Econom\u00eda Popular (UTEP) participaron en una reuni\u00f3n junto con Pablo Moyano, integrante del Secretariado General de la Central General del Trabajo (CGT) y secretario adjunto del Sindicato de Camioneros, acompa\u00f1ado por otros referentes de la Central. A partir de este hecho, hoy realizamos una entrevista a Esteban \u201cGringo\u201d Castro, secretario general de la UTEP, para que comparta su mirada sobre la reuni\u00f3n.<\/b><\/p>\n<p><span style=\"font-weight: 400\">Seg\u00fan nos comparte el Gringo, en una charla que abord\u00f3 la cuesti\u00f3n del trabajo y se pudo poner en com\u00fan lo que se hace desde la Econom\u00eda Popular con el trabajo tradicional vinculado al empleo, fue posible encontrar puntos de coincidencia relacionados a las problem\u00e1ticas de la clase trabajadora en su conjunto.<\/span><\/p>\n<p><span style=\"font-weight: 400\"><img loading=\"lazy\" decoding=\"async\" class=\" wp-image-15698 alignright\" src=\"http:\/\/fmriachuelo.com.ar\/wp-content\/uploads\/2022\/06\/288020484_338885041760846_2510116535727616660_n-300x225.jpg\" alt=\"\" width=\"303\" height=\"227\" srcset=\"http:\/\/fmriachuelo.it10.com.ar\/wp-content\/uploads\/2022\/06\/288020484_338885041760846_2510116535727616660_n-300x225.jpg 300w, http:\/\/fmriachuelo.it10.com.ar\/wp-content\/uploads\/2022\/06\/288020484_338885041760846_2510116535727616660_n-768x576.jpg 768w, http:\/\/fmriachuelo.it10.com.ar\/wp-content\/uploads\/2022\/06\/288020484_338885041760846_2510116535727616660_n-750x563.jpg 750w, http:\/\/fmriachuelo.it10.com.ar\/wp-content\/uploads\/2022\/06\/288020484_338885041760846_2510116535727616660_n.jpg 1024w\" sizes=\"auto, (max-width: 303px) 100vw, 303px\" \/>\u201d<\/span><i><span style=\"font-weight: 400\">Hay un punto en com\u00fan de preocupaci\u00f3n en relaci\u00f3n a todo lo que tiene que ver con la inflaci\u00f3n. El 8 de junio, cuando hicimos la movilizaci\u00f3n a la COPAL y a la bolsa de cereales, ah\u00ed hubo distintas posiciones en relaci\u00f3n a c\u00f3mo dar esa pelea, pero a veces es muy simple: tenemos el problema, estamos todos de acuerdo, el problema de la inflaci\u00f3n y sobre todo la remarcaci\u00f3n de los precios de los alimentos nos perjudica a toda la clase trabajadora. Ya ah\u00ed tenemos un punto en com\u00fan de c\u00f3mo ejercemos una fuerza de movilizaci\u00f3n en unidad con la mayor cantidad de sectores posibles. De ah\u00ed vamos a empezar a trabajar para construir una movilizaci\u00f3n con esas caracter\u00edsticas<\/span><\/i><span style=\"font-weight: 400\">\u201d, expres\u00f3 el secretario general de la UTEP.<\/span><\/p>\n<p><span style=\"font-weight: 400\">Puesta arriba de la mesa la problem\u00e1tica que padece nuestro pueblo en relaci\u00f3n con los alimentos, profundiz\u00f3: \u201c<\/span><i><span style=\"font-weight: 400\">El porcentaje m\u00e1s alto del gasto que tiene la Argentina es el alimento. Eso, si sigue as\u00ed, lo que va a generar es un nivel de conflicto que nos va a perjudicar a todos. Entonces nosotros tenemos que visibilizar qui\u00e9nes son esos sectores y pedirles, como nos piden a todos, que rindan cuentas. Cu\u00e1nto es que ganas, cu\u00e1nto son tus costos, cu\u00e1nto impuesto pag\u00e1s tanto que dicen que pagan muchos impuestos, \u00bfpor qu\u00e9 no se puede poner eso de cara al pueblo? Donde tenes la plata, donde la guardas\u2026<\/span><\/i><span style=\"font-weight: 400\">\u201d.\u00a0<\/span><\/p>\n<p><span style=\"font-weight: 400\">\u201c<\/span><i><span style=\"font-weight: 400\">Todos est\u00e1n preocupados por saber qu\u00e9 hacemos los Movimientos Sociales con la plata, que lo \u00fanico que hacemos es tratar de generar trabajo, para volver a recuperar esa dignidad. Ahora parece que est\u00e1n preocupados todos los gobernadores. Que empiecen a preocuparse por los que ganan tanta plata y nadie sabe cu\u00e1nto ganan <\/span><\/i><span style=\"font-weight: 400\">[en referencia a los empresarios como Braun]<\/span><i><span style=\"font-weight: 400\">. Eso es algo que los trabajadores tenemos que empezar a poner sobre la mesa. \u00bfSi hay mucha pobreza no ser\u00e1 que hay mucha riqueza en pocas manos?<\/span><\/i><span style=\"font-weight: 400\">\u201d, continu\u00f3.<\/span><\/p>\n<p><span style=\"font-weight: 400\">Sobre estos empresarios, tambi\u00e9n se\u00f1al\u00f3: \u201c<\/span><i><span style=\"font-weight: 400\">La desigualdad tenemos que lograr que le haga ruido. O le hace ruido y viene al barrio a aprender de los compa\u00f1eros, o el ruido hay que hac\u00e9rselo a ellos, la fiesta se la vamos a llevar hasta la casa, a su casa matriz, sus empresas, lo que sea para decirle que el nivel de poder de concentraci\u00f3n desmedida son los peores pecados<\/span><\/i><span style=\"font-weight: 400\">\u201d.<\/span><\/p>\n<p><strong><a href=\"https:\/\/ar.radiocut.fm\/audiocut\/entrevista-al-gringo-castro-1\/\">Escuch\u00e1 la entrevista completa<\/a>*<\/strong><\/p>\n<p>*Hacia el final de la entrevista, esta fue interrumpida por un corte del servicio el\u00e9ctrico en el edificio.<\/p>\n","protected":false},"excerpt":{"rendered":"<p>[FM Riachuelo, 22\/6\/2022] Durante el d\u00eda de ayer, integrantes del Ejecutivo Nacional de la Uni\u00f3n de Trabajadores y Trabajadoras de la Econom\u00eda Popular (UTEP) participaron en una reuni\u00f3n junto con Pablo Moyano, integrante del Secretariado General de la Central General del Trabajo (CGT) y secretario adjunto del Sindicato de Camioneros, acompa\u00f1ado por otros referentes de [&hellip;]<\/p>\n","protected":false},"author":5,"featured_media":15697,"comment_status":"closed","ping_status":"closed","sticky":false,"template":"","format":"standard","meta":{"_monsterinsights_skip_tracking":false,"_monsterinsights_sitenote_active":false,"_monsterinsights_sitenote_note":"","_monsterinsights_sitenote_category":0,"jnews-multi-image_gallery":[],"jnews_single_post":{"format":"standard"},"jnews_primary_category":[],"_joinchat":[],"footnotes":""},"categories":[61],"tags":[64,148],"class_list":["post-15695","post","type-post","status-publish","format-standard","has-post-thumbnail","hentry","category-especiales-riachuelo","tag-economia-popular","tag-trabajo"],"_links":{"self":[{"href":"http:\/\/fmriachuelo.it10.com.ar\/index.php\/wp-json\/wp\/v2\/posts\/15695","targetHints":{"allow":["GET"]}}],"collection":[{"href":"http:\/\/fmriachuelo.it10.com.ar\/index.php\/wp-json\/wp\/v2\/posts"}],"about":[{"href":"http:\/\/fmriachuelo.it10.com.ar\/index.php\/wp-json\/wp\/v2\/types\/post"}],"author":[{"embeddable":true,"href":"http:\/\/fmriachuelo.it10.com.ar\/index.php\/wp-json\/wp\/v2\/users\/5"}],"replies":[{"embeddable":true,"href":"http:\/\/fmriachuelo.it10.com.ar\/index.php\/wp-json\/wp\/v2\/comments?post=15695"}],"version-history":[{"count":1,"href":"http:\/\/fmriachuelo.it10.com.ar\/index.php\/wp-json\/wp\/v2\/posts\/15695\/revisions"}],"predecessor-version":[{"id":22193,"href":"http:\/\/fmriachuelo.it10.com.ar\/index.php\/wp-json\/wp\/v2\/posts\/15695\/revisions\/22193"}],"wp:featuredmedia":[{"embeddable":true,"href":"http:\/\/fmriachuelo.it10.com.ar\/index.php\/wp-json\/wp\/v2\/media\/15697"}],"wp:attachment":[{"href":"http:\/\/fmriachuelo.it10.com.ar\/index.php\/wp-json\/wp\/v2\/media?parent=15695"}],"wp:term":[{"taxonomy":"category","embeddable":true,"href":"http:\/\/fmriachuelo.it10.com.ar\/index.php\/wp-json\/wp\/v2\/categories?post=15695"},{"taxonomy":"post_tag","embeddable":true,"href":"http:\/\/fmriachuelo.it10.com.ar\/index.php\/wp-json\/wp\/v2\/tags?post=15695"}],"curies":[{"name":"wp","href":"https:\/\/api.w.org\/{rel}","templated":true}]}}