{"id":1568,"date":"2015-11-27T16:52:00","date_gmt":"2015-11-27T16:52:00","guid":{"rendered":"http:\/\/fmriachuelo.observatorioess.org.ar\/index.php\/2015\/11\/27\/la-boca-la-legislatura-cedio-el-espacio-del-paseo-martin-oso-cisneros\/"},"modified":"2015-11-27T16:52:00","modified_gmt":"2015-11-27T16:52:00","slug":"la-boca-la-legislatura-cedio-el-espacio-del-paseo-martin-oso-cisneros","status":"publish","type":"post","link":"http:\/\/fmriachuelo.it10.com.ar\/index.php\/2015\/11\/27\/la-boca-la-legislatura-cedio-el-espacio-del-paseo-martin-oso-cisneros\/","title":{"rendered":"LA BOCA: LA LEGISLATURA CEDI\u00d3 EL ESPACIO DEL PASEO MART\u00cdN \u00abOSO\u00bb CISNEROS"},"content":{"rendered":"<p><span style=\"font-size: large\"><span><span><span style=\"color: black\"><span style=\"font-size: small\">ECONOM\u00cdA POPULAR<\/span><\/span><\/span><\/span><\/span><br \/><span style=\"font-size: large\"><span><span><b>UNA CONQUISTA DE LA LUCHA ORGANIZADA<\/b><\/span><\/span><\/span><br \/><span>CESI\u00d3N EN COMODATO DEL PREDIO DE LA FERIA DE LA ECONOM\u00cdA POPULAR A LA ASOCIACI\u00d3N CIVIL \u00abLOS PIBES\u00bb<\/span><span style=\"font-size: small\"><span><br \/><\/span><\/span><span style=\"font-size: small\"><span><\/span><\/span><\/p>\n<div style=\"text-align: justify\"><span style=\"font-size: small\"><span><span>[FMR 27\/11\/15] En el d\u00eda de ayer la Legislatura de la Ciudad de Buenos Aires aprob\u00f3 la cesi\u00f3n en comodato por 20 a\u00f1os del espacio del Paseo Mart\u00edn Oso Cisneros, donde actualmente funciona un mercado de econom\u00eda popular. Cada s\u00e1bado se realiza una feria que acerca los productos del productor al trabajador, frescos y sin intermediarios. Una realidad conquistada con la lucha de distintas organizaciones que bregan por alcanzar la soberan\u00eda alimentaria, para no quedar en manos de los grandes grupos concentrados que especulan la alimentaci\u00f3n de los sectores populares, que son los que sostienen las econom\u00edas.<\/span><\/span><\/span><br \/><a name='more'><\/a><\/div>\n<p><span style=\"font-size: small\"><span><span><\/span><\/span><\/span><span style=\"font-size: small\"><span><span><\/span><\/span><\/span><\/p>\n<div style=\"text-align: justify\"><span style=\"font-size: small\"><span><span>El legislador Jorge Taiana, del FPV, fue el impulsor del proyecto y as\u00ed se expresaba:<\/span><\/span><\/span><\/div>\n<p><span style=\"font-size: small\"><span><span><\/p>\n<div style=\"text-align: justify\">&#8211; En la sesi\u00f3n de hoy de la Legislatura Porte\u00f1a aprobamos por unanimidad un proyecto de mi autor\u00eda que establece la cesi\u00f3n en comodato del predio utilizado para la Feria de la Econom\u00eda Social, Popular y Solidaria \u00abMart\u00edn &#8216;Oso&#8217; Cisneros\u00bb a la Asociaci\u00f3n Civil \u00abLos Pibes\u00bb.<\/div>\n<div style=\"text-align: justify\">Todos conocemos a la organizaci\u00f3n Los Pibes, sabemos de la obra que realizan, as\u00ed que estamos muy contentos por haber aprobado la primera lectura de este proyecto de ley. Es una ley de doble lectura, con audiencia p\u00fablica en el medio; pero hoy dimos un paso fundamental con un amplio apoyo, por lo que estamos muy contentos<span style=\"font-size: small\">.<\/span><\/div>\n<p><\/span><\/span><\/span><\/p>\n","protected":false},"excerpt":{"rendered":"<p>ECONOM\u00cdA POPULARUNA CONQUISTA DE LA LUCHA ORGANIZADACESI\u00d3N EN COMODATO DEL PREDIO DE LA FERIA DE LA ECONOM\u00cdA POPULAR A LA ASOCIACI\u00d3N CIVIL \u00abLOS PIBES\u00bb [FMR 27\/11\/15] En el d\u00eda de ayer la Legislatura de la Ciudad de Buenos Aires aprob\u00f3 la cesi\u00f3n en comodato por 20 a\u00f1os del espacio del Paseo Mart\u00edn Oso Cisneros, donde [&hellip;]<\/p>\n","protected":false},"author":4,"featured_media":0,"comment_status":"open","ping_status":"open","sticky":false,"template":"","format":"standard","meta":{"_monsterinsights_skip_tracking":false,"_monsterinsights_sitenote_active":false,"_monsterinsights_sitenote_note":"","_monsterinsights_sitenote_category":0,"jnews-multi-image_gallery":[],"jnews_single_post":[],"jnews_primary_category":[],"_joinchat":[],"footnotes":""},"categories":[78],"tags":[],"class_list":["post-1568","post","type-post","status-publish","format-standard","hentry","category-economia-popular"],"_links":{"self":[{"href":"http:\/\/fmriachuelo.it10.com.ar\/index.php\/wp-json\/wp\/v2\/posts\/1568","targetHints":{"allow":["GET"]}}],"collection":[{"href":"http:\/\/fmriachuelo.it10.com.ar\/index.php\/wp-json\/wp\/v2\/posts"}],"about":[{"href":"http:\/\/fmriachuelo.it10.com.ar\/index.php\/wp-json\/wp\/v2\/types\/post"}],"author":[{"embeddable":true,"href":"http:\/\/fmriachuelo.it10.com.ar\/index.php\/wp-json\/wp\/v2\/users\/4"}],"replies":[{"embeddable":true,"href":"http:\/\/fmriachuelo.it10.com.ar\/index.php\/wp-json\/wp\/v2\/comments?post=1568"}],"version-history":[{"count":0,"href":"http:\/\/fmriachuelo.it10.com.ar\/index.php\/wp-json\/wp\/v2\/posts\/1568\/revisions"}],"wp:attachment":[{"href":"http:\/\/fmriachuelo.it10.com.ar\/index.php\/wp-json\/wp\/v2\/media?parent=1568"}],"wp:term":[{"taxonomy":"category","embeddable":true,"href":"http:\/\/fmriachuelo.it10.com.ar\/index.php\/wp-json\/wp\/v2\/categories?post=1568"},{"taxonomy":"post_tag","embeddable":true,"href":"http:\/\/fmriachuelo.it10.com.ar\/index.php\/wp-json\/wp\/v2\/tags?post=1568"}],"curies":[{"name":"wp","href":"https:\/\/api.w.org\/{rel}","templated":true}]}}