{"id":15672,"date":"2022-06-18T18:10:10","date_gmt":"2022-06-18T18:10:10","guid":{"rendered":"http:\/\/fmriachuelo.com.ar\/?p=15672"},"modified":"2025-03-21T17:41:30","modified_gmt":"2025-03-21T20:41:30","slug":"panel-abierto-los-juicios-por-crimenes-de-lesa-humanidad-y-sus-desafios-para-la-comunicacion","status":"publish","type":"post","link":"http:\/\/fmriachuelo.it10.com.ar\/index.php\/2022\/06\/18\/panel-abierto-los-juicios-por-crimenes-de-lesa-humanidad-y-sus-desafios-para-la-comunicacion\/","title":{"rendered":"PANEL ABIERTO: \u00abLOS JUICIOS POR CR\u00cdMENES DE LESA HUMANIDAD Y SUS DESAF\u00cdOS PARA LA COMUNICACI\u00d3N\u00bb"},"content":{"rendered":"<p><b>[FM Riachuelo, 18\/6\/2022] El jueves 16 de junio en la Universidad Nacional de Avellaneda (UNDAV) y a trav\u00e9s de su Escuela de Posgrado, se desarroll\u00f3 el panel abierto \u201cLos juicios por cr\u00edmenes de lesa humanidad y sus desaf\u00edos para la comunicaci\u00f3n\u201d. El mismo se realiz\u00f3 a las 18 horas y fue transmitido a trav\u00e9s del canal de YouTube de la Especializaci\u00f3n en Comunicaci\u00f3n y Derechos Humanos de dicha instituci\u00f3n. Cont\u00f3 con la participaci\u00f3n de Mercedes Soiza Reilly, Fiscal Causa ESMA unificada, Fernando Tebele, La Retaguardia, Mar\u00eda Paula Doberti y Eugenia Bekeris, Dibujos Urgentes.<\/b><\/p>\n<p><span style=\"font-weight: 400\">El panel fue la \u00faltima actividad en el marco del seminario <\/span><b>\u201cDerechos Humanos, Poder Judicial y Periodismo\u201d <\/b><span style=\"font-weight: 400\">que se encuentra dentro de la especializaci\u00f3n. Tuvo como objetivo explorar el proceso de justicia por los cuales se juzgan los cr\u00edmenes de la \u00faltima dictadura c\u00edvico militar contando con la experiencia de los participantes, el balance de lo realizado y los desaf\u00edos que encuentran en el proceso a la hora de comunicarlos..<\/span><\/p>\n<p><b>Mercedes Soiza Reilly<\/b><span style=\"font-weight: 400\"> comenz\u00f3 agradeciendo la invitaci\u00f3n y expresando la importancia de que se visibilice la tarea que se da en los juicios en argentina: \u201c<\/span><i><span style=\"font-weight: 400\">Los juicios orales y p\u00fablicos han abierto una gran posibilidad de <\/span><\/i><b><i>control ciudadano <\/i><\/b><i><span style=\"font-weight: 400\">a la tarea de las y los jueces, de los y las fiscales y de las partes involucradas en los juicios y que <\/span><\/i><b><i>permitieron a la ciudadan\u00eda interiorizarse sobre nuestro pasado reciente.<\/i><\/b><i><span style=\"font-weight: 400\"> Que se conozca esa parte de la historia argentina de primera voz, es decir por sus protagonistas\u201d. <\/span><\/i><span style=\"font-weight: 400\">A la vez destaca lo que considera como los <\/span><b>dos principios fundamentales<\/b><span style=\"font-weight: 400\"> en los que la justicia debe profundizar que son: <\/span><i><span style=\"font-weight: 400\">\u201cLa <\/span><\/i><b><i>publicidad de las actuaciones judiciales<\/i><\/b><i><span style=\"font-weight: 400\"> y el <\/span><\/i><b><i>derecho a la informaci\u00f3n p\u00fablica<\/i><\/b><i><span style=\"font-weight: 400\">. Uno busca <\/span><\/i><b><i>proteger la integridad del proceso<\/i><\/b><i><span style=\"font-weight: 400\"> y el otro busca <\/span><\/i><b><i>contribuir a la formaci\u00f3n de la opini\u00f3n p\u00fablica sobre asuntos de inter\u00e9s general<\/i><\/b><i><span style=\"font-weight: 400\">\u201d.<\/span><\/i><\/p>\n<p><span style=\"font-weight: 400\">Para finalizar su intervenci\u00f3n<\/span> <span style=\"font-weight: 400\">agreg\u00f3<\/span><i><span style=\"font-weight: 400\"> \u201cHay que<\/span><\/i><b><i> lograr el control de la sociedad sobre el sistema judicial.<\/i><\/b><i><span style=\"font-weight: 400\"> Y es <\/span><\/i><b><i>fundamental que todos los poderes del Estado<\/i><\/b><i><span style=\"font-weight: 400\">, incluido el judicial<\/span><\/i><b><i>, promuevan la participaci\u00f3n ciudadana<\/i><\/b><i><span style=\"font-weight: 400\"> por canales que se adec\u00faen a los momentos hist\u00f3ricos que se viven ya que <\/span><\/i><b><i>el derecho a la informaci\u00f3n es un derecho humano fundamental<\/i><\/b><i><span style=\"font-weight: 400\"> que debemos respetar y que sea efectivo\u201d.<\/span><\/i><\/p>\n<p><span style=\"font-weight: 400\"><img loading=\"lazy\" decoding=\"async\" class=\" wp-image-15674 alignleft\" src=\"http:\/\/fmriachuelo.com.ar\/wp-content\/uploads\/2022\/06\/TEBELE-300x135.jpeg\" alt=\"\" width=\"409\" height=\"184\" srcset=\"http:\/\/fmriachuelo.it10.com.ar\/wp-content\/uploads\/2022\/06\/TEBELE-300x135.jpeg 300w, http:\/\/fmriachuelo.it10.com.ar\/wp-content\/uploads\/2022\/06\/TEBELE-1024x461.jpeg 1024w, http:\/\/fmriachuelo.it10.com.ar\/wp-content\/uploads\/2022\/06\/TEBELE-768x346.jpeg 768w, http:\/\/fmriachuelo.it10.com.ar\/wp-content\/uploads\/2022\/06\/TEBELE-750x338.jpeg 750w, http:\/\/fmriachuelo.it10.com.ar\/wp-content\/uploads\/2022\/06\/TEBELE-1140x513.jpeg 1140w, http:\/\/fmriachuelo.it10.com.ar\/wp-content\/uploads\/2022\/06\/TEBELE.jpeg 1280w\" sizes=\"auto, (max-width: 409px) 100vw, 409px\" \/>Luego tom\u00f3 la palabra <\/span><b>Fernando Tebele<\/b><span style=\"font-weight: 400\">, editor responsable de La Retaguardia, medio comunitario autogestivo. Tebele realiz\u00f3 un relato de los comienzos del medio y como se fue desarrollando el proceso de acompa\u00f1amiento y difusi\u00f3n de los juicios de lesa humanidad en primer t\u00e9rmino, para luego acompa\u00f1ar y difundir tambi\u00e9n los juicios por violencia institucional. Marca una diferencia a la hora de realizar las coberturas que tienen los medios comunitarios autogestivos y la\u00a0 forma por la que optan los\u00a0 medios tradicionales o hegem\u00f3nicos, porque cubren solamente la primer audiencia y cierran el d\u00eda del veredicto y con respecto al tema destac\u00f3: <\/span><i><span style=\"font-weight: 400\">\u201cLos juicios merecen ser vistos porque <\/span><\/i><b><i>lo m\u00e1s importante no sucede el d\u00eda de la sentencia sino en el transcurrir del juicio<\/i><\/b><i><span style=\"font-weight: 400\">\u201d.<\/span><\/i><\/p>\n<p><span style=\"font-weight: 400\">Cont\u00f3 las dificultades y trabas que se presentaron al solicitar los permisos para que los juicios sean transmitidos en vivo, debido a la molestia que este pedido provocaba en un sector del poder judicial que no est\u00e1 dispuesto a que su proceder sea expuesto ante la ciudadan\u00eda. Resalta que en los <\/span><b>Tribunales de Comodoro Py<\/b><span style=\"font-weight: 400\"> fue muy complejo empezar a hacer la transmisi\u00f3n completa del juicio, pero finalmente y en algunos casos se logr\u00f3.<\/span><\/p>\n<p><i><span style=\"font-weight: 400\">\u201cEl tribunal 4\u00ba de San Mart\u00edn, donde se desarroll\u00f3 el <\/span><\/i><b><i>juicio a la represi\u00f3n de La Contraofensiva de Montoneros,<\/i><\/b><i><span style=\"font-weight: 400\"> fue el primero en aceptar la propuesta de transmitir el juicio completo y el suceso fue notable\u201d <\/span><\/i><span style=\"font-weight: 400\">destaca Fernando y agrega <\/span><i><span style=\"font-weight: 400\">\u201cLa pandemia abri\u00f3 la posibilidad de que <\/span><\/i><b><i>estos juicios fueran vistos por miles de personas<\/i><\/b><i><span style=\"font-weight: 400\">, debido a que comenzaron a realizarse de forma virtual y el aislamiento generaba tiempo disponible a quienes quisieran verlo. Una vez superado el aislamiento <\/span><\/i><b><i>la participaci\u00f3n sigui\u00f3 siendo numerosa<\/i><\/b><i><span style=\"font-weight: 400\">, quiz\u00e1 no en vivo pero si en visualizaciones posteriores\u201d.<\/span><\/i><\/p>\n<p><span style=\"font-weight: 400\">Para finalizar destaca que La Retaguardia fue invitada en 2021 a un debate acerca del contenido de un <\/span><b>C\u00f3digo de \u00c9tica de los medios p\u00fablicos<\/b><span style=\"font-weight: 400\"> donde llevaron la propuesta de que la Tv P\u00fablica tuviera la <\/span><b>obligaci\u00f3n de comunicar<\/b><span style=\"font-weight: 400\"> aquellos juicios donde <\/span><b>el Estado hubiera sido victimario<\/b><span style=\"font-weight: 400\"> y esta propuesta fue aceptada y pas\u00f3 a forma parte de dicho c\u00f3digo, aunque eso solo no alcanza y destac\u00f3:\u00a0 <\/span><i><span style=\"font-weight: 400\">\u201cEl desaf\u00edo es dejar de ser <\/span><\/i><b><i>el \u00fanico medio<\/i><\/b><i><span style=\"font-weight: 400\"> que se encarga de esta transmisi\u00f3n. La idea es difundir m\u00e1s all\u00e1 de nosotros, por eso <\/span><\/i><b><i>compartimos transmisiones con otros medios de comunicaci\u00f3n<\/i><\/b><i><span style=\"font-weight: 400\"> que se suman al acompa\u00f1amiento y difusi\u00f3n de las instancias judiciales. Desde el medio que tengamos, as\u00ed sea el programa de una hora alquilada en una radio de un barrio o sea la posibilidad de que miles de personas te vean desde un canal de televisi\u00f3n, <\/span><\/i><b><i>tenemos la responsabilidad de hacerlo llegar a m\u00e1s gente<\/i><\/b><i><span style=\"font-weight: 400\">\u201d.<\/span><\/i><\/p>\n<p><img loading=\"lazy\" decoding=\"async\" class=\" wp-image-15675 aligncenter\" src=\"http:\/\/fmriachuelo.com.ar\/wp-content\/uploads\/2022\/06\/ZOOM-300x135.jpeg\" alt=\"\" width=\"436\" height=\"196\" srcset=\"http:\/\/fmriachuelo.it10.com.ar\/wp-content\/uploads\/2022\/06\/ZOOM-300x135.jpeg 300w, http:\/\/fmriachuelo.it10.com.ar\/wp-content\/uploads\/2022\/06\/ZOOM-1024x461.jpeg 1024w, http:\/\/fmriachuelo.it10.com.ar\/wp-content\/uploads\/2022\/06\/ZOOM-768x346.jpeg 768w, http:\/\/fmriachuelo.it10.com.ar\/wp-content\/uploads\/2022\/06\/ZOOM-1536x691.jpeg 1536w, http:\/\/fmriachuelo.it10.com.ar\/wp-content\/uploads\/2022\/06\/ZOOM-750x338.jpeg 750w, http:\/\/fmriachuelo.it10.com.ar\/wp-content\/uploads\/2022\/06\/ZOOM-1140x513.jpeg 1140w, http:\/\/fmriachuelo.it10.com.ar\/wp-content\/uploads\/2022\/06\/ZOOM.jpeg 1600w\" sizes=\"auto, (max-width: 436px) 100vw, 436px\" \/><\/p>\n<p><b>Dibujos Urgentes<\/b><span style=\"font-weight: 400\"> es el resultado de un proyecto generado por <\/span><b>H.I.J.O.S.<\/b><span style=\"font-weight: 400\"> (<\/span><b>Hijas e Hijos por la Identidad y la Justicia contra el Olvido y el Silencio<\/b><span style=\"font-weight: 400\">) que convoc\u00f3 a las artistas <\/span><b>Eugenia Bekeris<\/b><span style=\"font-weight: 400\"> y\u00a0 <\/span><b>Mar\u00eda Paula Doberti<\/b><span style=\"font-weight: 400\"> a participar desde su pr\u00e1ctica de dibujantes en los procesos judiciales que vienen teniendo lugar desde el a\u00f1o 2003 por cr\u00edmenes de lesa humanidad cometidos durante el terrorismo de Estado en Argentina. Este proceso se hizo efectivo a partir del 2010. <\/span><i><span style=\"font-weight: 400\">\u201cEl tema parte desde el momento en que <\/span><\/i><b><i>los juicios no pod\u00edan ser transmitidos, no permit\u00edan fotos, lo que se pod\u00eda hacer era dibujar<\/i><\/b><i><span style=\"font-weight: 400\"> y por eso nos convocaron\u201d<\/span><\/i><span style=\"font-weight: 400\"> se\u00f1ala Doberti y agrega <\/span><i><span style=\"font-weight: 400\">\u201cA trav\u00e9s del dibujo se mostraban a los <\/span><\/i><b><i>testigos v\u00edctimas, a los testigos y a los victimarios.<\/i><\/b><i><span style=\"font-weight: 400\"> Tambi\u00e9n detallamos de forma escrita los dichos de los que participaban\u201d.<\/span><\/i><\/p>\n<p><b>Eugenia Bekeris <\/b><span style=\"font-weight: 400\">explic\u00f3 que dibujando dan visibilidad a lo que sucede en el recinto de los juicios de Lesa Humanidad, a trav\u00e9s de nuevas estrategias de un dibujo en<\/span><span style=\"font-weight: 400\"> acci\u00f3n o un croquis atravesado por las emociones. Destaca tambi\u00e9n que no son ellas solas sino que participan varios dibujantes.\u00a0 Para finalizar expres\u00f3 <\/span><i><span style=\"font-weight: 400\">\u201cMientras sigan los juicios de Lesa Humanidad vamos a estar presentes porque adem\u00e1s de todo lo que hemos logrado, <\/span><\/i><b><i>nos importa estar ah\u00ed como testigos de los testigos y testimonios volcados<\/i><\/b><i><span style=\"font-weight: 400\">\u201d.<\/span><\/i><\/p>\n<p><span style=\"font-weight: 400\">La <\/span><b>Especializaci\u00f3n en Comunicaci\u00f3n y Derechos Humanos de la UNDAV<\/b><span style=\"font-weight: 400\"> es dirigida por la doctora Cynthia Ottaviano, tiene como objetivo principal la formaci\u00f3n integral de profesionales en la perspectiva de los derechos humanos, capaces de indagar, problematizar, investigar y desarrollar un trabajo period\u00edstico que <\/span><b>contribuya a la democratizaci\u00f3n de la comunicaci\u00f3n y a una sociedad m\u00e1s igualitaria<\/b><span style=\"font-weight: 400\">. La presentaci\u00f3n se realiz\u00f3 tambi\u00e9n en el marco del proyecto presentado de C\u00e1tedra Unesco <\/span><b>\u201cComunicaci\u00f3n p\u00fablica para la justicia social, los derechos humanos y el desarrollo territorial\u201d.<\/b><\/p>\n<p><span style=\"font-weight: 400\">\u00a0<\/span><\/p>\n<p><span style=\"font-weight: 400\">Para acceder al encuentro<\/span><\/p>\n<div class=\"jeg_video_container jeg_video_content\"><iframe loading=\"lazy\" title=\"Los cr\u00edmenes de lesa humanidad y sus desaf\u00edos para la comunicaci\u00f3n&quot;.\" width=\"500\" height=\"281\" src=\"https:\/\/www.youtube.com\/embed\/BU8py5EZEZA?feature=oembed\" frameborder=\"0\" allow=\"accelerometer; autoplay; clipboard-write; encrypted-media; gyroscope; picture-in-picture; web-share\" referrerpolicy=\"strict-origin-when-cross-origin\" allowfullscreen><\/iframe><\/div>\n","protected":false},"excerpt":{"rendered":"<p>[FM Riachuelo, 18\/6\/2022] El jueves 16 de junio en la Universidad Nacional de Avellaneda (UNDAV) y a trav\u00e9s de su Escuela de Posgrado, se desarroll\u00f3 el panel abierto \u201cLos juicios por cr\u00edmenes de lesa humanidad y sus desaf\u00edos para la comunicaci\u00f3n\u201d. El mismo se realiz\u00f3 a las 18 horas y fue transmitido a trav\u00e9s del [&hellip;]<\/p>\n","protected":false},"author":5,"featured_media":15673,"comment_status":"closed","ping_status":"closed","sticky":false,"template":"","format":"standard","meta":{"_monsterinsights_skip_tracking":false,"_monsterinsights_sitenote_active":false,"_monsterinsights_sitenote_note":"","_monsterinsights_sitenote_category":0,"jnews-multi-image_gallery":[],"jnews_single_post":{"format":"standard"},"jnews_primary_category":[],"_joinchat":[],"footnotes":""},"categories":[61],"tags":[108,119,101],"class_list":["post-15672","post","type-post","status-publish","format-standard","has-post-thumbnail","hentry","category-especiales-riachuelo","tag-comunicacion-popular","tag-derechos-humanos","tag-educacion"],"_links":{"self":[{"href":"http:\/\/fmriachuelo.it10.com.ar\/index.php\/wp-json\/wp\/v2\/posts\/15672","targetHints":{"allow":["GET"]}}],"collection":[{"href":"http:\/\/fmriachuelo.it10.com.ar\/index.php\/wp-json\/wp\/v2\/posts"}],"about":[{"href":"http:\/\/fmriachuelo.it10.com.ar\/index.php\/wp-json\/wp\/v2\/types\/post"}],"author":[{"embeddable":true,"href":"http:\/\/fmriachuelo.it10.com.ar\/index.php\/wp-json\/wp\/v2\/users\/5"}],"replies":[{"embeddable":true,"href":"http:\/\/fmriachuelo.it10.com.ar\/index.php\/wp-json\/wp\/v2\/comments?post=15672"}],"version-history":[{"count":1,"href":"http:\/\/fmriachuelo.it10.com.ar\/index.php\/wp-json\/wp\/v2\/posts\/15672\/revisions"}],"predecessor-version":[{"id":22199,"href":"http:\/\/fmriachuelo.it10.com.ar\/index.php\/wp-json\/wp\/v2\/posts\/15672\/revisions\/22199"}],"wp:featuredmedia":[{"embeddable":true,"href":"http:\/\/fmriachuelo.it10.com.ar\/index.php\/wp-json\/wp\/v2\/media\/15673"}],"wp:attachment":[{"href":"http:\/\/fmriachuelo.it10.com.ar\/index.php\/wp-json\/wp\/v2\/media?parent=15672"}],"wp:term":[{"taxonomy":"category","embeddable":true,"href":"http:\/\/fmriachuelo.it10.com.ar\/index.php\/wp-json\/wp\/v2\/categories?post=15672"},{"taxonomy":"post_tag","embeddable":true,"href":"http:\/\/fmriachuelo.it10.com.ar\/index.php\/wp-json\/wp\/v2\/tags?post=15672"}],"curies":[{"name":"wp","href":"https:\/\/api.w.org\/{rel}","templated":true}]}}