{"id":15652,"date":"2022-06-19T14:33:40","date_gmt":"2022-06-19T14:33:40","guid":{"rendered":"http:\/\/fmriachuelo.com.ar\/?p=15652"},"modified":"2025-03-21T17:37:31","modified_gmt":"2025-03-21T20:37:31","slug":"jornadas-nacionales-patrioticas-homenaje-a-nuestros-gauchos-de-ayer-y-de-hoy","status":"publish","type":"post","link":"http:\/\/fmriachuelo.it10.com.ar\/index.php\/2022\/06\/19\/jornadas-nacionales-patrioticas-homenaje-a-nuestros-gauchos-de-ayer-y-de-hoy\/","title":{"rendered":"JORNADAS NACIONALES PATRI\u00d3TICAS: HOMENAJE A NUESTROS GAUCHOS DE AYER Y DE HOY"},"content":{"rendered":"<p><strong>[FM Riachuelo 19\/06\/2022]\u00a0<\/strong><b>En un primer d\u00eda de Jornadas Patri\u00f3ticas Nacionales en homenaje a Mart\u00edn Miguel de G\u00fcemes, distintas expresiones del Movimiento Popular Los Pibes realizaron actividades en sus territorios, con el fin de expresar la continuidad de esa lucha hist\u00f3rica; los gauchos de de aquel momento y los de hoy. Estas Jornadas continuar\u00e1n el pr\u00f3ximo lunes 20 de junio, en homenaje a otro gran patriota, Manuel Belgrano.<\/b><\/p>\n<p><img loading=\"lazy\" decoding=\"async\" class=\"size-medium wp-image-15657 alignright\" src=\"http:\/\/fmriachuelo.com.ar\/wp-content\/uploads\/2022\/06\/Guemes-Entre-rios-la-paz-300x300.jpg\" alt=\"\" width=\"300\" height=\"300\" srcset=\"http:\/\/fmriachuelo.it10.com.ar\/wp-content\/uploads\/2022\/06\/Guemes-Entre-rios-la-paz-300x300.jpg 300w, http:\/\/fmriachuelo.it10.com.ar\/wp-content\/uploads\/2022\/06\/Guemes-Entre-rios-la-paz-150x150.jpg 150w, http:\/\/fmriachuelo.it10.com.ar\/wp-content\/uploads\/2022\/06\/Guemes-Entre-rios-la-paz-768x768.jpg 768w, http:\/\/fmriachuelo.it10.com.ar\/wp-content\/uploads\/2022\/06\/Guemes-Entre-rios-la-paz-75x75.jpg 75w, http:\/\/fmriachuelo.it10.com.ar\/wp-content\/uploads\/2022\/06\/Guemes-Entre-rios-la-paz-350x350.jpg 350w, http:\/\/fmriachuelo.it10.com.ar\/wp-content\/uploads\/2022\/06\/Guemes-Entre-rios-la-paz-750x750.jpg 750w, http:\/\/fmriachuelo.it10.com.ar\/wp-content\/uploads\/2022\/06\/Guemes-Entre-rios-la-paz.jpg 960w\" sizes=\"auto, (max-width: 300px) 100vw, 300px\" \/><\/p>\n<p><b>Mart\u00edn Miguel de G\u00fcemes, un compa\u00f1ero que dio la vida en la lucha por nuestra Primera Independencia, y que mostr\u00f3 una actitud de luchar hasta vencer desde los 14 a\u00f1os, cuando protagoniz\u00f3 a caballo la toma de un buque enemigo en las invasiones inglesas de 1806; ese esp\u00edritu, el del gaucho que conoce y defiende su territorio, es el que contin\u00faa hoy vigente en la lucha popular.<\/b><\/p>\n<p><span style=\"font-weight: 400\">En diversos puntos del pa\u00eds, se busc\u00f3 hacer honor a esta esencia: \u00ab<\/span><i><span style=\"font-weight: 400\">En un tiempo donde muchos quieren hacernos bajar los brazos, que nos quebremos o que estemos detr\u00e1s del circo electoralista, ac\u00e1 est\u00e1n los pueblos, las organizaciones populares, lxs trabajadorxs con y sin patr\u00f3n organizando una jornada de trabajo patri\u00f3tica que culminar\u00e1 el d\u00eda lunes 20 de junio, d\u00eda de la bandera\u00bb, <\/span><\/i><span style=\"font-weight: 400\">reflexion\u00f3 Lito Borello, coordinador nacional del Movimiento Popular Los Pibes, desde la muraleada realizada en Villa Dom\u00ednico en la Casa de Encuentro de Avellaneda compartida entre varias organizaciones.\u00a0<\/span><\/p>\n<p><img loading=\"lazy\" decoding=\"async\" class=\"size-medium wp-image-15663 alignleft\" src=\"http:\/\/fmriachuelo.com.ar\/wp-content\/uploads\/2022\/06\/guemes-dominico-300x200.jpg\" alt=\"\" width=\"300\" height=\"200\" srcset=\"http:\/\/fmriachuelo.it10.com.ar\/wp-content\/uploads\/2022\/06\/guemes-dominico-300x200.jpg 300w, http:\/\/fmriachuelo.it10.com.ar\/wp-content\/uploads\/2022\/06\/guemes-dominico-768x512.jpg 768w, http:\/\/fmriachuelo.it10.com.ar\/wp-content\/uploads\/2022\/06\/guemes-dominico-750x500.jpg 750w, http:\/\/fmriachuelo.it10.com.ar\/wp-content\/uploads\/2022\/06\/guemes-dominico.jpg 960w\" sizes=\"auto, (max-width: 300px) 100vw, 300px\" \/><\/p>\n<p><span style=\"font-weight: 400\">All\u00ed, Damaris Quintana, militante de la organizaci\u00f3n<\/span> <span style=\"font-weight: 400\">Convocatoria Segunda Independencia explic\u00f3 el significado de la actividad: \u201c<\/span><i><span style=\"font-weight: 400\">Estamos ac\u00e1 en la Casa del Encuentro de Avellaneda con los compa\u00f1eros del Movimiento Popular Los Pibes, haciendo una actividad patri\u00f3tica sobre el d\u00eda de la liberaci\u00f3n latinoamericana compartiendo y haciendo un mural en reconocimiento de las mujeres que lucharon por nuestra independencia. Recordamos tambi\u00e9n a G\u00fcemes y su hermana Macacha, que fue muy importante para nosotras, con un almuerzo y merienda junto al barrio para decir que seguiremos ac\u00e1 firmes luchando por una patria grande.<\/span><\/i><\/p>\n<p><img loading=\"lazy\" decoding=\"async\" class=\"size-medium wp-image-15662 alignright\" src=\"http:\/\/fmriachuelo.com.ar\/wp-content\/uploads\/2022\/06\/guemes-dom\u00ednico-2-300x200.jpg\" alt=\"\" width=\"300\" height=\"200\" \/><\/p>\n<p><span style=\"font-weight: 400\">Carina Maloberti, referente de Convocatoria Segunda Independencia, tambi\u00e9n comparti\u00f3 su reflexi\u00f3n: \u00ab<\/span><i><span style=\"font-weight: 400\">Nuestras organizaciones no s\u00f3lo construyen las capacidades para la defensa en este mundo en guerra de los adoradores del dios dinero, que quieren seguir arrebat\u00e1ndonos nuestros bienes naturales y que est\u00e1n decididos a explotar hasta la muerte a nuestros pueblos para seguir acumulando riquezas. Ac\u00e1 una vez m\u00e1s, con nuestro pasado por delante y el futuro en la construcci\u00f3n de lo cotidiano del presente, en este d\u00eda nos ofrecemos al barrio para compartir el pan, la olla y este proyecto emancipatorio que sigue vigente en nuestra patria chica y en nuestra patria grande<\/span><\/i><span style=\"font-weight: 400\">\u00ab.<\/span><\/p>\n<p><img loading=\"lazy\" decoding=\"async\" class=\" wp-image-15658 alignleft\" src=\"http:\/\/fmriachuelo.com.ar\/wp-content\/uploads\/2022\/06\/guemes-la-costa-300x200.jpg\" alt=\"\" width=\"371\" height=\"247\" srcset=\"http:\/\/fmriachuelo.it10.com.ar\/wp-content\/uploads\/2022\/06\/guemes-la-costa-300x200.jpg 300w, http:\/\/fmriachuelo.it10.com.ar\/wp-content\/uploads\/2022\/06\/guemes-la-costa-768x512.jpg 768w, http:\/\/fmriachuelo.it10.com.ar\/wp-content\/uploads\/2022\/06\/guemes-la-costa-750x500.jpg 750w, http:\/\/fmriachuelo.it10.com.ar\/wp-content\/uploads\/2022\/06\/guemes-la-costa.jpg 960w\" sizes=\"auto, (max-width: 371px) 100vw, 371px\" \/><\/p>\n<p><span style=\"font-weight: 400\">En la Costa de Avellaneda, en los cimientos de lo que ser\u00e1 la Capilla Padre Luis, se realiz\u00f3 una actividad en el marco de la participaci\u00f3n del Movimiento en Misioneros de Francisco, que cont\u00f3 con el acompa\u00f1amiento de Lucas Pedr\u00f3, secretario de cultos de la Uni\u00f3n de Trabajadores y Trabajadoras de la Econom\u00eda Popular (UTEP). All\u00ed se comparti\u00f3 un locro, y en la presentaci\u00f3n Chani Yanequine, de Misioneros, capt\u00f3 la motivaci\u00f3n de estas jornadas: <\/span><i><span style=\"font-weight: 400\">\u00abEnlazando con la fecha de hoy que conmemora el paso a la inmortalidad de G\u00fcemes, queremos reivindicar su lucha en defensa de su territorio con los gauchos de su territorio para lograr las conquistas que lograron. Eso es lo que esperamos conquistar nosotros, esta uni\u00f3n para lxs vecinos de este territorio para lograr la dignidad y resolver las necesidades de este barrio, como esos gauchos en aquel momento. Hoy, nada mejor que unirse alrededor de una\u00a0 olla de locro para defender nuestra soberan\u00eda alimentaria y todo lo bueno que es compartir en comunidad\u00bb.<\/span><\/i><\/p>\n<p><img loading=\"lazy\" decoding=\"async\" class=\"size-medium wp-image-15655 alignright\" src=\"http:\/\/fmriachuelo.com.ar\/wp-content\/uploads\/2022\/06\/pintada-La-Boca-300x225.jpg\" alt=\"\" width=\"300\" height=\"225\" srcset=\"http:\/\/fmriachuelo.it10.com.ar\/wp-content\/uploads\/2022\/06\/pintada-La-Boca-300x225.jpg 300w, http:\/\/fmriachuelo.it10.com.ar\/wp-content\/uploads\/2022\/06\/pintada-La-Boca-768x576.jpg 768w, http:\/\/fmriachuelo.it10.com.ar\/wp-content\/uploads\/2022\/06\/pintada-La-Boca-750x563.jpg 750w, http:\/\/fmriachuelo.it10.com.ar\/wp-content\/uploads\/2022\/06\/pintada-La-Boca.jpg 960w\" sizes=\"auto, (max-width: 300px) 100vw, 300px\" \/><\/p>\n<p><i><span style=\"font-weight: 400\">\u00abComo los gauchos aquellos defend\u00edan su territorio, nosotrxs en nuestro territorio estamos haciendo unas pintadas en el barrio. Las consignas que estamos escribiendo hoy tienen que ver con defender el territorio, tener en la memoria que seguimos la lucha y las ideas de nuestros patriotas antepasados<\/span><\/i><span style=\"font-weight: 400\">\u00ab, explic\u00f3 Nandi Illarza, del Gimnasio Popular Los Pibes y el programa Hip Hop de las Luchas Populares, sobre la actividad en La Boca, que consisti\u00f3 en pintar tres consignas: <\/span><b>luchar hasta vencer, ac\u00e1 no se rinde nadie y sin justicia social no hay paz ni democracia<\/b><i><span style=\"font-weight: 400\">. <\/span><\/i><span style=\"font-weight: 400\">Mientras, Claudia Maidana, del Paseo de la Econom\u00eda Popular Mart\u00edn Oso Cisneros agreg\u00f3:<\/span><i><span style=\"font-weight: 400\"> \u00abPara nosotrxs es un d\u00eda de lucha para poner en el tapete lo que est\u00e1 pasando en el pa\u00eds. Con pintadas, con desayunos patri\u00f3ticos, con asambleas, reuniones y debates para ver c\u00f3mo seguir para cambiar este bendito pa\u00eds. Vemos que cambian los presidentes, cambian funcionarios pero la situaci\u00f3n empeora cada vez m\u00e1s. En un pa\u00eds tan rico no puede haber tanta pobreza, de qu\u00e9 democracia estamos hablando, hay que salir a la calle. Seguimos luchando y vamos a seguir luchando hasta que este pa\u00eds cambie\u00bb.\u00a0<\/span><\/i><\/p>\n<p><img loading=\"lazy\" decoding=\"async\" class=\" wp-image-15661 alignleft\" src=\"http:\/\/fmriachuelo.com.ar\/wp-content\/uploads\/2022\/06\/guemes-lomas-300x168.jpg\" alt=\"\" width=\"227\" height=\"127\" srcset=\"http:\/\/fmriachuelo.it10.com.ar\/wp-content\/uploads\/2022\/06\/guemes-lomas-300x168.jpg 300w, http:\/\/fmriachuelo.it10.com.ar\/wp-content\/uploads\/2022\/06\/guemes-lomas-768x431.jpg 768w, http:\/\/fmriachuelo.it10.com.ar\/wp-content\/uploads\/2022\/06\/guemes-lomas-750x421.jpg 750w, http:\/\/fmriachuelo.it10.com.ar\/wp-content\/uploads\/2022\/06\/guemes-lomas.jpg 960w\" sizes=\"auto, (max-width: 227px) 100vw, 227px\" \/><\/p>\n<p><span style=\"font-weight: 400\">En Lomas de Zamora, el Comedor Juntos y Unidos realiz\u00f3 una Olla Popular Patri\u00f3tica, junto con una charla informativa sobre G\u00fcemes para el barrio. Las reflexiones en comunidad tambi\u00e9n se dieron en Tigre, donde Comunidad Milpa articul\u00f3 el viernes y el s\u00e1bado con Peronismo Revolucionario, Sindicato de Canillitas y vecinos del barrio para realizar un Fig\u00f3n Patri\u00f3tico para conversar sobre la fecha.<\/span><\/p>\n<p><img loading=\"lazy\" decoding=\"async\" class=\" wp-image-15664 alignright\" src=\"http:\/\/fmriachuelo.com.ar\/wp-content\/uploads\/2022\/06\/guemes-concordia-300x169.jpg\" alt=\"\" width=\"240\" height=\"135\" srcset=\"http:\/\/fmriachuelo.it10.com.ar\/wp-content\/uploads\/2022\/06\/guemes-concordia-300x169.jpg 300w, http:\/\/fmriachuelo.it10.com.ar\/wp-content\/uploads\/2022\/06\/guemes-concordia-768x432.jpg 768w, http:\/\/fmriachuelo.it10.com.ar\/wp-content\/uploads\/2022\/06\/guemes-concordia-750x422.jpg 750w, http:\/\/fmriachuelo.it10.com.ar\/wp-content\/uploads\/2022\/06\/guemes-concordia.jpg 960w\" sizes=\"auto, (max-width: 240px) 100vw, 240px\" \/><\/p>\n<p><span style=\"font-weight: 400\">El encuentro en torno a una olla popular tambi\u00e9n tuvo su expresi\u00f3n en Concordia, Entre R\u00edos, de la mano de la Unidad Productiva Mart\u00edn Oso Cisneros. Y el Fog\u00f3n Patri\u00f3tico tambi\u00e9n fue la forma que eligieron en la Cooperativa Huasi Kuntur de Taf\u00ed del Vall\u00e9, Tucum\u00e1n. En Salta, tierra natal del Gaucho G\u00fcemes, el Merendero El \u00c1ngel de la Bicicleta cort\u00f3 la calle para compartir dos ollas m\u00f3viles con los vecinos y vecinas.<\/span><\/p>\n<p><span style=\"font-weight: 400\">En Puerto Iguaz\u00fa, Misiones, la organizaci\u00f3n Huellas de Esperanza realiz\u00f3 una jornada completa de trabajo con limpieza de su espacio, plantaci\u00f3n de hortalizas en la huerta, almuerzo patri\u00f3tico y jornada de producci\u00f3n de alimentos.<\/span><\/p>\n<p><img loading=\"lazy\" decoding=\"async\" class=\"size-medium wp-image-15665 alignleft\" src=\"http:\/\/fmriachuelo.com.ar\/wp-content\/uploads\/2022\/06\/guemes-salta-300x225.jpg\" alt=\"\" width=\"300\" height=\"225\" srcset=\"http:\/\/fmriachuelo.it10.com.ar\/wp-content\/uploads\/2022\/06\/guemes-salta-300x225.jpg 300w, http:\/\/fmriachuelo.it10.com.ar\/wp-content\/uploads\/2022\/06\/guemes-salta-768x576.jpg 768w, http:\/\/fmriachuelo.it10.com.ar\/wp-content\/uploads\/2022\/06\/guemes-salta-750x563.jpg 750w, http:\/\/fmriachuelo.it10.com.ar\/wp-content\/uploads\/2022\/06\/guemes-salta.jpg 960w\" sizes=\"auto, (max-width: 300px) 100vw, 300px\" \/><\/p>\n<p><span style=\"font-weight: 400\">En la localidad de <\/span><b>Pozo Azul, Misiones<\/b><span style=\"font-weight: 400\">, integrantes del Partido Agrario y Social de Pozo Azul decidieron hacer honor a las batallas que dieron nuestros pr\u00f3ceres, iniciando una campa\u00f1a por el acceso a la salud p\u00fablica en el territorio que habitan denominada \u00abNO HAY PATRIA SIN SALUD P\u00daBLICA\u00bb: <\/span><i><span style=\"font-weight: 400\">\u201cNosotros vimos la necesidad de dar la lucha por lo que nuestras comunidades viven aqu\u00ed en la zona, la ausencia de m\u00e9dicos y de salitas de atenci\u00f3n. Queremos exigir al estado provincial que tome la salud p\u00fablica como una bandera\u201d,<\/span><\/i><span style=\"font-weight: 400\"> expres\u00f3 Sebasti\u00e1n Artaza,\u00a0 y explic\u00f3:\u00a0 <\/span><i><span style=\"font-weight: 400\">\u201cQueremos movilizarnos interiormente para que no nos acostumbremos a que las necesidades b\u00e1sicas no sean atendidas comenzando una juntada de firmas exigiendo la apertura de otro centro de atenci\u00f3n primaria, la presencia de m\u00e1s m\u00e9dicos y m\u00e1s enfermeros para garantizar una atenci\u00f3n permanente. <\/span><\/i><b><i>A veces uno se acostumbra, pero\u00a0 llega un momento en que uno dice si no nos ponemos en plan de lucha van a pasar 10, 15, 20 a\u00f1os y todo va a seguir igual. Hay que hacer la batalla para llegar a soluciones<\/i><\/b><i><span style=\"font-weight: 400\">\u201d<\/span><\/i><span style=\"font-weight: 400\">, reflexion\u00f3.<\/span><\/p>\n<p><img loading=\"lazy\" decoding=\"async\" class=\"wp-image-15666 aligncenter\" src=\"http:\/\/fmriachuelo.com.ar\/wp-content\/uploads\/2022\/06\/Pintada-la-boca-2-1-300x127.jpg\" alt=\"\" width=\"529\" height=\"224\" srcset=\"http:\/\/fmriachuelo.it10.com.ar\/wp-content\/uploads\/2022\/06\/Pintada-la-boca-2-1-300x127.jpg 300w, http:\/\/fmriachuelo.it10.com.ar\/wp-content\/uploads\/2022\/06\/Pintada-la-boca-2-1-768x326.jpg 768w, http:\/\/fmriachuelo.it10.com.ar\/wp-content\/uploads\/2022\/06\/Pintada-la-boca-2-1-750x318.jpg 750w, http:\/\/fmriachuelo.it10.com.ar\/wp-content\/uploads\/2022\/06\/Pintada-la-boca-2-1.jpg 959w\" sizes=\"auto, (max-width: 529px) 100vw, 529px\" \/><\/p>\n<p><span style=\"font-weight: 400\">Las actividades homenaje contin\u00faan durante el fin de semana largo y culminar\u00e1n ma\u00f1ana, 20 de junio, D\u00eda de la bandera donde se homenajear\u00e1 a otro revolucionario, Manuel Belgrano, contempor\u00e1neo, amigo y compa\u00f1ero de G\u00fcemes en las batallas por la liberaci\u00f3n del continente americano por los americanos, porque tambi\u00e9n entendieron que s\u00f3lo el pueblo salva al pueblo. <\/span><\/p>\n","protected":false},"excerpt":{"rendered":"<p>[FM Riachuelo 19\/06\/2022]\u00a0En un primer d\u00eda de Jornadas Patri\u00f3ticas Nacionales en homenaje a Mart\u00edn Miguel de G\u00fcemes, distintas expresiones del Movimiento Popular Los Pibes realizaron actividades en sus territorios, con el fin de expresar la continuidad de esa lucha hist\u00f3rica; los gauchos de de aquel momento y los de hoy. Estas Jornadas continuar\u00e1n el pr\u00f3ximo [&hellip;]<\/p>\n","protected":false},"author":5,"featured_media":15654,"comment_status":"closed","ping_status":"closed","sticky":false,"template":"","format":"standard","meta":{"_monsterinsights_skip_tracking":false,"_monsterinsights_sitenote_active":false,"_monsterinsights_sitenote_note":"","_monsterinsights_sitenote_category":0,"jnews-multi-image_gallery":[],"jnews_single_post":{"format":"standard"},"jnews_primary_category":[],"_joinchat":[],"footnotes":""},"categories":[61],"tags":[157,65],"class_list":["post-15652","post","type-post","status-publish","format-standard","has-post-thumbnail","hentry","category-especiales-riachuelo","tag-nadie-se-salva-solo","tag-soberania"],"_links":{"self":[{"href":"http:\/\/fmriachuelo.it10.com.ar\/index.php\/wp-json\/wp\/v2\/posts\/15652","targetHints":{"allow":["GET"]}}],"collection":[{"href":"http:\/\/fmriachuelo.it10.com.ar\/index.php\/wp-json\/wp\/v2\/posts"}],"about":[{"href":"http:\/\/fmriachuelo.it10.com.ar\/index.php\/wp-json\/wp\/v2\/types\/post"}],"author":[{"embeddable":true,"href":"http:\/\/fmriachuelo.it10.com.ar\/index.php\/wp-json\/wp\/v2\/users\/5"}],"replies":[{"embeddable":true,"href":"http:\/\/fmriachuelo.it10.com.ar\/index.php\/wp-json\/wp\/v2\/comments?post=15652"}],"version-history":[{"count":1,"href":"http:\/\/fmriachuelo.it10.com.ar\/index.php\/wp-json\/wp\/v2\/posts\/15652\/revisions"}],"predecessor-version":[{"id":22197,"href":"http:\/\/fmriachuelo.it10.com.ar\/index.php\/wp-json\/wp\/v2\/posts\/15652\/revisions\/22197"}],"wp:featuredmedia":[{"embeddable":true,"href":"http:\/\/fmriachuelo.it10.com.ar\/index.php\/wp-json\/wp\/v2\/media\/15654"}],"wp:attachment":[{"href":"http:\/\/fmriachuelo.it10.com.ar\/index.php\/wp-json\/wp\/v2\/media?parent=15652"}],"wp:term":[{"taxonomy":"category","embeddable":true,"href":"http:\/\/fmriachuelo.it10.com.ar\/index.php\/wp-json\/wp\/v2\/categories?post=15652"},{"taxonomy":"post_tag","embeddable":true,"href":"http:\/\/fmriachuelo.it10.com.ar\/index.php\/wp-json\/wp\/v2\/tags?post=15652"}],"curies":[{"name":"wp","href":"https:\/\/api.w.org\/{rel}","templated":true}]}}