{"id":15645,"date":"2022-06-16T21:02:04","date_gmt":"2022-06-16T21:02:04","guid":{"rendered":"http:\/\/fmriachuelo.com.ar\/?p=15645"},"modified":"2025-03-21T17:42:03","modified_gmt":"2025-03-21T20:42:03","slug":"pintada-frente-a-tribunales-exigiendo-justicia-por-nat-y-nuria","status":"publish","type":"post","link":"http:\/\/fmriachuelo.it10.com.ar\/index.php\/2022\/06\/16\/pintada-frente-a-tribunales-exigiendo-justicia-por-nat-y-nuria\/","title":{"rendered":"PINTADA FRENTE A TRIBUNALES EXIGIENDO JUSTICIA POR NAT Y NURIA"},"content":{"rendered":"<p><b>[FM Riachuelo, 16\/06\/2022] Este mi\u00e9rcoles 15 desde las 10 hs, en las puertas de Tribunales, se llev\u00f3 a cabo una concentraci\u00f3n con jornada art\u00edstica exigiendo Justicia por Nat y Nuria, dos chicas asesinadas en la Plaza Irala por Mariano Bonetto, quien a pesar de haber sido condenado a prisi\u00f3n com\u00fan, luego de una apelaci\u00f3n la C\u00e1mara de Casaci\u00f3n lo declar\u00f3 inimputable y hoy est\u00e1 internado en el Hospital Borda.<\/b><\/p>\n<p><span style=\"font-weight: 400\">Natalia Grenbenshicova y Nuria Couto eran estudiantes de la Escuela de Bellas Artes Manuel Belgrano que ten\u00edan 15 y 18 a\u00f1os. Fueron asesinadas por Mariano Bonetto en octubre de 2016. Bonetto es un veterinario con un padre gerente de banco en C\u00f3rdoba. Esto tal vez explique los privilegios que la justicia le otorga a pesar de haber escrito una carta confesando su consciencia sobre el delito que cometi\u00f3.<\/span><\/p>\n<p><span style=\"font-weight: 400\">En 2018, luego de una larga lucha que cort\u00f3 con dos fallos favorables al femicida, el Tribunal Oral lo declar\u00f3 culpable de homicidio agravado por alevos\u00eda y se le dict\u00f3 cadena perpetua. Sin embargo, el pasado 2 de junio, el d\u00eda anterior al Ni Una Menos, fue declarado inimputable por la C\u00e1mara de Casaci\u00f3n de la Naci\u00f3n, trasladado al Borda como un paciente com\u00fan y se le levant\u00f3 la causa penal, por lo que ahora est\u00e1 a cargo de un juzgado civil.<\/span><\/p>\n<p><span style=\"font-weight: 400\">Por esta raz\u00f3n, las familias presentaron una apelaci\u00f3n en la Corte Suprema de la Naci\u00f3n para que Bonetto no quede impune y cumpla con la cadena perpetua que le hab\u00edan otorgado. Con las consignas \u201cJusticia por Nat y Nuria\u201d \u201cMariano Bonetto femicida\u201d y \u201cYo sab\u00eda que a los femicidas los respalda la justicia\u201d, la presentaci\u00f3n fue acompa\u00f1ada por amigxs, estudiantes de la escuela Manuel Belgrano y organizaciones sociales a trav\u00e9s de una concentraci\u00f3n con intervenciones art\u00edsticas este mi\u00e9rcoles 15 de junio frente a Tribunales.<\/span><\/p>\n<p><img loading=\"lazy\" decoding=\"async\" class=\" wp-image-15646 aligncenter\" src=\"http:\/\/fmriachuelo.com.ar\/wp-content\/uploads\/2022\/06\/nat-y-nuria-300x142.jpg\" alt=\"\" width=\"427\" height=\"202\" srcset=\"http:\/\/fmriachuelo.it10.com.ar\/wp-content\/uploads\/2022\/06\/nat-y-nuria-300x142.jpg 300w, http:\/\/fmriachuelo.it10.com.ar\/wp-content\/uploads\/2022\/06\/nat-y-nuria-1024x484.jpg 1024w, http:\/\/fmriachuelo.it10.com.ar\/wp-content\/uploads\/2022\/06\/nat-y-nuria-768x363.jpg 768w, http:\/\/fmriachuelo.it10.com.ar\/wp-content\/uploads\/2022\/06\/nat-y-nuria-1536x726.jpg 1536w, http:\/\/fmriachuelo.it10.com.ar\/wp-content\/uploads\/2022\/06\/nat-y-nuria-750x354.jpg 750w, http:\/\/fmriachuelo.it10.com.ar\/wp-content\/uploads\/2022\/06\/nat-y-nuria-1140x539.jpg 1140w, http:\/\/fmriachuelo.it10.com.ar\/wp-content\/uploads\/2022\/06\/nat-y-nuria.jpg 1600w\" sizes=\"auto, (max-width: 427px) 100vw, 427px\" \/><\/p>\n<p><span style=\"font-weight: 400\">All\u00ed, Andrea Valverde, madre de Nuria, denunci\u00f3 el accionar de la justicia: <em>\u201cFue condenado a cadena perpetua y despu\u00e9s su defensa apel\u00f3 a la C\u00e1mara de Casaci\u00f3n, y a puertas cerradas, porque pedimos una audiencia para estar y no nos permitieron, resolvieron que \u00e9l ahora es inimputable. \u00c9l fue ahora llevado al Hospital Borda, en el cual pas\u00f3 al lado civil. Ah\u00ed est\u00e1 como cualquier enfermo que en cualquier momento si un m\u00e9dico le firma una orden, \u00e9l puede estar libre y puede estar entre nosotros otra vez matando a cualquiera que se le cruce en el camino.\u201d<\/em><\/span><\/p>\n<p><span style=\"font-weight: 400\">Cho Chaparro, amigo de Nat, remarc\u00f3 la importancia de seguir luchando para que se haga justicia: <em>\u201cNos parece que esta declaraci\u00f3n de inimputabilidad es una demostraci\u00f3n de impunidad, no puede ser que alguien que asesin\u00f3 a dos chicas j\u00f3venes tenga libertad en menos de seis a\u00f1os, porque sabemos que del Borda f\u00e1cilmente puede ser trasladado a una instituci\u00f3n privada, a una internaci\u00f3n domiciliaria o tranquilamente salir a la calle. Esa situaci\u00f3n nos preocupa mucho y hoy estamos ac\u00e1 para acompa\u00f1ar a las familias y a lxs compa\u00f1erxs y que se haga justicia por Natalia y por Nuria\u201d.<\/em><\/span><\/p>\n<p><img loading=\"lazy\" decoding=\"async\" class=\" wp-image-15648 aligncenter\" src=\"http:\/\/fmriachuelo.com.ar\/wp-content\/uploads\/2022\/06\/natynuria6-300x142.jpg\" alt=\"\" width=\"403\" height=\"191\" srcset=\"http:\/\/fmriachuelo.it10.com.ar\/wp-content\/uploads\/2022\/06\/natynuria6-300x142.jpg 300w, http:\/\/fmriachuelo.it10.com.ar\/wp-content\/uploads\/2022\/06\/natynuria6-1024x484.jpg 1024w, http:\/\/fmriachuelo.it10.com.ar\/wp-content\/uploads\/2022\/06\/natynuria6-768x363.jpg 768w, http:\/\/fmriachuelo.it10.com.ar\/wp-content\/uploads\/2022\/06\/natynuria6-750x355.jpg 750w, http:\/\/fmriachuelo.it10.com.ar\/wp-content\/uploads\/2022\/06\/natynuria6.jpg 1032w\" sizes=\"auto, (max-width: 403px) 100vw, 403px\" \/><\/p>\n<p><span style=\"font-weight: 400\"><em>\u201cEstamos protestando contra esto porque la verdad que es inaudito, no tiene que ser as\u00ed, no tiene que quedar as\u00ed. Desde el principio cuando nos enteramos del fallo de la Casaci\u00f3n nos juntamos todos los familiares, los amigos de las chicas, los vecinos, las organizaciones, los colegios, la Belgrano. Estamos moviliz\u00e1ndonos mucho pidiendo apoyo a toda la sociedad\u201d<\/em>, rescat\u00f3 Anna Radionova, madre de Nat, y cont\u00f3 que: <em>\u201cEstuvimos haciendo un acampe en la puerta del Hospital Borda tambi\u00e9n, para que se solidaricen los trabajadores del Borda, que lo logramos. Estamos en la lucha permanente.\u201d<\/em><\/span><\/p>\n<p><span style=\"font-weight: 400\">Roxana Cainzos, referenta de Madres Sembrando Conciencia, quien estuvo acompa\u00f1ando la jornada, hizo hincapi\u00e9 en la lucha que se viene llevando adelante y llam\u00f3 a lxs vecinxs a sumarse al reclamo por justicia: <em>\u201cCreo que tendr\u00edamos que estar todo el barrio ac\u00e1, todo el territorio apoyando, todo lo que es Ni Una Menos. Esto solo con lucha y con organizaci\u00f3n se puede revertir.\u201d<img loading=\"lazy\" decoding=\"async\" class=\" wp-image-15649 aligncenter\" src=\"http:\/\/fmriachuelo.com.ar\/wp-content\/uploads\/2022\/06\/natynuria5-300x142.jpg\" alt=\"\" width=\"423\" height=\"200\" srcset=\"http:\/\/fmriachuelo.it10.com.ar\/wp-content\/uploads\/2022\/06\/natynuria5-300x142.jpg 300w, http:\/\/fmriachuelo.it10.com.ar\/wp-content\/uploads\/2022\/06\/natynuria5-1024x484.jpg 1024w, http:\/\/fmriachuelo.it10.com.ar\/wp-content\/uploads\/2022\/06\/natynuria5-768x363.jpg 768w, http:\/\/fmriachuelo.it10.com.ar\/wp-content\/uploads\/2022\/06\/natynuria5-1536x726.jpg 1536w, http:\/\/fmriachuelo.it10.com.ar\/wp-content\/uploads\/2022\/06\/natynuria5-750x354.jpg 750w, http:\/\/fmriachuelo.it10.com.ar\/wp-content\/uploads\/2022\/06\/natynuria5-1140x539.jpg 1140w, http:\/\/fmriachuelo.it10.com.ar\/wp-content\/uploads\/2022\/06\/natynuria5.jpg 1600w\" sizes=\"auto, (max-width: 423px) 100vw, 423px\" \/><\/em><\/span><\/p>\n<p><span style=\"font-weight: 400\"><em>\u201cSiempre se repite esta situaci\u00f3n de no avisar a nadie, de hacerlo por atr\u00e1s, como lo hizo este fallo de la casaci\u00f3n. No tiene ni pies ni cabeza, sinceramente, despu\u00e9s de dos a\u00f1os de obtener una sentencia perpetua donde Bonetto escribe una carta diciendo que \u00e9l estaba totalmente consciente de lo que hac\u00eda y que ahora digan que lo van a hacer inimputable y que salga libre en nuestro barrio es muy fuerte. Con esta justicia siempre pasa lo mismo pero para eso estamos nosotros, para organizarnos y colectivamente pedir que vecinos y vecinas nos interesemos y tratemos de cambiar estas cosas\u201d<\/em>, concluy\u00f3.<\/span><\/p>\n","protected":false},"excerpt":{"rendered":"<p>[FM Riachuelo, 16\/06\/2022] Este mi\u00e9rcoles 15 desde las 10 hs, en las puertas de Tribunales, se llev\u00f3 a cabo una concentraci\u00f3n con jornada art\u00edstica exigiendo Justicia por Nat y Nuria, dos chicas asesinadas en la Plaza Irala por Mariano Bonetto, quien a pesar de haber sido condenado a prisi\u00f3n com\u00fan, luego de una apelaci\u00f3n la [&hellip;]<\/p>\n","protected":false},"author":5,"featured_media":15647,"comment_status":"closed","ping_status":"closed","sticky":false,"template":"","format":"standard","meta":{"_monsterinsights_skip_tracking":false,"_monsterinsights_sitenote_active":false,"_monsterinsights_sitenote_note":"","_monsterinsights_sitenote_category":0,"jnews-multi-image_gallery":[],"jnews_single_post":{"format":"standard"},"jnews_primary_category":[],"_joinchat":[],"footnotes":""},"categories":[58],"tags":[119],"class_list":["post-15645","post","type-post","status-publish","format-standard","has-post-thumbnail","hentry","category-noticiariachuelo","tag-derechos-humanos"],"_links":{"self":[{"href":"http:\/\/fmriachuelo.it10.com.ar\/index.php\/wp-json\/wp\/v2\/posts\/15645","targetHints":{"allow":["GET"]}}],"collection":[{"href":"http:\/\/fmriachuelo.it10.com.ar\/index.php\/wp-json\/wp\/v2\/posts"}],"about":[{"href":"http:\/\/fmriachuelo.it10.com.ar\/index.php\/wp-json\/wp\/v2\/types\/post"}],"author":[{"embeddable":true,"href":"http:\/\/fmriachuelo.it10.com.ar\/index.php\/wp-json\/wp\/v2\/users\/5"}],"replies":[{"embeddable":true,"href":"http:\/\/fmriachuelo.it10.com.ar\/index.php\/wp-json\/wp\/v2\/comments?post=15645"}],"version-history":[{"count":1,"href":"http:\/\/fmriachuelo.it10.com.ar\/index.php\/wp-json\/wp\/v2\/posts\/15645\/revisions"}],"predecessor-version":[{"id":22200,"href":"http:\/\/fmriachuelo.it10.com.ar\/index.php\/wp-json\/wp\/v2\/posts\/15645\/revisions\/22200"}],"wp:featuredmedia":[{"embeddable":true,"href":"http:\/\/fmriachuelo.it10.com.ar\/index.php\/wp-json\/wp\/v2\/media\/15647"}],"wp:attachment":[{"href":"http:\/\/fmriachuelo.it10.com.ar\/index.php\/wp-json\/wp\/v2\/media?parent=15645"}],"wp:term":[{"taxonomy":"category","embeddable":true,"href":"http:\/\/fmriachuelo.it10.com.ar\/index.php\/wp-json\/wp\/v2\/categories?post=15645"},{"taxonomy":"post_tag","embeddable":true,"href":"http:\/\/fmriachuelo.it10.com.ar\/index.php\/wp-json\/wp\/v2\/tags?post=15645"}],"curies":[{"name":"wp","href":"https:\/\/api.w.org\/{rel}","templated":true}]}}