{"id":15639,"date":"2022-06-16T16:44:19","date_gmt":"2022-06-16T16:44:19","guid":{"rendered":"http:\/\/fmriachuelo.com.ar\/?p=15639"},"modified":"2025-03-21T17:42:51","modified_gmt":"2025-03-21T20:42:51","slug":"facundo-no-se-va","status":"publish","type":"post","link":"http:\/\/fmriachuelo.it10.com.ar\/index.php\/2022\/06\/16\/facundo-no-se-va\/","title":{"rendered":"FACUNDO NO SE VA"},"content":{"rendered":"<p><strong>[FM Riachuelo, 15\/06\/2022] El d\u00eda de hoy se llev\u00f3 adelante una movilizaci\u00f3n desde retiro a Canciller\u00eda pidiendo la no extradici\u00f3n y libertad del militante Facundo Molares, que se halla privado de su libertad desde el golpe de estado al Estado Plurinacional de Bolivia el 19 de noviembre del 2019. En el lugar, referentes de DD.HH. fueron recibidos por un representante de la instituci\u00f3n, a quien le presentaron un petitorio con m\u00e1s de 600 firmas que exigen que se tome la decisi\u00f3n pol\u00edtica de levantar el fallo a favor de la extradici\u00f3n de Facundo emitida por Esquel Guido Otranto.<\/strong><\/p>\n<p>Durante la concentraci\u00f3n se escuchaban canticos como: \u00ablibertad a lxs presxs por luchar\u00bb y \u00abFacundo no se va\u00bb. M\u00f3nica Glomba, integrante de la Coordinadora \u201cSolidaridad con Facundo Molares\u201d y pareja de Facundo cont\u00f3 que acci\u00f3n de hoy buscaba recuperar los compromisos asumidos por el Canciller Santiago Cafiero de acelerar los tiempos para ver de qu\u00e9 manera se resuelve lo m\u00e1s r\u00e1pidamente la causa de Facundo. Adem\u00e1s analiz\u00f3 el momento en el que este pedido de extradici\u00f3n de genera y dijo: \u201cNosotros entendemos que en t\u00e9rminos geopol\u00edticos hay un rearme a nivel mundial, y en este escenario Colombia no deja de ser una base estrat\u00e9gica para los Estados Unidos. Y nosotros para los Estados Unidos no dejamos de ser lo que hist\u00f3ricamente ellos ve\u00edan como su patio trasero. En ese reacomodamiento econ\u00f3mico y pol\u00edtico a nivel mundial, la persecuci\u00f3n a lxs luchadorxs como l\u00f3gica disuasoria est\u00e1 a la orden del d\u00eda. Y Facundo no est\u00e1 por fuera de eso\u201d.<\/p>\n<p><img loading=\"lazy\" decoding=\"async\" class=\"size-medium wp-image-15642 alignleft\" src=\"http:\/\/fmriachuelo.com.ar\/wp-content\/uploads\/2022\/06\/WhatsApp-Image-2022-06-16-at-12.26.13-AM-300x225.jpeg\" alt=\"\" width=\"300\" height=\"225\" srcset=\"http:\/\/fmriachuelo.it10.com.ar\/wp-content\/uploads\/2022\/06\/WhatsApp-Image-2022-06-16-at-12.26.13-AM-300x225.jpeg 300w, http:\/\/fmriachuelo.it10.com.ar\/wp-content\/uploads\/2022\/06\/WhatsApp-Image-2022-06-16-at-12.26.13-AM-1024x768.jpeg 1024w, http:\/\/fmriachuelo.it10.com.ar\/wp-content\/uploads\/2022\/06\/WhatsApp-Image-2022-06-16-at-12.26.13-AM-768x576.jpeg 768w, http:\/\/fmriachuelo.it10.com.ar\/wp-content\/uploads\/2022\/06\/WhatsApp-Image-2022-06-16-at-12.26.13-AM-750x563.jpeg 750w, http:\/\/fmriachuelo.it10.com.ar\/wp-content\/uploads\/2022\/06\/WhatsApp-Image-2022-06-16-at-12.26.13-AM.jpeg 1032w\" sizes=\"auto, (max-width: 300px) 100vw, 300px\" \/><\/p>\n<p>A pesar de todo destac\u00f3 la actitud positiva que lleva Facundo para enfrentar esta batalla: \u201cSiempre est\u00e1 de pie, con sus convicciones muy firmes. Est\u00e1 de muy buen \u00e1nimo, m\u00e1s all\u00e1 de que est\u00e1 preso. Por ah\u00ed lo que a nosotros nos resulta m\u00e1s preocupante es que su situaci\u00f3n de salud va en deterioro. Pero, independientemente de esta cuesti\u00f3n en salud su \u00e1nimo es intachable.\u201d<\/p>\n<p>Al igual que Facundo, la puerta de Canciller\u00eda se colm\u00f3 de militancia que sigue en pie de lucha. Las organizaci\u00f3n que participaron de la convocatoria fueron: Coordinadora \u201cSolidaridad con Facundo Molares\u201d, Mesa de Organismos de los DD. HH., Encuentro de Memoria, Verdad y Justicia, Frente Popular Dar\u00edo Santill\u00e1n corriente Plurinacional, Frente 22 de Agosto, Organizaciones Libres del Pueblo corriente resistir y luchar, FOL (Frente de Organizaciones en Lucha), M.T.R. (Movimiento Teresa Rodr\u00edguez) corriente 12 de abril, MTS (Movimiento de Trabajadores Socialista), Corriente Barrial Resistencia Tendencia Guevarista, Partido Revolucionario Marxista Leninista, Movimiento Popular Rebeld\u00eda, Esperanza Socialista Revolucionaria.<\/p>\n<p>Facundo Molares Schoenfeld es un argentino que recorri\u00f3 Ecuador, Cuba, Paraguay, Brasil, Per\u00fa, Chile, Bolivia y Colombia buscando cambiar el mundo. Durante su estancia en Colombia milit\u00f3 en las Fuerzas Armadas Revolucionarias (FARC). Cuando son las elecciones del 2019 en el Estado Plurinacional de Bolivia, Facundo viaja como fotorreportero a retratar la situaci\u00f3n compleja que se estaba viviendo como colaborador de la revista de izquierda Centenario. Cuando estalla el golpe de Estado, Facundo es detenido en una sala de primeros auxilios a la que hab\u00eda acudido por enfermedad. A partir de ese momento, no volvi\u00f3 a ser un hombre libre. Privado de su libertad pas\u00f3 sus d\u00edas con un grave cuadro de salud en comisar\u00edas y penales en muy malas condiciones donde no s\u00f3lo no era asistido medicamente, sino que tampoco lo alimentaban correctamente. Luego de m\u00e1s de un a\u00f1o privado de su libertad, producto de la lucha de familiares y organizaciones populares se consigue que Canciller\u00eda dicte un pedido de repatriaci\u00f3n y le otorgan la prisi\u00f3n domiciliaria. Hasta que el 2 de mayo del a\u00f1o 2022 el juez federal de Esquel Guido Otranto (juez que actu\u00f3 en la causa de Santiago Maldonado), fall\u00f3 a favor de la extradici\u00f3n de Facundo a Colombia.<\/p>\n","protected":false},"excerpt":{"rendered":"<p>[FM Riachuelo, 15\/06\/2022] El d\u00eda de hoy se llev\u00f3 adelante una movilizaci\u00f3n desde retiro a Canciller\u00eda pidiendo la no extradici\u00f3n y libertad del militante Facundo Molares, que se halla privado de su libertad desde el golpe de estado al Estado Plurinacional de Bolivia el 19 de noviembre del 2019. En el lugar, referentes de DD.HH. [&hellip;]<\/p>\n","protected":false},"author":5,"featured_media":15640,"comment_status":"closed","ping_status":"closed","sticky":false,"template":"","format":"standard","meta":{"_monsterinsights_skip_tracking":false,"_monsterinsights_sitenote_active":false,"_monsterinsights_sitenote_note":"","_monsterinsights_sitenote_category":0,"jnews-multi-image_gallery":[],"jnews_single_post":{"format":"standard"},"jnews_primary_category":[],"_joinchat":[],"footnotes":""},"categories":[58],"tags":[70,119],"class_list":["post-15639","post","type-post","status-publish","format-standard","has-post-thumbnail","hentry","category-noticiariachuelo","tag-de-la-patria-grande","tag-derechos-humanos"],"_links":{"self":[{"href":"http:\/\/fmriachuelo.it10.com.ar\/index.php\/wp-json\/wp\/v2\/posts\/15639","targetHints":{"allow":["GET"]}}],"collection":[{"href":"http:\/\/fmriachuelo.it10.com.ar\/index.php\/wp-json\/wp\/v2\/posts"}],"about":[{"href":"http:\/\/fmriachuelo.it10.com.ar\/index.php\/wp-json\/wp\/v2\/types\/post"}],"author":[{"embeddable":true,"href":"http:\/\/fmriachuelo.it10.com.ar\/index.php\/wp-json\/wp\/v2\/users\/5"}],"replies":[{"embeddable":true,"href":"http:\/\/fmriachuelo.it10.com.ar\/index.php\/wp-json\/wp\/v2\/comments?post=15639"}],"version-history":[{"count":1,"href":"http:\/\/fmriachuelo.it10.com.ar\/index.php\/wp-json\/wp\/v2\/posts\/15639\/revisions"}],"predecessor-version":[{"id":22201,"href":"http:\/\/fmriachuelo.it10.com.ar\/index.php\/wp-json\/wp\/v2\/posts\/15639\/revisions\/22201"}],"wp:featuredmedia":[{"embeddable":true,"href":"http:\/\/fmriachuelo.it10.com.ar\/index.php\/wp-json\/wp\/v2\/media\/15640"}],"wp:attachment":[{"href":"http:\/\/fmriachuelo.it10.com.ar\/index.php\/wp-json\/wp\/v2\/media?parent=15639"}],"wp:term":[{"taxonomy":"category","embeddable":true,"href":"http:\/\/fmriachuelo.it10.com.ar\/index.php\/wp-json\/wp\/v2\/categories?post=15639"},{"taxonomy":"post_tag","embeddable":true,"href":"http:\/\/fmriachuelo.it10.com.ar\/index.php\/wp-json\/wp\/v2\/tags?post=15639"}],"curies":[{"name":"wp","href":"https:\/\/api.w.org\/{rel}","templated":true}]}}