{"id":15624,"date":"2022-06-10T22:04:55","date_gmt":"2022-06-10T22:04:55","guid":{"rendered":"http:\/\/fmriachuelo.com.ar\/?p=15624"},"modified":"2025-03-21T17:45:32","modified_gmt":"2025-03-21T20:45:32","slug":"el-trabajo-autogestivo-la-soberania-y-la-articulacion-el-estado-como-superar-la-hegemonia-de-los-poderes-facticos","status":"publish","type":"post","link":"http:\/\/fmriachuelo.it10.com.ar\/index.php\/2022\/06\/10\/el-trabajo-autogestivo-la-soberania-y-la-articulacion-el-estado-como-superar-la-hegemonia-de-los-poderes-facticos\/","title":{"rendered":"EL TRABAJO AUTOGESTIVO, LA SOBERAN\u00cdA Y LA ARTICULACI\u00d3N EL ESTADO: C\u00d3MO SUPERAR LA HEGEMON\u00cdA DE LOS PODERES F\u00c1CTICOS"},"content":{"rendered":"<p><b>[FM Riachuelo, 10\/6\/2022] Este lunes se produjo una buena noticia para la Pesca Artesanal: se iniciaron los cursos de Mariner\u00eda y Patr\u00f3n de Tercera que se realizar\u00e1n en San Clemente del Tuy\u00fa, orientados al fortalecimiento en la capacitaci\u00f3n de los pescadores y pescadoras artesanales. Estos cursos, que cuenta con el apoyo de la Municipalidad de San Clemente, tendr\u00e1n lugar en el renombrado club La Tapera de L\u00f3pez, que se dispuso a brindar sus instalaciones para esta actividad. Los cursos ser\u00e1n gratuitos y los dar\u00e1 el instructor Enrique Est\u00e9vez, quien viene trabajando intensamente para promover la Pesca Artesanal en la regi\u00f3n y en el pa\u00eds.<\/b><\/p>\n<p><span style=\"font-weight: 400\"><img loading=\"lazy\" decoding=\"async\" class=\"size-medium wp-image-15628 alignleft\" src=\"http:\/\/fmriachuelo.com.ar\/wp-content\/uploads\/2022\/06\/WhatsApp-Image-2022-06-09-at-6.55.08-PM-300x200.jpeg\" alt=\"\" width=\"300\" height=\"200\" srcset=\"http:\/\/fmriachuelo.it10.com.ar\/wp-content\/uploads\/2022\/06\/WhatsApp-Image-2022-06-09-at-6.55.08-PM-300x200.jpeg 300w, http:\/\/fmriachuelo.it10.com.ar\/wp-content\/uploads\/2022\/06\/WhatsApp-Image-2022-06-09-at-6.55.08-PM-1024x683.jpeg 1024w, http:\/\/fmriachuelo.it10.com.ar\/wp-content\/uploads\/2022\/06\/WhatsApp-Image-2022-06-09-at-6.55.08-PM-768x512.jpeg 768w, http:\/\/fmriachuelo.it10.com.ar\/wp-content\/uploads\/2022\/06\/WhatsApp-Image-2022-06-09-at-6.55.08-PM-750x500.jpeg 750w, http:\/\/fmriachuelo.it10.com.ar\/wp-content\/uploads\/2022\/06\/WhatsApp-Image-2022-06-09-at-6.55.08-PM-1140x761.jpeg 1140w, http:\/\/fmriachuelo.it10.com.ar\/wp-content\/uploads\/2022\/06\/WhatsApp-Image-2022-06-09-at-6.55.08-PM.jpeg 1280w\" sizes=\"auto, (max-width: 300px) 100vw, 300px\" \/>Tomando este hecho como disparador, invitamos al piso a Luciano \u00c1lvarez, secretario de organizaci\u00f3n del Movimiento Popular Los Pibes, que est\u00e1 acompa\u00f1ando el proceso de organizaci\u00f3n de los pescadores de la Cooperativa La Boya en el marco de la Federaci\u00f3n de Cooperativas de Trabajo Mart\u00edn Oso Cisneros que integra la Uni\u00f3n de Trabajadores y Trabajadoras de la Econom\u00eda Popular (UTEP), y Carlos \u201cCascote\u201d Bertola, coordinador de Pesca Artesanal de la Secretar\u00eda de de Agricultura Familiar, Campesina e Ind\u00edgena (SAFCI).<\/span><\/p>\n<p><span style=\"font-weight: 400\">Para comenzar a interiorizarnos en el tema, Carlos Bertola brind\u00f3 un panorama de la situaci\u00f3n del sector: \u201c<\/span><i><span style=\"font-weight: 400\">Lo que vamos a encontrar es un sector de la Econom\u00eda Popular que se fue quedando afuera de la Pesca Industrial y que empez\u00f3 a desarrollar la actividad en donde lo dejan. Desde los arroyos donde sale a pescar, desde la no infraestructura portuaria, desde la ilegalidad y la falta de permisos<\/span><\/i><span style=\"font-weight: 400\">\u201d.<\/span><\/p>\n<p><span style=\"font-weight: 400\">La Pesca Artesanal es una actividad que genera gran cantidad de riqueza a partir de su producci\u00f3n: alrededor de 20mil pescadores y pescadores artesanales -los relevados hasta el momento- generan cerca de 400 millones de d\u00f3lares. Est\u00e1 claro que hay condiciones de distribuir el alimento en el mundo: \u201c<\/span><i><span style=\"font-weight: 400\">Si nosotros somos productores de alimentos y escasean los alimentos en el mundo, deber\u00eda ser una buena noticia para los argentinos, sin embargo se transforma en esta pesadilla porque los sectores concentrados de la econom\u00eda se quedan con toda la parte del le\u00f3n. Ah\u00ed es donde debemos poner el ojo, trabajar y encontrar mecanismos para que eso no suceda<\/span><\/i><span style=\"font-weight: 400\">\u201d, se\u00f1al\u00f3 Cascote.<img loading=\"lazy\" decoding=\"async\" class=\"size-medium wp-image-15627 alignright\" src=\"http:\/\/fmriachuelo.com.ar\/wp-content\/uploads\/2022\/06\/WhatsApp-Image-2022-06-10-at-4.38.23-PM-300x200.jpeg\" alt=\"\" width=\"300\" height=\"200\" srcset=\"http:\/\/fmriachuelo.it10.com.ar\/wp-content\/uploads\/2022\/06\/WhatsApp-Image-2022-06-10-at-4.38.23-PM-300x200.jpeg 300w, http:\/\/fmriachuelo.it10.com.ar\/wp-content\/uploads\/2022\/06\/WhatsApp-Image-2022-06-10-at-4.38.23-PM-1024x683.jpeg 1024w, http:\/\/fmriachuelo.it10.com.ar\/wp-content\/uploads\/2022\/06\/WhatsApp-Image-2022-06-10-at-4.38.23-PM-768x512.jpeg 768w, http:\/\/fmriachuelo.it10.com.ar\/wp-content\/uploads\/2022\/06\/WhatsApp-Image-2022-06-10-at-4.38.23-PM-750x500.jpeg 750w, http:\/\/fmriachuelo.it10.com.ar\/wp-content\/uploads\/2022\/06\/WhatsApp-Image-2022-06-10-at-4.38.23-PM-1140x761.jpeg 1140w, http:\/\/fmriachuelo.it10.com.ar\/wp-content\/uploads\/2022\/06\/WhatsApp-Image-2022-06-10-at-4.38.23-PM.jpeg 1280w\" sizes=\"auto, (max-width: 300px) 100vw, 300px\" \/><\/span><\/p>\n<p><span style=\"font-weight: 400\">Luciano \u00c1lvarez hizo referencia a la actividad del viernes 3 de junio en que <a href=\"https:\/\/n9.cl\/lsvpy\">se inaugur\u00f3 la sede de La Boya en Pipinas<\/a><\/span><span style=\"font-weight: 400\">, con presencia de funcionarios del municipio, quienes hab\u00edan brindado un panorama sobre el tipo de alimentaci\u00f3n en la regi\u00f3n: \u201c<\/span><i><span style=\"font-weight: 400\">Un municipio que todo el borde es el R\u00edo de la Plata, con una costa hermosa en la zona de Punta Indio, una zona hiper productiva en la Bah\u00eda de Samboromb\u00f3n, y as\u00ed y todo, el pueblo de Pipinas, de Punta Indio, de Ver\u00f3nica, no come pescado. Y si come pescado, no come pescado propio, sino el pescado intermediado por todo el mecanismo que encarece los precios. Entonces los compa\u00f1eros viven ah\u00ed, pescan ah\u00ed, ese pescado se lo apropia un frigor\u00edfico, que se lo lleva de ah\u00ed hacia la costa y una parte muy importante se va afuera del pa\u00eds, no alimenta a esa poblaci\u00f3n y si lo alimenta, lo hace a tres veces su valor<\/span><\/i><span style=\"font-weight: 400\">\u201d, explic\u00f3 \u00c1lvarez.<\/span><\/p>\n<p><span style=\"font-weight: 400\"><img loading=\"lazy\" decoding=\"async\" class=\"size-medium wp-image-15625 alignleft\" src=\"http:\/\/fmriachuelo.com.ar\/wp-content\/uploads\/2022\/06\/WhatsApp-Image-2022-06-09-at-1.57.00-PM-300x200.jpeg\" alt=\"\" width=\"300\" height=\"200\" srcset=\"http:\/\/fmriachuelo.it10.com.ar\/wp-content\/uploads\/2022\/06\/WhatsApp-Image-2022-06-09-at-1.57.00-PM-300x200.jpeg 300w, http:\/\/fmriachuelo.it10.com.ar\/wp-content\/uploads\/2022\/06\/WhatsApp-Image-2022-06-09-at-1.57.00-PM-1024x682.jpeg 1024w, http:\/\/fmriachuelo.it10.com.ar\/wp-content\/uploads\/2022\/06\/WhatsApp-Image-2022-06-09-at-1.57.00-PM-768x512.jpeg 768w, http:\/\/fmriachuelo.it10.com.ar\/wp-content\/uploads\/2022\/06\/WhatsApp-Image-2022-06-09-at-1.57.00-PM-750x500.jpeg 750w, http:\/\/fmriachuelo.it10.com.ar\/wp-content\/uploads\/2022\/06\/WhatsApp-Image-2022-06-09-at-1.57.00-PM-1140x760.jpeg 1140w, http:\/\/fmriachuelo.it10.com.ar\/wp-content\/uploads\/2022\/06\/WhatsApp-Image-2022-06-09-at-1.57.00-PM.jpeg 1280w\" sizes=\"auto, (max-width: 300px) 100vw, 300px\" \/>\u201c<\/span><i><span style=\"font-weight: 400\">Lo m\u00e1s incre\u00edble de esto es que lo discut\u00edamos con el Estado. Hoy estamos con Cascote que adem\u00e1s de ser compa\u00f1ero de militancia de hace a\u00f1os, es el Estado. Entonces decimos \u2018ya est\u00e1, se acab\u00f3 el problema porque nos juntamos con el Estado, tema resuelto\u2019, pero no porque despu\u00e9s est\u00e1 el Poder F\u00e1ctico, que es el que efectivamente hace que el Estado no pueda operar como debiera cuando tiene la voluntad pol\u00edtica<\/span><\/i><span style=\"font-weight: 400\">\u201d, agreg\u00f3 Luciano.<\/span><\/p>\n<p><span style=\"font-weight: 400\"><a href=\"https:\/\/n9.cl\/934ny\">El mi\u00e9rcoles la UTEP realiz\u00f3 una jornada nacional bajo la consigna \u201cBajen los precios. Con la comida no se jode\u201d<\/a>, que en la Ciudad de Buenos Aires tuvo su centro en una marcha hasta la COPAL (Coordinadora de Industrias de Productos de Alimentos)<\/span><span style=\"font-weight: 400\">, donde el Gringo Castro, secretario general, remarc\u00f3 que el problema de los alimentos tiene soluci\u00f3n a trav\u00e9s del trabajo, la organizaci\u00f3n y la lucha de nuestro pueblo. A partir de esta idea, \u00c1lvarez expres\u00f3: \u201c<\/span><i><span style=\"font-weight: 400\">Hay que darse una estrategia de acumulaci\u00f3n popular para ir por sectores grandes del poder, en las grandes decisiones y tambi\u00e9n en las peque\u00f1as. Habr\u00e1 que juntar fuerzas con el Estado e ir por los que no nos dejan poder decidir sobre algo tan central como la alimentaci\u00f3n de nuestro pueblo<\/span><\/i><span style=\"font-weight: 400\">\u201d.<\/span><\/p>\n<p><span style=\"font-weight: 400\">El debate continu\u00f3 profundiz\u00e1ndose en la situaci\u00f3n de los pescadores y pescadoras artesanales, excluidos de la legalidad pero con una pr\u00e1ctica profundamente leg\u00edtima. Cascote y Luciano aportaron sus miradas sobre el rol que est\u00e1 cumpliendo el trabajo autogestivo en la construcci\u00f3n de la soberan\u00eda alimentaria y tambi\u00e9n la soberan\u00eda en general, afectada en nuestras Patrias por un escenario de ocupaci\u00f3n y guerra de las potencias extranjeras hacia los pueblos.<\/span><\/p>\n<p><span style=\"font-weight: 400\">Te invitamos a escuchar la entrevista completa, que propici\u00f3 un debate muy rico alrededor de estos temas de tanta relevancia para nuestro pueblo:<\/span><\/p>\n<p><a href=\"https:\/\/ar.radiocut.fm\/audiocut\/pesca-artesanal-entrevista-a-cascote-bertola-y-luciano-alvarez\/\"><span style=\"font-weight: 400\">https:\/\/ar.radiocut.fm\/audiocut\/pesca-artesanal-entrevista-a-cascote-bertola-y-luciano-alvarez\/<\/span><\/a><\/p>\n","protected":false},"excerpt":{"rendered":"<p>[FM Riachuelo, 10\/6\/2022] Este lunes se produjo una buena noticia para la Pesca Artesanal: se iniciaron los cursos de Mariner\u00eda y Patr\u00f3n de Tercera que se realizar\u00e1n en San Clemente del Tuy\u00fa, orientados al fortalecimiento en la capacitaci\u00f3n de los pescadores y pescadoras artesanales. Estos cursos, que cuenta con el apoyo de la Municipalidad de [&hellip;]<\/p>\n","protected":false},"author":5,"featured_media":15626,"comment_status":"closed","ping_status":"closed","sticky":false,"template":"","format":"standard","meta":{"_monsterinsights_skip_tracking":false,"_monsterinsights_sitenote_active":false,"_monsterinsights_sitenote_note":"","_monsterinsights_sitenote_category":0,"jnews-multi-image_gallery":[],"jnews_single_post":{"format":"standard"},"jnews_primary_category":[],"_joinchat":[],"footnotes":""},"categories":[63],"tags":[68,149,94],"class_list":["post-15624","post","type-post","status-publish","format-standard","has-post-thumbnail","hentry","category-entrevista-riachuelo","tag-de-los-trabajadores","tag-educacion-popular","tag-soberania-alimentaria"],"_links":{"self":[{"href":"http:\/\/fmriachuelo.it10.com.ar\/index.php\/wp-json\/wp\/v2\/posts\/15624","targetHints":{"allow":["GET"]}}],"collection":[{"href":"http:\/\/fmriachuelo.it10.com.ar\/index.php\/wp-json\/wp\/v2\/posts"}],"about":[{"href":"http:\/\/fmriachuelo.it10.com.ar\/index.php\/wp-json\/wp\/v2\/types\/post"}],"author":[{"embeddable":true,"href":"http:\/\/fmriachuelo.it10.com.ar\/index.php\/wp-json\/wp\/v2\/users\/5"}],"replies":[{"embeddable":true,"href":"http:\/\/fmriachuelo.it10.com.ar\/index.php\/wp-json\/wp\/v2\/comments?post=15624"}],"version-history":[{"count":1,"href":"http:\/\/fmriachuelo.it10.com.ar\/index.php\/wp-json\/wp\/v2\/posts\/15624\/revisions"}],"predecessor-version":[{"id":22203,"href":"http:\/\/fmriachuelo.it10.com.ar\/index.php\/wp-json\/wp\/v2\/posts\/15624\/revisions\/22203"}],"wp:featuredmedia":[{"embeddable":true,"href":"http:\/\/fmriachuelo.it10.com.ar\/index.php\/wp-json\/wp\/v2\/media\/15626"}],"wp:attachment":[{"href":"http:\/\/fmriachuelo.it10.com.ar\/index.php\/wp-json\/wp\/v2\/media?parent=15624"}],"wp:term":[{"taxonomy":"category","embeddable":true,"href":"http:\/\/fmriachuelo.it10.com.ar\/index.php\/wp-json\/wp\/v2\/categories?post=15624"},{"taxonomy":"post_tag","embeddable":true,"href":"http:\/\/fmriachuelo.it10.com.ar\/index.php\/wp-json\/wp\/v2\/tags?post=15624"}],"curies":[{"name":"wp","href":"https:\/\/api.w.org\/{rel}","templated":true}]}}