{"id":15616,"date":"2022-06-08T23:38:43","date_gmt":"2022-06-08T23:38:43","guid":{"rendered":"http:\/\/fmriachuelo.com.ar\/?p=15616"},"modified":"2025-04-01T15:02:58","modified_gmt":"2025-04-01T18:02:58","slug":"si-la-comida-no-esta-en-manos-del-pueblo-trabajador","status":"publish","type":"post","link":"http:\/\/fmriachuelo.it10.com.ar\/index.php\/2022\/06\/08\/si-la-comida-no-esta-en-manos-del-pueblo-trabajador\/","title":{"rendered":"SI LA COMIDA NO EST\u00c1 EN MANOS DEL PUEBLO TRABAJADOR\u2026"},"content":{"rendered":"<p><b>[FM Riachuelo, 8\/6\/2022] El pueblo trabajador advierte la hambruna que se acerca, casi ya instalada: los precios de los alimentos est\u00e1n lejos de ser accesibles y eso sucede a partir de una decisi\u00f3n de las grandes empresas formadoras de precios. Frente a esto, las organizaciones populares trabajan y luchan para garantizar la alimentaci\u00f3n de nuestra poblaci\u00f3n: hace dos semanas se vivi\u00f3 un pescadazo y canoazo en el Congreso, con pescado a precios populares, para impulsar la <a href=\"https:\/\/n9.cl\/ewyh8a\">Ley de Pesca Artesanal<\/a>, y hoy se realiz\u00f3 una Jornada Nacional para exigir que bajen los precios a las grandes empresas de alimentos.<\/b><\/p>\n<p><span style=\"font-weight: 400\">En el marco de una Jornada Nacional bajo la consigna <\/span><b>\u201cBajen los precios. Con la comida no se jode\u201d<\/b><span style=\"font-weight: 400\">, organizaciones de la <\/span><b>Uni\u00f3n de Trabajadores y Trabajadoras de la Econom\u00eda Popular (UTEP)<\/b><span style=\"font-weight: 400\"> de la Ciudad de Buenos Aires, movilizaron desde el Obelisco hasta la <\/span><b>Coordinadora de Industrias de Producci\u00f3n de Alimentos (COPAL)<\/b><span style=\"font-weight: 400\">, organismo que agrupa a las grandes empresas formadoras de precios.<\/span><\/p>\n<p><span style=\"font-weight: 400\">Las organizaciones, los emprendimientos, los comedores y merenderos de la Econom\u00eda Popular son los que se encargan de garantizar la alimentaci\u00f3n de nuestro pueblo, pero lo recursos son escasos y es necesario presionar a los poderes f\u00e1cticos y al Estado para que \u201cdejen de joder con la comida\u201d.<\/span><\/p>\n<p><span style=\"font-weight: 400\"><img loading=\"lazy\" decoding=\"async\" class=\"size-medium wp-image-15622 alignleft\" src=\"http:\/\/fmriachuelo.com.ar\/wp-content\/uploads\/2022\/06\/WhatsApp-Image-2022-06-08-at-7.06.47-PM-2-300x200.jpeg\" alt=\"\" width=\"300\" height=\"200\" srcset=\"http:\/\/fmriachuelo.it10.com.ar\/wp-content\/uploads\/2022\/06\/WhatsApp-Image-2022-06-08-at-7.06.47-PM-2-300x200.jpeg 300w, http:\/\/fmriachuelo.it10.com.ar\/wp-content\/uploads\/2022\/06\/WhatsApp-Image-2022-06-08-at-7.06.47-PM-2-1024x682.jpeg 1024w, http:\/\/fmriachuelo.it10.com.ar\/wp-content\/uploads\/2022\/06\/WhatsApp-Image-2022-06-08-at-7.06.47-PM-2-768x512.jpeg 768w, http:\/\/fmriachuelo.it10.com.ar\/wp-content\/uploads\/2022\/06\/WhatsApp-Image-2022-06-08-at-7.06.47-PM-2-750x500.jpeg 750w, http:\/\/fmriachuelo.it10.com.ar\/wp-content\/uploads\/2022\/06\/WhatsApp-Image-2022-06-08-at-7.06.47-PM-2-1140x760.jpeg 1140w, http:\/\/fmriachuelo.it10.com.ar\/wp-content\/uploads\/2022\/06\/WhatsApp-Image-2022-06-08-at-7.06.47-PM-2.jpeg 1280w\" sizes=\"auto, (max-width: 300px) 100vw, 300px\" \/>Durante la movilizaci\u00f3n que parti\u00f3 desde el Obelisco, FM Riachuelo entrevist\u00f3 a <\/span><b>Luciano \u00c1lvarez<\/b><span style=\"font-weight: 400\">, secretario de organizaci\u00f3n del <\/span><b>Movimiento Popular Los Pibes<\/b><span style=\"font-weight: 400\">, que en este contexto en el que los poderosos descansan sobre la espalda de los m\u00e1s humildes, expres\u00f3: \u201c<\/span><i><span style=\"font-weight: 400\">Desde ah\u00ed hoy la UTEP decidi\u00f3 salir en unidad a decirle a los empresarios que paren la mano, que bajen los precios, a decirle al Estado que tiene que jugar un papel. Est\u00e1 bien que le reclamemos a los empresarios, pero si ellos no lo hacen, existen leyes de abastecimiento y muchas medidas que el Gobierno Nacional puede tomar para meter en caja la voracidad de los adoradores del dios dinero y de las c\u00e1maras empresarias alimenticias<\/span><\/i><span style=\"font-weight: 400\">\u201d.<\/span><\/p>\n<p><span style=\"font-weight: 400\">Como si el hambre fuera poco, en estos d\u00edas incluso hubo que escuchar una \u201ctomada de pelo\u201d por parte de Federico Braun, titular de La An\u00f3nima, principal cadena de supermercados desde Tierra del Fuego hasta varios puntos de la Patagonia, quien expres\u00f3 que \u201cremarca precios todos los d\u00edas\u201d para bajar la inflaci\u00f3n.<\/span><\/p>\n<p><span style=\"font-weight: 400\"><a href=\"https:\/\/n9.cl\/wrkic\">En declaraciones para T\u00e9lam<\/a>, el secretario de Derechos Humanos de la UTEP y coordinador nacional del Movimiento Popular Los Pibes, Lito Borello, exreps\u00f3 su repudio: \u00ab<\/span><i><span style=\"font-weight: 400\">Es miserable el proceder de Braun, y a la vez es un claro exponente de la rancia oligarqu\u00eda, que siempre ha despreciado a los trabajadores y a los pobres y ha acumulado ganancias en base a nuestro hambre y esfuerzo. Sus declaraciones nos ofenden, y nos predisponen a la autodefensa popular frente a su accionar<\/span><\/i><span style=\"font-weight: 400\">\u201d.<\/span><\/p>\n<p><span style=\"font-weight: 400\">Una vez en la puerta de la COPAL, esta multitudinaria movilizaci\u00f3n en unidad culmin\u00f3 con un acto donde tomaron la palabra integrantes del secretariado nacional de la UTEP: <\/span><b>Gildo Onorato<\/b><span style=\"font-weight: 400\">, secretario gremial y militante del <\/span><b>Movimiento Evita<\/b><span style=\"font-weight: 400\">, <\/span><b>Dina S\u00e1nchez<\/b><span style=\"font-weight: 400\">, secretaria adjunta y del <\/span><b>Frente Popular Dar\u00edo Santill\u00e1n<\/b><span style=\"font-weight: 400\">, <\/span><b>Norma Morales<\/b><span style=\"font-weight: 400\">, secretaria adjunta y de Barrios de Pie, <\/span><b>Cristian Erramuspe<\/b><span style=\"font-weight: 400\">, secretario de Acci\u00f3n Pol\u00edtica y del <\/span><b>Frente 22 de Agosto<\/b><span style=\"font-weight: 400\">, y <\/span><b>Esteban Gringo Castro<\/b><span style=\"font-weight: 400\">, secretario general. Tambi\u00e9n el referente de la <strong>Corriente Clasista y Combativa<\/strong> (CCC), <strong>Jorge Godoy<\/strong>, y <strong>Daniela<\/strong> de <strong>Nuestra Am\u00e9rica<\/strong>.<\/span><\/p>\n<p><span style=\"font-weight: 400\">El Gringo fue contundente: remarc\u00f3 la necesidad de dar la lucha contra estos sectores que son los principales responsables de que nuestro pueblo no coma, pero no dej\u00f3 de lado que el camino est\u00e1 en que el pueblo trabajador sea el principal encargado de su propia alimentaci\u00f3n:<img loading=\"lazy\" decoding=\"async\" class=\"size-medium wp-image-15619 alignright\" src=\"http:\/\/fmriachuelo.com.ar\/wp-content\/uploads\/2022\/06\/WhatsApp-Image-2022-06-08-at-12.56.46-PM-300x200.jpeg\" alt=\"\" width=\"300\" height=\"200\" srcset=\"http:\/\/fmriachuelo.it10.com.ar\/wp-content\/uploads\/2022\/06\/WhatsApp-Image-2022-06-08-at-12.56.46-PM-300x200.jpeg 300w, http:\/\/fmriachuelo.it10.com.ar\/wp-content\/uploads\/2022\/06\/WhatsApp-Image-2022-06-08-at-12.56.46-PM-1024x682.jpeg 1024w, http:\/\/fmriachuelo.it10.com.ar\/wp-content\/uploads\/2022\/06\/WhatsApp-Image-2022-06-08-at-12.56.46-PM-768x512.jpeg 768w, http:\/\/fmriachuelo.it10.com.ar\/wp-content\/uploads\/2022\/06\/WhatsApp-Image-2022-06-08-at-12.56.46-PM-1536x1023.jpeg 1536w, http:\/\/fmriachuelo.it10.com.ar\/wp-content\/uploads\/2022\/06\/WhatsApp-Image-2022-06-08-at-12.56.46-PM-750x500.jpeg 750w, http:\/\/fmriachuelo.it10.com.ar\/wp-content\/uploads\/2022\/06\/WhatsApp-Image-2022-06-08-at-12.56.46-PM-1140x760.jpeg 1140w, http:\/\/fmriachuelo.it10.com.ar\/wp-content\/uploads\/2022\/06\/WhatsApp-Image-2022-06-08-at-12.56.46-PM.jpeg 1600w\" sizes=\"auto, (max-width: 300px) 100vw, 300px\" \/><\/span><\/p>\n<p><span style=\"font-weight: 400\">\u201c<\/span><i><span style=\"font-weight: 400\">No venimos ac\u00e1 a pedir o a rogar que bajen los precios, venimos a exigirlo, porque somos parte constituyente de un pueblo que resuelve los problemas de alimentaci\u00f3n. Tendr\u00edan que ir a nuestros barrios porque ah\u00ed est\u00e1 la verdadera preocupaci\u00f3n de nuestras compa\u00f1eras por garantizar el alimento al que no lo tiene. Los que han concentrado la producci\u00f3n, la distribuci\u00f3n, la exportaci\u00f3n de alimento, no pueden garantizarlo al conjunto de nuestro pueblo, ah\u00ed hay una contradicci\u00f3n muy fuerte. Por eso compa\u00f1eros y compa\u00f1eras, no nos queda alternativa que construir un nosotros cada vez mas amplio de movilizaci\u00f3n y de organizaci\u00f3n popular. Los precios van a bajar con movilizaci\u00f3n y organizaci\u00f3n<\/span><\/i><span style=\"font-weight: 400\">\u201d.<\/span><\/p>\n<p><span style=\"font-weight: 400\">Est\u00e1 claro que hay una lucha importante contra los poderes f\u00e1cticos que tienen la principal responsabilidad en la hambruna que se avecina, pero tambi\u00e9n es interesante reflexionar que si la comida no est\u00e1 en manos del pueblo, dif\u00edcil es pensar en que los poderosos se sensibilicen con la dura situaci\u00f3n global que se profundiza cada d\u00eda en torno a los alimentos.<\/span><\/p>\n<p><span style=\"font-weight: 400\">Esta idea fue reforzada al momento de desconcentrar la movilizaci\u00f3n. FM Riachuelo entrevist\u00f3 a <\/span><b>Valeria Gracia<\/b><span style=\"font-weight: 400\">, integrante de la organizaci\u00f3n de base <\/span><b>Comunidad Agroecol\u00f3gica Milpa<\/b><span style=\"font-weight: 400\">, que marc\u00f3 la cancha: \u201c<\/span><i><span style=\"font-weight: 400\">Somos nosotros los que producimos, no son esas empresas. Nosotros vamos a hacer que la comercializaci\u00f3n sea una comercializaci\u00f3n popular, que sea un intercambio a un precio justo. Por eso hoy m\u00e1s que nunca la Econom\u00eda Popular se organiza para producir y comercializar, porque los compa\u00f1eros podemos comer de lo que producen nuestros propios compa\u00f1eros<\/span><\/i><span style=\"font-weight: 400\">\u201d.<\/span><\/p>\n<p><span style=\"font-weight: 400\">No es s\u00f3lo en el conflicto entre Ucrania y Rusia que suenan los tambores de guerra. El hambre que vive nuestro pueblo expresa una guerra econ\u00f3mica librada por los poderes globales a los sectores populares de todo el mundo, y est\u00e1 claro que sin organizaci\u00f3n y lucha la situaci\u00f3n no va a cambiar.<\/span><\/p>\n","protected":false},"excerpt":{"rendered":"<p>[FM Riachuelo, 8\/6\/2022] El pueblo trabajador advierte la hambruna que se acerca, casi ya instalada: los precios de los alimentos est\u00e1n lejos de ser accesibles y eso sucede a partir de una decisi\u00f3n de las grandes empresas formadoras de precios. Frente a esto, las organizaciones populares trabajan y luchan para garantizar la alimentaci\u00f3n de nuestra [&hellip;]<\/p>\n","protected":false},"author":5,"featured_media":15618,"comment_status":"closed","ping_status":"closed","sticky":false,"template":"","format":"standard","meta":{"_monsterinsights_skip_tracking":false,"_monsterinsights_sitenote_active":false,"_monsterinsights_sitenote_note":"","_monsterinsights_sitenote_category":0,"jnews-multi-image_gallery":[],"jnews_single_post":{"format":"standard"},"jnews_primary_category":[],"_joinchat":[],"footnotes":""},"categories":[58],"tags":[154,153,94],"class_list":["post-15616","post","type-post","status-publish","format-standard","has-post-thumbnail","hentry","category-noticiariachuelo","tag-economia-popular-2","tag-soberania-2","tag-soberania-alimentaria"],"_links":{"self":[{"href":"http:\/\/fmriachuelo.it10.com.ar\/index.php\/wp-json\/wp\/v2\/posts\/15616","targetHints":{"allow":["GET"]}}],"collection":[{"href":"http:\/\/fmriachuelo.it10.com.ar\/index.php\/wp-json\/wp\/v2\/posts"}],"about":[{"href":"http:\/\/fmriachuelo.it10.com.ar\/index.php\/wp-json\/wp\/v2\/types\/post"}],"author":[{"embeddable":true,"href":"http:\/\/fmriachuelo.it10.com.ar\/index.php\/wp-json\/wp\/v2\/users\/5"}],"replies":[{"embeddable":true,"href":"http:\/\/fmriachuelo.it10.com.ar\/index.php\/wp-json\/wp\/v2\/comments?post=15616"}],"version-history":[{"count":1,"href":"http:\/\/fmriachuelo.it10.com.ar\/index.php\/wp-json\/wp\/v2\/posts\/15616\/revisions"}],"predecessor-version":[{"id":22204,"href":"http:\/\/fmriachuelo.it10.com.ar\/index.php\/wp-json\/wp\/v2\/posts\/15616\/revisions\/22204"}],"wp:featuredmedia":[{"embeddable":true,"href":"http:\/\/fmriachuelo.it10.com.ar\/index.php\/wp-json\/wp\/v2\/media\/15618"}],"wp:attachment":[{"href":"http:\/\/fmriachuelo.it10.com.ar\/index.php\/wp-json\/wp\/v2\/media?parent=15616"}],"wp:term":[{"taxonomy":"category","embeddable":true,"href":"http:\/\/fmriachuelo.it10.com.ar\/index.php\/wp-json\/wp\/v2\/categories?post=15616"},{"taxonomy":"post_tag","embeddable":true,"href":"http:\/\/fmriachuelo.it10.com.ar\/index.php\/wp-json\/wp\/v2\/tags?post=15616"}],"curies":[{"name":"wp","href":"https:\/\/api.w.org\/{rel}","templated":true}]}}