{"id":15607,"date":"2022-06-05T16:24:04","date_gmt":"2022-06-05T16:24:04","guid":{"rendered":"http:\/\/fmriachuelo.com.ar\/?p=15607"},"modified":"2025-04-01T15:04:02","modified_gmt":"2025-04-01T18:04:02","slug":"pesca-artesanal-se-inauguro-la-sede-de-la-cooperativa-la-boya-en-pipinas","status":"publish","type":"post","link":"http:\/\/fmriachuelo.it10.com.ar\/index.php\/2022\/06\/05\/pesca-artesanal-se-inauguro-la-sede-de-la-cooperativa-la-boya-en-pipinas\/","title":{"rendered":"PESCA ARTESANAL: SE INAUGUR\u00d3 LA SEDE DE LA COOPERATIVA LA BOYA EN PIPINAS"},"content":{"rendered":"<p><b>[FM Riachuelo, 5\/6\/2022] El viernes pasado, en Pipinas, se inaugur\u00f3 la sede de la Cooperativa de Pesca Artesanal La Boya, que funcionar\u00e1 para que los pescadores y pescadoras tengan un lugar propio en el que puedan realizar actividades necesarias para llevar adelante su trabajo. La inauguraci\u00f3n cont\u00f3 con la presencia de funcionarios del municipio, y del secretario de Derechos Humanos de la Uni\u00f3n de Trabajadores y Trabajadoras de la Econom\u00eda Popular (UTEP), Lito Borello.<\/b><\/p>\n<p><span style=\"font-weight: 400\"><img loading=\"lazy\" decoding=\"async\" class=\"size-medium wp-image-15612 alignright\" src=\"http:\/\/fmriachuelo.com.ar\/wp-content\/uploads\/2022\/06\/WhatsApp-Image-2022-06-05-at-12.59.42-PM-1-300x200.jpeg\" alt=\"\" width=\"300\" height=\"200\" srcset=\"http:\/\/fmriachuelo.it10.com.ar\/wp-content\/uploads\/2022\/06\/WhatsApp-Image-2022-06-05-at-12.59.42-PM-1-300x200.jpeg 300w, http:\/\/fmriachuelo.it10.com.ar\/wp-content\/uploads\/2022\/06\/WhatsApp-Image-2022-06-05-at-12.59.42-PM-1-1024x683.jpeg 1024w, http:\/\/fmriachuelo.it10.com.ar\/wp-content\/uploads\/2022\/06\/WhatsApp-Image-2022-06-05-at-12.59.42-PM-1-768x512.jpeg 768w, http:\/\/fmriachuelo.it10.com.ar\/wp-content\/uploads\/2022\/06\/WhatsApp-Image-2022-06-05-at-12.59.42-PM-1-1536x1024.jpeg 1536w, http:\/\/fmriachuelo.it10.com.ar\/wp-content\/uploads\/2022\/06\/WhatsApp-Image-2022-06-05-at-12.59.42-PM-1-750x500.jpeg 750w, http:\/\/fmriachuelo.it10.com.ar\/wp-content\/uploads\/2022\/06\/WhatsApp-Image-2022-06-05-at-12.59.42-PM-1-1140x760.jpeg 1140w, http:\/\/fmriachuelo.it10.com.ar\/wp-content\/uploads\/2022\/06\/WhatsApp-Image-2022-06-05-at-12.59.42-PM-1.jpeg 1599w\" sizes=\"auto, (max-width: 300px) 100vw, 300px\" \/>En la sede habr\u00e1 una c\u00e1mara de fileteo y una c\u00e1mara de fr\u00edo para almacenar el pescado. Tambi\u00e9n est\u00e1 proyectado construir un Sal\u00f3n de Usos M\u00faltiples para los cooperativistas de La Boya y los vecinos del pueblo. Otro paso m\u00e1s para fortalecer el trabajo de los pescadores y pescadoras artesanales.<\/span><\/p>\n<p><span style=\"font-weight: 400\">La jornada cont\u00f3 con la presencia de Pamela Cocaro, secretaria de Gobierno de Punta Indio, Facundo Galv\u00e1n, director de Turismo, y Jos\u00e9 \u00abTopo\u00bb Diaz, concejal e integrante de la cooperativa del hotel recuperado Pipinas Viva, quienes manifestaron su compromiso a acompa\u00f1ar los procesos de organizaci\u00f3n y fortalecimiento del sector en la localidad.<\/span><\/p>\n<p><span style=\"font-weight: 400\"><img loading=\"lazy\" decoding=\"async\" class=\"size-medium wp-image-15610 alignleft\" src=\"http:\/\/fmriachuelo.com.ar\/wp-content\/uploads\/2022\/06\/WhatsApp-Image-2022-06-05-at-12.59.47-PM-300x200.jpeg\" alt=\"\" width=\"300\" height=\"200\" srcset=\"http:\/\/fmriachuelo.it10.com.ar\/wp-content\/uploads\/2022\/06\/WhatsApp-Image-2022-06-05-at-12.59.47-PM-300x200.jpeg 300w, http:\/\/fmriachuelo.it10.com.ar\/wp-content\/uploads\/2022\/06\/WhatsApp-Image-2022-06-05-at-12.59.47-PM-1024x683.jpeg 1024w, http:\/\/fmriachuelo.it10.com.ar\/wp-content\/uploads\/2022\/06\/WhatsApp-Image-2022-06-05-at-12.59.47-PM-768x512.jpeg 768w, http:\/\/fmriachuelo.it10.com.ar\/wp-content\/uploads\/2022\/06\/WhatsApp-Image-2022-06-05-at-12.59.47-PM-1536x1024.jpeg 1536w, http:\/\/fmriachuelo.it10.com.ar\/wp-content\/uploads\/2022\/06\/WhatsApp-Image-2022-06-05-at-12.59.47-PM-750x500.jpeg 750w, http:\/\/fmriachuelo.it10.com.ar\/wp-content\/uploads\/2022\/06\/WhatsApp-Image-2022-06-05-at-12.59.47-PM-1140x760.jpeg 1140w, http:\/\/fmriachuelo.it10.com.ar\/wp-content\/uploads\/2022\/06\/WhatsApp-Image-2022-06-05-at-12.59.47-PM.jpeg 1599w\" sizes=\"auto, (max-width: 300px) 100vw, 300px\" \/>Vanesa Morales, presidenta de La Boya, expres\u00f3 su sentir frente a esta nueva conquista: \u201c<\/span><i><span style=\"font-weight: 400\">Despu\u00e9s de tantos a\u00f1os de lucha, este fue uno en el que empezamos bien: sali\u00f3 la cooperativa, adquirimos las lanchas, la sede, que es el lugar que tanto quer\u00edamos para poder desarrollar todo lo que nos proponemos y para qu\u00e9 lado queremos ir<\/span><\/i><span style=\"font-weight: 400\">\u201d.<\/span><\/p>\n<p><span style=\"font-weight: 400\">Tambi\u00e9n participaron Luciano \u00c1lvarez, secretario de organizaci\u00f3n del Movimiento Popular Los Pibes, y Lito Borello, coordinador nacional del Movimiento y secretario de Derechos Humanos de la UTEP. Borello celebr\u00f3 este proceso del pueblo organiz\u00e1ndose: \u201c<\/span><i><span style=\"font-weight: 400\">Nosotros creemos que no hay manera de llevar adelante un poder institucional sin un poder popular acompa\u00f1ando. En cualquiera de las luchas que nosotros queramos emprender, vamos a chocar contra un poder f\u00e1ctico que act\u00faa de hecho un minutos despu\u00e9s de que hablamos nosotros. Por lo tanto, ojal\u00e1 podamos generar la sinergia necesaria para poder obtener soberan\u00eda alimentaria<\/span><\/i><span style=\"font-weight: 400\">\u201d.<\/span><\/p>\n","protected":false},"excerpt":{"rendered":"<p>[FM Riachuelo, 5\/6\/2022] El viernes pasado, en Pipinas, se inaugur\u00f3 la sede de la Cooperativa de Pesca Artesanal La Boya, que funcionar\u00e1 para que los pescadores y pescadoras tengan un lugar propio en el que puedan realizar actividades necesarias para llevar adelante su trabajo. La inauguraci\u00f3n cont\u00f3 con la presencia de funcionarios del municipio, y [&hellip;]<\/p>\n","protected":false},"author":5,"featured_media":15608,"comment_status":"closed","ping_status":"closed","sticky":false,"template":"","format":"standard","meta":{"_monsterinsights_skip_tracking":false,"_monsterinsights_sitenote_active":false,"_monsterinsights_sitenote_note":"","_monsterinsights_sitenote_category":0,"jnews-multi-image_gallery":[],"jnews_single_post":{"format":"standard"},"jnews_primary_category":[],"_joinchat":[],"footnotes":""},"categories":[58],"tags":[154,94,148],"class_list":["post-15607","post","type-post","status-publish","format-standard","has-post-thumbnail","hentry","category-noticiariachuelo","tag-economia-popular-2","tag-soberania-alimentaria","tag-trabajo"],"_links":{"self":[{"href":"http:\/\/fmriachuelo.it10.com.ar\/index.php\/wp-json\/wp\/v2\/posts\/15607","targetHints":{"allow":["GET"]}}],"collection":[{"href":"http:\/\/fmriachuelo.it10.com.ar\/index.php\/wp-json\/wp\/v2\/posts"}],"about":[{"href":"http:\/\/fmriachuelo.it10.com.ar\/index.php\/wp-json\/wp\/v2\/types\/post"}],"author":[{"embeddable":true,"href":"http:\/\/fmriachuelo.it10.com.ar\/index.php\/wp-json\/wp\/v2\/users\/5"}],"replies":[{"embeddable":true,"href":"http:\/\/fmriachuelo.it10.com.ar\/index.php\/wp-json\/wp\/v2\/comments?post=15607"}],"version-history":[{"count":1,"href":"http:\/\/fmriachuelo.it10.com.ar\/index.php\/wp-json\/wp\/v2\/posts\/15607\/revisions"}],"predecessor-version":[{"id":22205,"href":"http:\/\/fmriachuelo.it10.com.ar\/index.php\/wp-json\/wp\/v2\/posts\/15607\/revisions\/22205"}],"wp:featuredmedia":[{"embeddable":true,"href":"http:\/\/fmriachuelo.it10.com.ar\/index.php\/wp-json\/wp\/v2\/media\/15608"}],"wp:attachment":[{"href":"http:\/\/fmriachuelo.it10.com.ar\/index.php\/wp-json\/wp\/v2\/media?parent=15607"}],"wp:term":[{"taxonomy":"category","embeddable":true,"href":"http:\/\/fmriachuelo.it10.com.ar\/index.php\/wp-json\/wp\/v2\/categories?post=15607"},{"taxonomy":"post_tag","embeddable":true,"href":"http:\/\/fmriachuelo.it10.com.ar\/index.php\/wp-json\/wp\/v2\/tags?post=15607"}],"curies":[{"name":"wp","href":"https:\/\/api.w.org\/{rel}","templated":true}]}}