{"id":15601,"date":"2022-06-03T20:35:38","date_gmt":"2022-06-03T20:35:38","guid":{"rendered":"http:\/\/fmriachuelo.com.ar\/?p=15601"},"modified":"2025-04-01T15:05:42","modified_gmt":"2025-04-01T18:05:42","slug":"dario-santillan-el-militante-que-puso-el-cuerpo","status":"publish","type":"post","link":"http:\/\/fmriachuelo.it10.com.ar\/index.php\/2022\/06\/03\/dario-santillan-el-militante-que-puso-el-cuerpo\/","title":{"rendered":"\u00abDAR\u00cdO SANTILL\u00c1N. EL MILITANTE QUE PUSO EL CUERPO\u00bb"},"content":{"rendered":"<p><b>[FM Riachuelo, 3\/6\/2022]<\/b> <b>Ayer jueves 2 de mayo, en el marco de la presentaci\u00f3n de la reedici\u00f3n del libro <\/b><b><i>\u00abDar\u00edo Santill\u00e1n, El militante que puso el cuerpo\u00bb<\/i><\/b><b> en la sede de la Usina del Pensamiento Nacional y Popular (UPNP),\u00a0 Venezuela 574 San Telmo, se realiz\u00f3 una Jornada sobre Neoliberalismo, Memoria y Resistencia Popular. Participaron <\/b><b><i>Mariano Pacheco<\/i><\/b><b>, co-autor del libro, miembro de la UPNP e integrante de la Uni\u00f3n de Trabajadores y Trabajadoras de la Econom\u00eda Popular (UTEP), <\/b><b><i>Natalia Rom\u00e9<\/i><\/b><b>, Docente e investigadora de la Facultad de Ciencias Sociales &#8211; UBA y <\/b><b><i>Luciano \u00c1lvarez<\/i><\/b><b>, Secretario de Organizaci\u00f3n del Movimiento Popular los Pibes (MPLP) &#8211; UTEP.<\/b><\/p>\n<p><span style=\"font-weight: 400\"><img loading=\"lazy\" decoding=\"async\" class=\"size-medium wp-image-15604 alignleft\" src=\"http:\/\/fmriachuelo.com.ar\/wp-content\/uploads\/2022\/06\/FOTO-LIBRO-300x225.jpeg\" alt=\"\" width=\"300\" height=\"225\" srcset=\"http:\/\/fmriachuelo.it10.com.ar\/wp-content\/uploads\/2022\/06\/FOTO-LIBRO-300x225.jpeg 300w, http:\/\/fmriachuelo.it10.com.ar\/wp-content\/uploads\/2022\/06\/FOTO-LIBRO-1024x768.jpeg 1024w, http:\/\/fmriachuelo.it10.com.ar\/wp-content\/uploads\/2022\/06\/FOTO-LIBRO-768x576.jpeg 768w, http:\/\/fmriachuelo.it10.com.ar\/wp-content\/uploads\/2022\/06\/FOTO-LIBRO-1536x1152.jpeg 1536w, http:\/\/fmriachuelo.it10.com.ar\/wp-content\/uploads\/2022\/06\/FOTO-LIBRO-750x563.jpeg 750w, http:\/\/fmriachuelo.it10.com.ar\/wp-content\/uploads\/2022\/06\/FOTO-LIBRO-1140x855.jpeg 1140w, http:\/\/fmriachuelo.it10.com.ar\/wp-content\/uploads\/2022\/06\/FOTO-LIBRO.jpeg 1600w\" sizes=\"auto, (max-width: 300px) 100vw, 300px\" \/>El libro es una biograf\u00eda que narra una vida signada por la pasi\u00f3n y el coraje. En sus p\u00e1ginas recuerda el 26 de junio de 2002,\u00a0 cuando agentes de la polic\u00eda bonaerense asesinaron en Avellaneda a <\/span><b>Dar\u00edo Santill\u00e1n<\/b><span style=\"font-weight: 400\"> y a <\/span><b>Maximiliano Kosteki<\/b><span style=\"font-weight: 400\">, integrantes de Movimientos de Desocupados An\u00edbal Ver\u00f3n, que hab\u00edan intentado cortar el Puente Pueyrred\u00f3n en demanda de trabajo digno.<\/span><\/p>\n<p><i><span style=\"font-weight: 400\">\u201cSiempre digo que <\/span><\/i><b><i>la masacre de Avellaneda para nosotros funciona como un cierre de un ciclo de lucha<\/i><\/b><i><span style=\"font-weight: 400\">\u201d<\/span><\/i><span style=\"font-weight: 400\">, sentenci\u00f3 <\/span><b>Mariano Pacheco<\/b><span style=\"font-weight: 400\"> y agreg\u00f3: <\/span><i><span style=\"font-weight: 400\">\u201cno por una cuesti\u00f3n de \u00edndole personal, sino por lo que implic\u00f3 para el conjunto del movimiento popular. La masacre de Avellaneda entiendo que cierra el ciclo en doble sentido, por un lado <\/span><\/i><b><i>iban por un proyecto que implicaba una represi\u00f3n abierta al movimiento popular y eso no lo pudieron desarrollar<\/i><\/b><i><span style=\"font-weight: 400\">, pero a la vez clausura la tendencia insurreccionalista del movimiento popular\u201d<\/span><\/i><\/p>\n<p><b>Luciano \u00c1lvarez<\/b><span style=\"font-weight: 400\"> agradeci\u00f3 la invitaci\u00f3n de Mariano a esta presentaci\u00f3n entendiendo que obedece a que el MPLP tambi\u00e9n sufri\u00f3, a dos a\u00f1os de esa masacre y en v\u00edsperas de su conmemoraci\u00f3n, la p\u00e9rdida de un compa\u00f1ero hist\u00f3rico, <\/span><b>Martin Oso Cisneros<\/b><span style=\"font-weight: 400\">: \u201cEl Oso Cisneros fue asesinado dos a\u00f1os despu\u00e9s del asesinato de Maxi y Dar\u00edo por mecanismos similares. En el caso del Oso a trav\u00e9s de la tercerizaci\u00f3n de la violencia del Estado, en el caso de Maxi y Dar\u00edo claramente por una decisi\u00f3n manifiesta del Estado de aplacar el conflicto social\u201d.<\/span><\/p>\n<p><img loading=\"lazy\" decoding=\"async\" class=\"size-medium wp-image-15602 aligncenter\" src=\"http:\/\/fmriachuelo.com.ar\/wp-content\/uploads\/2022\/06\/WhatsApp-Image-2022-06-03-at-12.20.21-PM-300x225.jpeg\" alt=\"\" width=\"300\" height=\"225\" srcset=\"http:\/\/fmriachuelo.it10.com.ar\/wp-content\/uploads\/2022\/06\/WhatsApp-Image-2022-06-03-at-12.20.21-PM-300x225.jpeg 300w, http:\/\/fmriachuelo.it10.com.ar\/wp-content\/uploads\/2022\/06\/WhatsApp-Image-2022-06-03-at-12.20.21-PM-1024x768.jpeg 1024w, http:\/\/fmriachuelo.it10.com.ar\/wp-content\/uploads\/2022\/06\/WhatsApp-Image-2022-06-03-at-12.20.21-PM-768x576.jpeg 768w, http:\/\/fmriachuelo.it10.com.ar\/wp-content\/uploads\/2022\/06\/WhatsApp-Image-2022-06-03-at-12.20.21-PM-1536x1152.jpeg 1536w, http:\/\/fmriachuelo.it10.com.ar\/wp-content\/uploads\/2022\/06\/WhatsApp-Image-2022-06-03-at-12.20.21-PM-750x563.jpeg 750w, http:\/\/fmriachuelo.it10.com.ar\/wp-content\/uploads\/2022\/06\/WhatsApp-Image-2022-06-03-at-12.20.21-PM-1140x855.jpeg 1140w, http:\/\/fmriachuelo.it10.com.ar\/wp-content\/uploads\/2022\/06\/WhatsApp-Image-2022-06-03-at-12.20.21-PM.jpeg 1600w\" sizes=\"auto, (max-width: 300px) 100vw, 300px\" \/><\/p>\n<p><span style=\"font-weight: 400\">La jornada cont\u00f3 con la participaci\u00f3n de militantes de diversas organizaciones y la presencia <\/span><b>Esteban \u201cGringo\u201d Castro<\/b><span style=\"font-weight: 400\">, secretario general de la UTEP, quien tom\u00f3 la palabra y cont\u00f3 su experiencia en esos tiempos tan dif\u00edciles: <\/span><i><span style=\"font-weight: 400\">\u201cLa dictadura le abri\u00f3 la puerta a todo lo que vino despu\u00e9s. <\/span><\/i><b><i>La pelea en los 90\u00b4 hab\u00eda que remontarla de un desguace inusitado<\/i><\/b><i><span style=\"font-weight: 400\">. Aunque hubo una camada de pibes que se pusieron al hombro este tipo de peleas que da como resultado fortalecer la lucha y de alguna manera <\/span><\/i><b><i>esa pelea fue el principio de que el neoliberalismo mostrara sus flaquezas.<\/i><\/b><i><span style=\"font-weight: 400\"> Sin toda la lucha, que siempre se lleva a alg\u00fan compa\u00f1ero, no hab\u00eda posibilidad de pensar c\u00f3mo ponerle l\u00edmite a esa situaci\u00f3n de arrasamiento<\/span><\/i> <i><span style=\"font-weight: 400\">y se le puso l\u00edmite con esto\u201d<\/span><\/i><span style=\"font-weight: 400\">.<\/span><\/p>\n<p><span style=\"font-weight: 400\">Para cerrar su intervenci\u00f3n <\/span><b>Luciano \u00c1lvarez<\/b><span style=\"font-weight: 400\"> expres\u00f3: <\/span><i><span style=\"font-weight: 400\">\u201cEsperemos que hoy a 20 a\u00f1os de Maxi y Dar\u00edo y 18 de Mart\u00edn sigamos pudiendo ser dignos de esa sangre que se derram\u00f3. P\u00e9rdidas que de alguna forma igual <\/span><\/i><b><i>se van transformando en bandera y en energ\u00eda transformadora<\/i><\/b><i><span style=\"font-weight: 400\"> para dar vuelta la tortilla. Eso nos tiene que impulsar aunque no sea en nuestro momento, en alg\u00fan momento va a llegar, y en eso tanto <\/span><\/i><b><i>Dar\u00edo, Maxi y el Oso van a haber sido un aporte central que tenemos la obligaci\u00f3n de seguir sosteniendo<\/i><\/b><i><span style=\"font-weight: 400\">\u201d<\/span><\/i><\/p>\n<p><span style=\"font-weight: 400\">\u00a0<\/span><\/p>\n<p><span style=\"font-weight: 400\">\u00a0<\/span><\/p>\n","protected":false},"excerpt":{"rendered":"<p>[FM Riachuelo, 3\/6\/2022] Ayer jueves 2 de mayo, en el marco de la presentaci\u00f3n de la reedici\u00f3n del libro \u00abDar\u00edo Santill\u00e1n, El militante que puso el cuerpo\u00bb en la sede de la Usina del Pensamiento Nacional y Popular (UPNP),\u00a0 Venezuela 574 San Telmo, se realiz\u00f3 una Jornada sobre Neoliberalismo, Memoria y Resistencia Popular. Participaron Mariano [&hellip;]<\/p>\n","protected":false},"author":5,"featured_media":15603,"comment_status":"closed","ping_status":"closed","sticky":false,"template":"","format":"standard","meta":{"_monsterinsights_skip_tracking":false,"_monsterinsights_sitenote_active":false,"_monsterinsights_sitenote_note":"","_monsterinsights_sitenote_category":0,"jnews-multi-image_gallery":[],"jnews_single_post":{"format":"standard"},"jnews_primary_category":[],"_joinchat":[],"footnotes":""},"categories":[58],"tags":[154,103],"class_list":["post-15601","post","type-post","status-publish","format-standard","has-post-thumbnail","hentry","category-noticiariachuelo","tag-economia-popular-2","tag-movimientos-populares"],"_links":{"self":[{"href":"http:\/\/fmriachuelo.it10.com.ar\/index.php\/wp-json\/wp\/v2\/posts\/15601","targetHints":{"allow":["GET"]}}],"collection":[{"href":"http:\/\/fmriachuelo.it10.com.ar\/index.php\/wp-json\/wp\/v2\/posts"}],"about":[{"href":"http:\/\/fmriachuelo.it10.com.ar\/index.php\/wp-json\/wp\/v2\/types\/post"}],"author":[{"embeddable":true,"href":"http:\/\/fmriachuelo.it10.com.ar\/index.php\/wp-json\/wp\/v2\/users\/5"}],"replies":[{"embeddable":true,"href":"http:\/\/fmriachuelo.it10.com.ar\/index.php\/wp-json\/wp\/v2\/comments?post=15601"}],"version-history":[{"count":1,"href":"http:\/\/fmriachuelo.it10.com.ar\/index.php\/wp-json\/wp\/v2\/posts\/15601\/revisions"}],"predecessor-version":[{"id":22207,"href":"http:\/\/fmriachuelo.it10.com.ar\/index.php\/wp-json\/wp\/v2\/posts\/15601\/revisions\/22207"}],"wp:featuredmedia":[{"embeddable":true,"href":"http:\/\/fmriachuelo.it10.com.ar\/index.php\/wp-json\/wp\/v2\/media\/15603"}],"wp:attachment":[{"href":"http:\/\/fmriachuelo.it10.com.ar\/index.php\/wp-json\/wp\/v2\/media?parent=15601"}],"wp:term":[{"taxonomy":"category","embeddable":true,"href":"http:\/\/fmriachuelo.it10.com.ar\/index.php\/wp-json\/wp\/v2\/categories?post=15601"},{"taxonomy":"post_tag","embeddable":true,"href":"http:\/\/fmriachuelo.it10.com.ar\/index.php\/wp-json\/wp\/v2\/tags?post=15601"}],"curies":[{"name":"wp","href":"https:\/\/api.w.org\/{rel}","templated":true}]}}