{"id":1559,"date":"2015-12-01T16:15:00","date_gmt":"2015-12-01T16:15:00","guid":{"rendered":"http:\/\/fmriachuelo.observatorioess.org.ar\/index.php\/2015\/12\/01\/la-boca-caba-un-nuevo-incendio-de-conventillo\/"},"modified":"2015-12-01T16:15:00","modified_gmt":"2015-12-01T16:15:00","slug":"la-boca-caba-un-nuevo-incendio-de-conventillo","status":"publish","type":"post","link":"http:\/\/fmriachuelo.it10.com.ar\/index.php\/2015\/12\/01\/la-boca-caba-un-nuevo-incendio-de-conventillo\/","title":{"rendered":"LA BOCA, CABA: UN NUEVO INCENDIO DE CONVENTILLO"},"content":{"rendered":"<p><span><b>EN LLAMAS Y CON ESCASA ASISTENCIA: LAS POL\u00cdTICAS DEL GOBIERNO DE LA CIUDAD<\/b><\/span><\/p>\n<div style=\"clear: both;text-align: justify\"><a href=\"https:\/\/4.bp.blogspot.com\/-JAPU_2wyYi4\/Vl3BP08nSTI\/AAAAAAAAHdw\/m2BlbJypT_4\/s1600\/incendio.jpg\" style=\"clear: left;float: left;margin-bottom: 1em;margin-right: 1em\"><img loading=\"lazy\" decoding=\"async\" border=\"0\" height=\"120\" src=\"http:\/\/4.bp.blogspot.com\/-JAPU_2wyYi4\/Vl3BP08nSTI\/AAAAAAAAHdw\/m2BlbJypT_4\/s200\/incendio.jpg\" width=\"200\" \/><\/a><span style=\"font-size: small\"><span><span>Escuch\u00e1 la entrevista, para <span style=\"color: red\"><b>FM Riachuelo<\/b><\/span>, &nbsp;a la representante del Ministerio P\u00fablico por la Asesosor\u00eda Tutelar de la Secretar\u00eda de Ni\u00f1ez y Adolescencia de La Boca. A continuaci\u00f3n la voz de la&nbsp;<\/span>&nbsp;<a href=\"http:\/\/www.mediafire.com\/listen\/3t6p7775gg6wj9r\/INCENDIO_01-12-1015_DRA_GARCIA_FREIRE_MRIO_PUBLICO.mp3\"><span><b>DRA. GARC\u00cdA FREIRE DEL MINISTERIO P\u00daBLICO<\/b><\/span><\/a><\/span><\/span><\/div>\n<div style=\"text-align: justify\"><span style=\"font-size: small\"><span><b><span>[FMR 01\/12\/15] En las primeras horas de la ma\u00f1ana se produjo un incendio en el conventillo ubicado de Mtro. Brin 673 de esta ciudad. En el lugar viv\u00edan seis familias con ni\u00f1os que salieron escapando de la tragedia. A los pocos instantes&nbsp;<\/span><span>se hac\u00edan presentes la Asesor\u00eda Tutelar, la Defensor\u00eda y el Cesac 41. La ayuda gubernamental, a cargo de Buenos Aires Presente (BAP) tuvo una importante demora en acercarse al lugar. Dos bomberos resultaron heridos. Esto sucede un d\u00eda despu\u00e9s que la Prefectura anunci\u00f3 su retiro de La Boca. <\/span><\/b><\/span><\/span><br \/><a name='more'><\/a><\/div>\n<div style=\"text-align: justify\"><span style=\"font-size: small\"><span><a href=\"https:\/\/1.bp.blogspot.com\/-HoCrC65JpE4\/Vl3EHCtNmEI\/AAAAAAAAHd8\/A8tc5waQKUg\/s1600\/conventillo%2Bmtro%2Bbrin.jpg\" style=\"clear: left;float: left;margin-bottom: 1em;margin-right: 1em\"><img loading=\"lazy\" decoding=\"async\" border=\"0\" height=\"150\" src=\"http:\/\/1.bp.blogspot.com\/-HoCrC65JpE4\/Vl3EHCtNmEI\/AAAAAAAAHd8\/A8tc5waQKUg\/s200\/conventillo%2Bmtro%2Bbrin.jpg\" width=\"200\" \/><\/a><span>A las 8.30 hs comenz\u00f3 el incendio en el conventillo, &nbsp;mientras algunos ni\u00f1os a\u00fan dorm\u00edan.&nbsp;<\/span><span>Las familias afectadas tuvieron que salir con lo puesto y perdieron todo incluyendo sus documentos. El lugar fue totalmente evacuado. La intervenci\u00f3n demorada del B.A.P ha consistido hasta el momento en tomarle los datos a los damnificados, lo que genera gran incertidumbre por el lugar donde ser\u00e1n alojados, en la precariedad de su situaci\u00f3n actual.&nbsp;<\/span><\/span><\/span><\/div>\n<div style=\"text-align: justify\"><span style=\"font-size: small\"><span><span>Destacamos la labor de los bomberos, de los cuales dos se hallan internados en grave estado en el Hospital Argerich.&nbsp;<\/span><\/span><\/span><\/div>\n<div style=\"text-align: justify\"><span style=\"font-size: small\"><span><span>Recordamos que en el d\u00eda de ayer fue p\u00fablico en el barrio de La Boca que la Prefectura dejaba la zona mientras el ing. Macri anunci\u00f3 la desarticulaci\u00f3n del Plan Unidad Cintur\u00f3n Sur lo que implicaba&nbsp;la complementaci\u00f3n operativa  de los cuerpos policiales y de las fuerzas de seguridad federales por zonas. Toda una serie de preguntas se abren al respecto para los pobladores del lugar: abandono, liberaci\u00f3n de la zona, polic\u00eda privada y mucho m\u00e1s.<\/span><\/span><\/span><\/div>\n","protected":false},"excerpt":{"rendered":"<p>EN LLAMAS Y CON ESCASA ASISTENCIA: LAS POL\u00cdTICAS DEL GOBIERNO DE LA CIUDAD Escuch\u00e1 la entrevista, para FM Riachuelo, &nbsp;a la representante del Ministerio P\u00fablico por la Asesosor\u00eda Tutelar de la Secretar\u00eda de Ni\u00f1ez y Adolescencia de La Boca. A continuaci\u00f3n la voz de la&nbsp;&nbsp;DRA. GARC\u00cdA FREIRE DEL MINISTERIO P\u00daBLICO [FMR 01\/12\/15] En las primeras [&hellip;]<\/p>\n","protected":false},"author":4,"featured_media":0,"comment_status":"open","ping_status":"open","sticky":false,"template":"","format":"standard","meta":{"_monsterinsights_skip_tracking":false,"_monsterinsights_sitenote_active":false,"_monsterinsights_sitenote_note":"","_monsterinsights_sitenote_category":0,"jnews-multi-image_gallery":[],"jnews_single_post":[],"jnews_primary_category":[],"_joinchat":[],"footnotes":""},"categories":[78],"tags":[],"class_list":["post-1559","post","type-post","status-publish","format-standard","hentry","category-economia-popular"],"_links":{"self":[{"href":"http:\/\/fmriachuelo.it10.com.ar\/index.php\/wp-json\/wp\/v2\/posts\/1559","targetHints":{"allow":["GET"]}}],"collection":[{"href":"http:\/\/fmriachuelo.it10.com.ar\/index.php\/wp-json\/wp\/v2\/posts"}],"about":[{"href":"http:\/\/fmriachuelo.it10.com.ar\/index.php\/wp-json\/wp\/v2\/types\/post"}],"author":[{"embeddable":true,"href":"http:\/\/fmriachuelo.it10.com.ar\/index.php\/wp-json\/wp\/v2\/users\/4"}],"replies":[{"embeddable":true,"href":"http:\/\/fmriachuelo.it10.com.ar\/index.php\/wp-json\/wp\/v2\/comments?post=1559"}],"version-history":[{"count":0,"href":"http:\/\/fmriachuelo.it10.com.ar\/index.php\/wp-json\/wp\/v2\/posts\/1559\/revisions"}],"wp:attachment":[{"href":"http:\/\/fmriachuelo.it10.com.ar\/index.php\/wp-json\/wp\/v2\/media?parent=1559"}],"wp:term":[{"taxonomy":"category","embeddable":true,"href":"http:\/\/fmriachuelo.it10.com.ar\/index.php\/wp-json\/wp\/v2\/categories?post=1559"},{"taxonomy":"post_tag","embeddable":true,"href":"http:\/\/fmriachuelo.it10.com.ar\/index.php\/wp-json\/wp\/v2\/tags?post=1559"}],"curies":[{"name":"wp","href":"https:\/\/api.w.org\/{rel}","templated":true}]}}