{"id":15587,"date":"2022-05-28T15:32:59","date_gmt":"2022-05-28T15:32:59","guid":{"rendered":"http:\/\/fmriachuelo.com.ar\/?p=15587"},"modified":"2025-04-01T15:07:54","modified_gmt":"2025-04-01T18:07:54","slug":"25-de-mayo-el-germen-de-la-revolucion-es-el-encuentro","status":"publish","type":"post","link":"http:\/\/fmriachuelo.it10.com.ar\/index.php\/2022\/05\/28\/25-de-mayo-el-germen-de-la-revolucion-es-el-encuentro\/","title":{"rendered":"25 DE MAYO: EL GERMEN DE LA REVOLUCI\u00d3N ES EL ENCUENTRO"},"content":{"rendered":"<p><b>[FM Riachuelo, 28\/5\/2022] 212 a\u00f1os atr\u00e1s, nuestro Pueblo se organiz\u00f3 para abrir la ventana de un tiempo emancipatorio. Hoy, en uno de los contextos globales m\u00e1s complejos de la historia, esa ventana sigue abierta, porque el mismo pueblo no merma su resistencia, su organizaci\u00f3n y su lucha. Un pueblo que se encuentra, construye comunidad y germina revoluci\u00f3n. Porque el 25 de mayo de 1810 se fund\u00f3 nuestra Patria, que al seguir en pie, demuestra que no hay ning\u00fan pueblo derrotado.<\/b><\/p>\n<p><span style=\"font-weight: 400\">Los enemigos de los pueblos lograron obstruir el proceso emancipatorio que se ven\u00eda dando en Latinoam\u00e9rica y el Caribe durante el 1800; en lugar de una Patria Grande liberada, se consiguieron patrias chicas semicolonizadas. Pero ese proceso no termin\u00f3. El proyecto de Moreno, Belgrano, Juana Azurduy, Mar\u00eda Remedios del Valle, G\u00fcemes, San Mart\u00edn, del Che, de Per\u00f3n y Evita, de Maxi, Dar\u00edo y el Oso Cisneros, y de tantos revolucionarios que la historia conoce y otros que tal vez no; ese proyecto quiz\u00e1s a\u00fan no triunf\u00f3, pero tampoco fue derrotado, pues vive en la lucha de cada trabajador y trabajadora que construye, con su trabajo, Patria todos los d\u00edas.<\/span><\/p>\n<p><span style=\"font-weight: 400\"><img loading=\"lazy\" decoding=\"async\" class=\"size-medium wp-image-15590 alignleft\" src=\"http:\/\/fmriachuelo.com.ar\/wp-content\/uploads\/2022\/05\/WhatsApp-Image-2022-05-27-at-8.29.50-PM-1-300x200.jpeg\" alt=\"\" width=\"300\" height=\"200\" \/>La Soberan\u00eda, la Independencia y la Revoluci\u00f3n no son s\u00f3lo consignas; tienen un valor profundo en el hacer cotidiano de los m\u00e1s humildes, de los que hoy son herederos de la Gesta Patri\u00f3tica de 1810. El Gringo Castro, secretario general de la UTEP, estuvo presente en el almuerzo patri\u00f3tico celebrado en el barrio de La Boca, tambi\u00e9n con motivo del cumplea\u00f1os del Movimiento Popular Los Pibes, en su sede de la calle Su\u00e1rez, y comparti\u00f3 su reflexi\u00f3n sobre este hacer:<\/span><\/p>\n<p><span style=\"font-weight: 400\">\u201c<\/span><i><span style=\"font-weight: 400\">Hay toda una l\u00ednea de la experiencia que quieren borrar, y es imposible de borrar porque siempre volvemos a construir desde la experiencia. Entonces, si hay que celebrar, hay que celebrar que nosotros y nosotras, desde que empez\u00f3 nuestra historia de lucha, lo planteamos desde lo que hacemos todos los d\u00edas. Que despu\u00e9s eso tome car\u00e1cter pol\u00edtico es el gran desaf\u00edo que tenemos. Por ejemplo, \u00bfpudo tomar car\u00e1cter pol\u00edtico esa militancia popular el 25 de Mayo? A veces lo tom\u00f3 y a veces no tanto. \u00bfNuestra experiencia est\u00e1 tomando car\u00e1cter pol\u00edtico? De a poco s\u00ed. Est\u00e1n pasando cosas que nos cuesta mucho expresar, porque venimos de la experiencia, y nos gusta m\u00e1s que miren lo que hacemos que andar chamuyando. El pueblo que se organiza no chamuya<\/span><\/i><span style=\"font-weight: 400\">\u201d.<\/span><\/p>\n<p><span style=\"font-weight: 400\">Pero la Gesta Patri\u00f3tica no es s\u00f3lo una herencia, sino una continuidad: as\u00ed denomina el Gringo a la experiencia de nuestro Pueblo durante la pandemia, que sali\u00f3 a garantizar el alimento de millones de personas a trav\u00e9s de las ollas populares, salvando as\u00ed millones de vidas: \u201c<\/span><i><span style=\"font-weight: 400\">Nuestra responsabilidad militante es ver lo que el pueblo hace cotidianamente y empujarlo a que tome car\u00e1cter pol\u00edtico. El consumo comunitario que se da ah\u00ed es contrario al consumo individualista que nos impone el mercado. Ah\u00ed hay un germen revolucionario que hay que acompa\u00f1ar. El 25 de Mayo de 1810 tuvo que haber una militancia que mir\u00f3 profundamente a su pueblo, y que tambi\u00e9n vio c\u00f3mo se peleaban aquellos que detentan el poder. El germen revolucionario son nuestros compa\u00f1eros y compa\u00f1eras que se re\u00fanen para resolver problemas<\/span><\/i><span style=\"font-weight: 400\">\u201d.<img loading=\"lazy\" decoding=\"async\" class=\"size-medium wp-image-15591 alignright\" src=\"http:\/\/fmriachuelo.com.ar\/wp-content\/uploads\/2022\/05\/WhatsApp-Image-2022-05-27-at-8.29.50-PM-300x200.jpeg\" alt=\"\" width=\"300\" height=\"200\" \/><\/span><\/p>\n<p><span style=\"font-weight: 400\">Con este germen revolucionario presente, es un deber hacer que se propague para mantener viva la llama de aquel 25 de Mayo. Lito Borello, referente hist\u00f3rico y coodinador del Movimiento Popular Los Pibes, remarc\u00f3 este deber: \u201c<\/span><i><span style=\"font-weight: 400\">Nos tenemos que poner al servicio de que se vaya gestando una nueva camada de luchadores y de guerreros. La Patria lo necesita, el mundo lo necesita, nuestro Pueblo lo necesita. No podemos seguir solamente regode\u00e1ndonos en lo que hicimos; si en algo vale lo que hicimos, es solamente en perspectiva para lo que viene. Si en algo todav\u00eda nos cabe una responsabilidad concreta y material a alguno de nosotros y de nosotras, es en que muchos de ellos entiendan el sentido de agarrar la bandera, de agarrar la ca\u00f1a, de ponerse al frente, cuando est\u00e1n los adoradores del Dios Dinero que nos quieren convencer de que no vale la pena<\/span><\/i><span style=\"font-weight: 400\">\u201d.<\/span><\/p>\n<p><span style=\"font-weight: 400\">Su conclusi\u00f3n: \u201c<\/span><i><span style=\"font-weight: 400\">Nos queda la responsabilidad de ser autocr\u00edticos, que en todo este tiempo todav\u00eda no fuimos capaces de hacer la revoluci\u00f3n. La poes\u00eda todav\u00eda m\u00e1s importante de escribir es hacer la revoluci\u00f3n y construir otro mundo posible, un mundo donde quepan todos los mundos. \u00a1Viva la Patria, carajo! \u00a1Luchar hasta vencer!<\/span><\/i><span style=\"font-weight: 400\">\u201d.<img loading=\"lazy\" decoding=\"async\" class=\" wp-image-15593 aligncenter\" src=\"http:\/\/fmriachuelo.com.ar\/wp-content\/uploads\/2022\/05\/WhatsApp-Image-2022-05-27-at-8.29.05-PM-300x200.jpeg\" alt=\"\" width=\"402\" height=\"268\" \/><\/span><\/p>\n<p><strong><a href=\"https:\/\/m.facebook.com\/story.php?story_fbid=321221116860572&amp;id=100069180580594&amp;sfnsn=scwspmo\">Hac\u00e9 click ac\u00e1 para leer la cr\u00f3nica del Movimiento Popular Los Pibes sobre el almuerzo patri\u00f3tico realizado el pasado 25 de mayo en su sede de La Boca<\/a><\/strong><\/p>\n","protected":false},"excerpt":{"rendered":"<p>[FM Riachuelo, 28\/5\/2022] 212 a\u00f1os atr\u00e1s, nuestro Pueblo se organiz\u00f3 para abrir la ventana de un tiempo emancipatorio. Hoy, en uno de los contextos globales m\u00e1s complejos de la historia, esa ventana sigue abierta, porque el mismo pueblo no merma su resistencia, su organizaci\u00f3n y su lucha. Un pueblo que se encuentra, construye comunidad y [&hellip;]<\/p>\n","protected":false},"author":5,"featured_media":15588,"comment_status":"closed","ping_status":"closed","sticky":false,"template":"","format":"standard","meta":{"_monsterinsights_skip_tracking":false,"_monsterinsights_sitenote_active":false,"_monsterinsights_sitenote_note":"","_monsterinsights_sitenote_category":0,"jnews-multi-image_gallery":[],"jnews_single_post":{"format":"standard"},"jnews_primary_category":[],"_joinchat":[],"footnotes":""},"categories":[60],"tags":[154,157,153],"class_list":["post-15587","post","type-post","status-publish","format-standard","has-post-thumbnail","hentry","category-mirada-riachuelo","tag-economia-popular-2","tag-nadie-se-salva-solo","tag-soberania-2"],"_links":{"self":[{"href":"http:\/\/fmriachuelo.it10.com.ar\/index.php\/wp-json\/wp\/v2\/posts\/15587","targetHints":{"allow":["GET"]}}],"collection":[{"href":"http:\/\/fmriachuelo.it10.com.ar\/index.php\/wp-json\/wp\/v2\/posts"}],"about":[{"href":"http:\/\/fmriachuelo.it10.com.ar\/index.php\/wp-json\/wp\/v2\/types\/post"}],"author":[{"embeddable":true,"href":"http:\/\/fmriachuelo.it10.com.ar\/index.php\/wp-json\/wp\/v2\/users\/5"}],"replies":[{"embeddable":true,"href":"http:\/\/fmriachuelo.it10.com.ar\/index.php\/wp-json\/wp\/v2\/comments?post=15587"}],"version-history":[{"count":1,"href":"http:\/\/fmriachuelo.it10.com.ar\/index.php\/wp-json\/wp\/v2\/posts\/15587\/revisions"}],"predecessor-version":[{"id":22208,"href":"http:\/\/fmriachuelo.it10.com.ar\/index.php\/wp-json\/wp\/v2\/posts\/15587\/revisions\/22208"}],"wp:featuredmedia":[{"embeddable":true,"href":"http:\/\/fmriachuelo.it10.com.ar\/index.php\/wp-json\/"}],"wp:attachment":[{"href":"http:\/\/fmriachuelo.it10.com.ar\/index.php\/wp-json\/wp\/v2\/media?parent=15587"}],"wp:term":[{"taxonomy":"category","embeddable":true,"href":"http:\/\/fmriachuelo.it10.com.ar\/index.php\/wp-json\/wp\/v2\/categories?post=15587"},{"taxonomy":"post_tag","embeddable":true,"href":"http:\/\/fmriachuelo.it10.com.ar\/index.php\/wp-json\/wp\/v2\/tags?post=15587"}],"curies":[{"name":"wp","href":"https:\/\/api.w.org\/{rel}","templated":true}]}}