{"id":1557,"date":"2015-12-02T08:00:00","date_gmt":"2015-12-02T08:00:00","guid":{"rendered":"http:\/\/fmriachuelo.observatorioess.org.ar\/index.php\/2015\/12\/02\/mendoza-empresa-transnacional-usurpa-tierras-campesinas\/"},"modified":"2015-12-02T08:00:00","modified_gmt":"2015-12-02T08:00:00","slug":"mendoza-empresa-transnacional-usurpa-tierras-campesinas","status":"publish","type":"post","link":"http:\/\/fmriachuelo.it10.com.ar\/index.php\/2015\/12\/02\/mendoza-empresa-transnacional-usurpa-tierras-campesinas\/","title":{"rendered":"MENDOZA: EMPRESA TRANSNACIONAL USURPA TIERRAS CAMPESINAS"},"content":{"rendered":"<p><span><b>\u00a1LA TIERRA ES NUESTRA!<\/b><\/span><\/p>\n<div><span>CON CUSTODIA POLICIAL PRIVADA Y DESOBEDECIENDO A LA JUSTICIA<\/span><\/div>\n<div style=\"clear: both;text-align: center\"><a href=\"http:\/\/3.bp.blogspot.com\/-Ws6tCDlFejI\/Vl5PJfTSU0I\/AAAAAAAAHeU\/xY3-vHSL-mk\/s1600\/MENDOZA.jpg\" style=\"clear: left;float: left;margin-bottom: 1em;margin-right: 1em\"><img loading=\"lazy\" decoding=\"async\" border=\"0\" height=\"149\" src=\"http:\/\/3.bp.blogspot.com\/-Ws6tCDlFejI\/Vl5PJfTSU0I\/AAAAAAAAHeU\/xY3-vHSL-mk\/s200\/MENDOZA.jpg\" width=\"200\" \/><\/a><\/div>\n<div style=\"text-align: justify\"><span>Comunicado del Movimiento Nacional Campesino Indigena:<\/span><\/div>\n<div>\n<div style=\"text-align: justify\"><span>[MNCI]Desde La semana pasada, la empresa trasnacional Argenceres S.A de capital argentino-espa\u00f1ol, comenz\u00f3 a alambrar tierras de la comunidad campesina de la UST en Jocoli Norte, casi en el limite con la provincia de San Juan. El alambrado avanza bajo la custodia de guardias armados que visten uniformes camuflados y dicen ser polic\u00edas contratados por la empresa.&nbsp;<\/span><br \/><a name='more'><\/a><\/div>\n<p><span><\/p>\n<div style=\"text-align: justify\">Cuando referentes de la comunidad llegaron al lugar para detener el alambrado fueron amenazados y obligados a retirarse.&nbsp;<\/div>\n<div style=\"text-align: justify\">La empresa esta alambrando mas alla de los limites de su plano de mensura, el cual a su vez a sido denunciado por irregularidades.&nbsp;<\/div>\n<div style=\"text-align: justify\">El Conflicto es de Vieja data, pues la Empresa intent\u00f3 avanzar sobre esta comunidad destruyendo un puesto con una topadora. La comunidad campesina reaccion\u00f3 y mont\u00f3 una carpa de resistencia en el lugar, lo que luego se traslad\u00f3 a la justicia. Una pericia judicial demostr\u00f3 que la empresa avanza con planos ileg\u00edtimos, pero que a su vez alambra mas all\u00e1 de los mismos, la misma pericia tambi\u00e9n determin\u00f3 las zonas de pastoreo de la comunidad y como los avances de la empresa avasallaban los derechos posesorios de los campesinos.&nbsp;<\/div>\n<div style=\"text-align: justify\">Ahora antes de que el juzgado emita sentencia, la empresa vuelve a arremeter, ilegalmente y con custodia armada.&nbsp;<\/div>\n<div style=\"text-align: justify\">La comunidad ya remiti\u00f3 la denuncia a la fiscal\u00eda del Departamento de Lavalle, y si en estos d\u00edas no se obliga a la empresa a frenar y levantar el alambrado, se tomaran nuevas medidas&nbsp;<\/div>\n<div style=\"text-align: justify\">Hacemos responsable al poder judicial y al gobierno por los hechos que puedan su cederse, y por la seguridad de las familias campesinas que una vez mas se ve amenazada por esta empresa extrajera&nbsp;<\/div>\n<div style=\"text-align: justify\"><span style=\"color: red\"><b>Ni un Metro Mas! La tierra Es Nuestra!&nbsp;<\/b><\/span><\/div>\n<div style=\"text-align: justify\"><span style=\"font-size: x-small\"><b>Uni\u00f3n de Trabajadores Rurales Sin Tierra&nbsp;<\/b><\/span><\/div>\n<div style=\"text-align: justify\"><span style=\"font-size: x-small\"><b>Movimiento Nacional Campesino Ind\u00edgena&nbsp;<\/b><\/span><\/div>\n<div style=\"text-align: justify\"><span style=\"font-size: x-small\"><b>contactos&nbsp;<\/b><\/span><\/div>\n<div style=\"text-align: justify\"><span style=\"font-size: x-small\"><b>2615113031&nbsp;<\/b><\/span><\/div>\n<div style=\"text-align: justify\"><span style=\"font-size: x-small\"><b>261538768&nbsp;<\/b><\/span><\/div>\n<div style=\"text-align: justify\"><span style=\"font-size: x-small\"><b>CLOC &#8211; VIA CAMPESINA ARGENTINA<\/b><\/span><\/div>\n<div style=\"text-align: justify\"><span style=\"font-size: x-small\"><b>MOVIMIENTO NACIONAL CAMPESINO IND\u00cdGENA<\/b><\/span><\/div>\n<p><\/span><\/div>\n","protected":false},"excerpt":{"rendered":"<p>\u00a1LA TIERRA ES NUESTRA! CON CUSTODIA POLICIAL PRIVADA Y DESOBEDECIENDO A LA JUSTICIA Comunicado del Movimiento Nacional Campesino Indigena: [MNCI]Desde La semana pasada, la empresa trasnacional Argenceres S.A de capital argentino-espa\u00f1ol, comenz\u00f3 a alambrar tierras de la comunidad campesina de la UST en Jocoli Norte, casi en el limite con la provincia de San Juan. [&hellip;]<\/p>\n","protected":false},"author":4,"featured_media":0,"comment_status":"open","ping_status":"open","sticky":false,"template":"","format":"standard","meta":{"_monsterinsights_skip_tracking":false,"_monsterinsights_sitenote_active":false,"_monsterinsights_sitenote_note":"","_monsterinsights_sitenote_category":0,"jnews-multi-image_gallery":[],"jnews_single_post":[],"jnews_primary_category":[],"_joinchat":[],"footnotes":""},"categories":[74],"tags":[],"class_list":["post-1557","post","type-post","status-publish","format-standard","hentry","category-san-cayetano"],"_links":{"self":[{"href":"http:\/\/fmriachuelo.it10.com.ar\/index.php\/wp-json\/wp\/v2\/posts\/1557","targetHints":{"allow":["GET"]}}],"collection":[{"href":"http:\/\/fmriachuelo.it10.com.ar\/index.php\/wp-json\/wp\/v2\/posts"}],"about":[{"href":"http:\/\/fmriachuelo.it10.com.ar\/index.php\/wp-json\/wp\/v2\/types\/post"}],"author":[{"embeddable":true,"href":"http:\/\/fmriachuelo.it10.com.ar\/index.php\/wp-json\/wp\/v2\/users\/4"}],"replies":[{"embeddable":true,"href":"http:\/\/fmriachuelo.it10.com.ar\/index.php\/wp-json\/wp\/v2\/comments?post=1557"}],"version-history":[{"count":0,"href":"http:\/\/fmriachuelo.it10.com.ar\/index.php\/wp-json\/wp\/v2\/posts\/1557\/revisions"}],"wp:attachment":[{"href":"http:\/\/fmriachuelo.it10.com.ar\/index.php\/wp-json\/wp\/v2\/media?parent=1557"}],"wp:term":[{"taxonomy":"category","embeddable":true,"href":"http:\/\/fmriachuelo.it10.com.ar\/index.php\/wp-json\/wp\/v2\/categories?post=1557"},{"taxonomy":"post_tag","embeddable":true,"href":"http:\/\/fmriachuelo.it10.com.ar\/index.php\/wp-json\/wp\/v2\/tags?post=1557"}],"curies":[{"name":"wp","href":"https:\/\/api.w.org\/{rel}","templated":true}]}}