{"id":15565,"date":"2022-05-27T13:40:57","date_gmt":"2022-05-27T13:40:57","guid":{"rendered":"http:\/\/fmriachuelo.com.ar\/?p=15565"},"modified":"2025-04-01T15:10:15","modified_gmt":"2025-04-01T18:10:15","slug":"pescadazo-solo-el-pueblo-alimenta-al-pueblo","status":"publish","type":"post","link":"http:\/\/fmriachuelo.it10.com.ar\/index.php\/2022\/05\/27\/pescadazo-solo-el-pueblo-alimenta-al-pueblo\/","title":{"rendered":"PESCADAZO: SOLO EL PUEBLO ALIMENTA AL PUEBLO"},"content":{"rendered":"<p><b>[FM Riachuelo, 27\/5\/2022] La crisis alimentaria que vive nuestro pueblo no tiene precedentes: en un pa\u00eds con tierras y aguas llenas de fertilidad, los alimentos resultan cada d\u00eda m\u00e1s inaccesibles por sus precios. El colmo es que los m\u00e1s importantes productores de alimentos tambi\u00e9n sufren esta crisis; un ejemplo, los trabajadores y trabajadoras de la Pesca Artesanal. Ayer, este sector que realiza una pr\u00e1ctica fundamental para la alimentaci\u00f3n del pueblo llev\u00f3 adelante el \u201cpescadazo y canoazo\u201d en el Congreso, donde ofrecieron pescado a precios populares e impulsaron la ley de Pesca Artesanal, que tiene como objetivo mejorar sus condiciones de trabajo y as\u00ed seguir llevando pescado de calidad a la mesa de las y los trabajadores.<\/b><\/p>\n<p><span style=\"font-weight: 400\">\u201c<\/span><i><span style=\"font-weight: 400\">No puede ser que la gente coma pescado a tan altos precios, m\u00e1s con la inflaci\u00f3n, que cada vez es m\u00e1s lejano consumir pescado fresco para la poblaci\u00f3n<\/span><\/i><span style=\"font-weight: 400\">\u201d, expres\u00f3 Andr\u00e9s \u201cPochi\u201d Baigorri, integrante de la Cooperativa de Pesca Artesanal La Boya de Pipinas, para FM Riachuelo durante la cobertura de la actividad. Los Movimientos Populares lo vienen se\u00f1alando hace tiempo: es impensable que en un pa\u00eds de tanta extensi\u00f3n fluvial y mar\u00edtima, el pescado sea un alimento de lujo, pero sucede.<\/span><\/p>\n<p><span style=\"font-weight: 400\"><img loading=\"lazy\" decoding=\"async\" class=\"size-medium wp-image-15574 alignleft\" src=\"http:\/\/fmriachuelo.com.ar\/wp-content\/uploads\/2022\/05\/WhatsApp-Image-2022-05-26-at-6.04.09-PM-300x200.jpeg\" alt=\"\" width=\"300\" height=\"200\" \/>Este hecho que pareciera carecer de sentido, tiene su explicaci\u00f3n cuando vemos qui\u00e9nes juegan con la alimentaci\u00f3n de nuestro pueblo: grandes empresas extranjeras que tienen como \u00fanico objetivo la producci\u00f3n masiva para el enriquecimiento de unos pocos, a trav\u00e9s de la depredaci\u00f3n de nuestra naturaleza. Al ser los trabajadores y trabajadoras de la Pesca Artesanal quienes producen para el cuidado de la comunidad, a trav\u00e9s de pr\u00e1cticas que conviven en armon\u00eda con el medioambiente, deben enfrentarse a la persecuci\u00f3n de la prefectura, a las vedas de pesca que s\u00f3lo aplican a su sector, y a la falta de acompa\u00f1amiento del Estado en, por ejemplo, la generaci\u00f3n de permisos que los habiliten a realizar en paz su trabajo.<\/span><\/p>\n<p><span style=\"font-weight: 400\">Vanesa Morales, pescadora tambi\u00e9n de La Boya, ilustr\u00f3 con un ejemplo la situaci\u00f3n del sector y la necesidad de la ley de Pesca Artesanal: \u201c<\/span><i><span style=\"font-weight: 400\">Esta ley es para que el Estado pueda acompa\u00f1ar y respaldar una mejor organizaci\u00f3n. El pescador se mantiene d\u00eda a d\u00eda, pero tenemos la problem\u00e1tica de que si vienen climas de lluvia y viento, uno no puede entrar a pescar. Para trabajar dignamente y tener todos los recursos uno necesita tener una sala de fileteo, una c\u00e1mara de fr\u00edo, etc., entonces uno se prepara para cuando vienen esos d\u00edas, no quedar parado y poder seguir generando nuestros propios ingresos<\/span><\/i><span style=\"font-weight: 400\">\u201d.<img loading=\"lazy\" decoding=\"async\" class=\"size-medium wp-image-15585 alignright\" src=\"http:\/\/fmriachuelo.com.ar\/wp-content\/uploads\/2022\/05\/WhatsApp-Image-2022-05-27-at-6.47.07-PM-300x200.jpeg\" alt=\"\" width=\"300\" height=\"200\" \/><\/span><\/p>\n<p><span style=\"font-weight: 400\">Dos aspectos interesantes de esta ley consisten, en primer lugar, en la creaci\u00f3n de un Registro Nacional de la Pesca Artesanal, que permita a cada trabajador y trabajadora ser reconocido como tal, y en segundo lugar, en las Terminales de Pesca, que conformar\u00edan un espacio de comercializaci\u00f3n directa, sin los intermediarios que generan el alto precio del pescado.<\/span><\/p>\n<p><span style=\"font-weight: 400\">Durante el pescadazo y canoazo, donde estuvo presente la embarcaci\u00f3n recientemente bautizada Patriota 2, se celebr\u00f3 un acto donde numerosas familias de pescadores artesanales pusieron en valor el camino de lucha que est\u00e1n emprendiendo y fueron conscientes de su rol fundamental para nuestro pueblo. Luego compartieron el escenario integrantes del secretariado nacional de la <\/span><b>Uni\u00f3n de Trabajadores y Trabajadoras de la Econom\u00eda Popular (UTEP)<\/b><span style=\"font-weight: 400\">: <\/span><b>Dina S\u00e1nchez<\/b><span style=\"font-weight: 400\"> y <\/span><b>Norma Morales<\/b><span style=\"font-weight: 400\">, secretarias adjuntas; <\/span><b>Lito Borello<\/b><span style=\"font-weight: 400\">, secretario de Derechos Humanos; y <\/span><b>Esteban Gringo Castro<\/b><span style=\"font-weight: 400\">, secretario general.<\/span><\/p>\n<p><span style=\"font-weight: 400\"><img loading=\"lazy\" decoding=\"async\" class=\"size-medium wp-image-15568 alignleft\" src=\"http:\/\/fmriachuelo.com.ar\/wp-content\/uploads\/2022\/05\/WhatsApp-Image-2022-05-26-at-6.36.40-PM-300x200.jpeg\" alt=\"\" width=\"300\" height=\"200\" \/>\u201c<\/span><i><span style=\"font-weight: 400\">Hacer esto apenas a algunas horas del d\u00eda de la Patria, del d\u00eda que hace ya dos siglos fue el primer grito de libertad, creo que es un s\u00edntoma que bien lo merecen las familias de los pescadores artesanales. Muchos no saben el sacrificio de todos ustedes, muchos segunda y hasta tercera generaci\u00f3n, que vienen sacrificando su vida laburando en estas embarcaciones que hacen Patria todos los d\u00edas. Por eso quiero simplemente agradecerles y felicitar la coherencia, la perseverancia y el trabajo<\/span><\/i><span style=\"font-weight: 400\">\u201d, expres\u00f3 emocionado Lito Borello, tambi\u00e9n coordinador nacional del <\/span><b>Movimiento Popular Los Pibes<\/b><span style=\"font-weight: 400\">.<\/span><\/p>\n<p><span style=\"font-weight: 400\"><img loading=\"lazy\" decoding=\"async\" class=\"size-medium wp-image-15567 alignright\" src=\"http:\/\/fmriachuelo.com.ar\/wp-content\/uploads\/2022\/05\/WhatsApp-Image-2022-05-26-at-6.41.24-PM-300x200.jpeg\" alt=\"\" width=\"300\" height=\"200\" \/>Esa emoci\u00f3n fue compartida por el Gringo Castro, al puntualizar en la hermandad de todo el sector de la Econom\u00eda Popular: \u201c<\/span><i><span style=\"font-weight: 400\">Hechos como este tienen que estar claramente bendecidos. Porque \u201cbendecidos\u201d significa \u201cbien decir\u201d, hablar bien del otro o de la otra. Significa que cada trabajador y cada trabajadora de la Econom\u00eda Popular sienta que todas las actividades de la Econom\u00eda Popular son como sus propias actividades<\/span><\/i><span style=\"font-weight: 400\">\u201d. As\u00ed, concluy\u00f3: \u201c<\/span><i><span style=\"font-weight: 400\">Los compa\u00f1eros y compa\u00f1eras de la Pesca Artesanal le agradec\u00edan a la UTEP, y yo les digo: los agradecidos y agradecidas somos nosotros, porque han enriquecido este concepto de Econom\u00eda Popular, que hace que hayamos podido construir un sindicato de la Econom\u00eda Popular, y que el sindicato que est\u00e1 comprometido a pelear por todas las leyes de Tierra, Techo y Trabajo en toda la Argentina<\/span><\/i><span style=\"font-weight: 400\">\u201d.<\/span><\/p>\n<p><span style=\"font-weight: 400\">Luego del acto callejero d\u00f3nde visibilizaron las capacidades y las necesidades del sector, una delegaci\u00f3n de referentes de las cooperativas fueron recibidos en el Congreso Nacional por un grupo de diputados que se comprometi\u00f3 a impulsar el pronto tratamiento a esta ley, integrante del paquete de leyes conocido como Ley Integral de Tierra, Techo y Trabajo.<img loading=\"lazy\" decoding=\"async\" class=\" wp-image-15571 aligncenter\" src=\"http:\/\/fmriachuelo.com.ar\/wp-content\/uploads\/2022\/05\/WhatsApp-Image-2022-05-26-at-6.06.43-PM-300x200.jpeg\" alt=\"\" width=\"410\" height=\"273\" \/><\/span><\/p>\n","protected":false},"excerpt":{"rendered":"<p>[FM Riachuelo, 27\/5\/2022] La crisis alimentaria que vive nuestro pueblo no tiene precedentes: en un pa\u00eds con tierras y aguas llenas de fertilidad, los alimentos resultan cada d\u00eda m\u00e1s inaccesibles por sus precios. El colmo es que los m\u00e1s importantes productores de alimentos tambi\u00e9n sufren esta crisis; un ejemplo, los trabajadores y trabajadoras de la [&hellip;]<\/p>\n","protected":false},"author":5,"featured_media":15573,"comment_status":"closed","ping_status":"closed","sticky":false,"template":"","format":"standard","meta":{"_monsterinsights_skip_tracking":false,"_monsterinsights_sitenote_active":false,"_monsterinsights_sitenote_note":"","_monsterinsights_sitenote_category":0,"jnews-multi-image_gallery":[],"jnews_single_post":{"format":"standard"},"jnews_primary_category":[],"_joinchat":[],"footnotes":""},"categories":[58],"tags":[157,94],"class_list":["post-15565","post","type-post","status-publish","format-standard","has-post-thumbnail","hentry","category-noticiariachuelo","tag-nadie-se-salva-solo","tag-soberania-alimentaria"],"_links":{"self":[{"href":"http:\/\/fmriachuelo.it10.com.ar\/index.php\/wp-json\/wp\/v2\/posts\/15565","targetHints":{"allow":["GET"]}}],"collection":[{"href":"http:\/\/fmriachuelo.it10.com.ar\/index.php\/wp-json\/wp\/v2\/posts"}],"about":[{"href":"http:\/\/fmriachuelo.it10.com.ar\/index.php\/wp-json\/wp\/v2\/types\/post"}],"author":[{"embeddable":true,"href":"http:\/\/fmriachuelo.it10.com.ar\/index.php\/wp-json\/wp\/v2\/users\/5"}],"replies":[{"embeddable":true,"href":"http:\/\/fmriachuelo.it10.com.ar\/index.php\/wp-json\/wp\/v2\/comments?post=15565"}],"version-history":[{"count":1,"href":"http:\/\/fmriachuelo.it10.com.ar\/index.php\/wp-json\/wp\/v2\/posts\/15565\/revisions"}],"predecessor-version":[{"id":22209,"href":"http:\/\/fmriachuelo.it10.com.ar\/index.php\/wp-json\/wp\/v2\/posts\/15565\/revisions\/22209"}],"wp:featuredmedia":[{"embeddable":true,"href":"http:\/\/fmriachuelo.it10.com.ar\/index.php\/wp-json\/"}],"wp:attachment":[{"href":"http:\/\/fmriachuelo.it10.com.ar\/index.php\/wp-json\/wp\/v2\/media?parent=15565"}],"wp:term":[{"taxonomy":"category","embeddable":true,"href":"http:\/\/fmriachuelo.it10.com.ar\/index.php\/wp-json\/wp\/v2\/categories?post=15565"},{"taxonomy":"post_tag","embeddable":true,"href":"http:\/\/fmriachuelo.it10.com.ar\/index.php\/wp-json\/wp\/v2\/tags?post=15565"}],"curies":[{"name":"wp","href":"https:\/\/api.w.org\/{rel}","templated":true}]}}