{"id":15562,"date":"2022-05-27T01:15:21","date_gmt":"2022-05-27T01:15:21","guid":{"rendered":"http:\/\/fmriachuelo.com.ar\/?p=15562"},"modified":"2025-04-01T15:12:16","modified_gmt":"2025-04-01T18:12:16","slug":"causa-lucas-cabello-confirman-la-condena-a-16-anos-contra-el-policia-ayala-pero-seguira-en-libertad","status":"publish","type":"post","link":"http:\/\/fmriachuelo.it10.com.ar\/index.php\/2022\/05\/27\/causa-lucas-cabello-confirman-la-condena-a-16-anos-contra-el-policia-ayala-pero-seguira-en-libertad\/","title":{"rendered":"CAUSA LUCAS CABELLO: CONFIRMAN LA CONDENA A 16 A\u00d1OS CONTRA EL POLIC\u00cdA AYALA, PERO SEGUIR\u00c1 EN LIBERTAD"},"content":{"rendered":"<p><strong>[Colectivo de Medios Populares*, 26\/5\/2022] La Sala II de la C\u00e1mara Nacional de Casaci\u00f3n confirm\u00f3 hoy la condena a 16 a\u00f1os de prisi\u00f3n impuesta al polic\u00eda de la Metropolitana, Ricardo Ayala, por el Tribunal Oral 1 en 2019. Con esta resoluci\u00f3n, la Justicia volvi\u00f3 a dar por probado que aquel 9 de noviembre de 2015 en La Boca, Ayala no actu\u00f3 en defensa propia sino con una actitud criminal. Que no hubo ning\u00fan enfrentamiento. Que el polic\u00eda, con su arma reglamentaria, le dispar\u00f3 tres veces a Lucas y que dos de los tiros fueron cuando ya estaba en el piso.<\/strong><\/p>\n<p>Los jueces de Casaci\u00f3n tomaron esta decisi\u00f3n luego de que la defensa del polic\u00eda apelara la condena y pidiera la absoluci\u00f3n de Ayala. Los argumentos en la audiencia fueron los mismos que en el juicio oral: que el polic\u00eda se defendi\u00f3 de una supuesta agresi\u00f3n de Lucas quien, seg\u00fan la versi\u00f3n de la fuerza, ten\u00eda un arma. Nada de esto es real. Se trat\u00f3 de t\u00edpico caso de gatillo f\u00e1cil, con una salvedad poco habitual: la v\u00edctima sobrevivi\u00f3 para contarlo.<\/p>\n<p>\u00ab<em>Estamos muy contentos que hoy, despu\u00e9s de tanto esperarlo, Casaci\u00f3n confirm\u00f3 la sentencia, a menos de un mes de haber hecho la audiencia por zoom. No cambiar\u00e1 nuestra vida, seguiremos con las mismas dificultades pero necesitamos mucho cerrar esta etapa para poder concentrarnos en seguir adelante sin el peso y la angustia de la espera<\/em>\u00ab, dijo Carolina Vila, mam\u00e1 de Lucas, tras conocer la noticia.<\/p>\n<p>Tras la resoluci\u00f3n de hoy, la querella que representa a Lucas y a su familia pedir\u00e1 que Ayala sea detenido y que la condena se haga efectiva. Lo har\u00e1 en base a la nueva informaci\u00f3n que surgi\u00f3 de la audiencia en Casaci\u00f3n: en 2019 el polic\u00eda sum\u00f3 otro delito: fue acusado por falsificaci\u00f3n de documento por contar con una licencia de conducir falsa. En este expediente Ayala estuvo pr\u00f3fugo, motivo por el cual el 5 de junio de 2020 fue declarado en rebeld\u00eda hasta febrero de 2021, cuando finalmente fue detenido. Durante los meses que estuvo preso, la justicia le rechaz\u00f3 la excarcelaci\u00f3n dos veces en base al riesgo de fuga y a la existencia de un proceso con condena que a\u00fan no est\u00e1 firme (la causa por el intento de homicidio de Lucas). El 30 de junio de 2021 Ayala fue condenado en un juicio abreviado a un a\u00f1o y medio de prisi\u00f3n en suspenso y puesto en libertad.<\/p>\n<p>La defensa del polic\u00eda Ayala a\u00fan puede recurrir a la instancia de la Corte Suprema de Justicia, estrategia que le permitir\u00eda seguir evitando que el fallo quede firme y que, de esa manera, quede detenido.<\/p>\n<p>Pero Carolina no pierde las esperanzas: \u00ab<em>Deseamos que pronto lo detengan. Esperamos ese d\u00eda ya hace 7 a\u00f1os, mucho tiempo para tener justicia&#8230; pero seguiremos luchando sin perder la esperanza de que podemos hacer que esto cambie<\/em>\u00ab.<\/p>\n<p><strong>* FM Riachuelo \/ La Retaguardia \/ Sur Capitalino \/ Revoluciones \/ Revista Resistencias \/<\/strong><\/p>\n","protected":false},"excerpt":{"rendered":"<p>[Colectivo de Medios Populares*, 26\/5\/2022] La Sala II de la C\u00e1mara Nacional de Casaci\u00f3n confirm\u00f3 hoy la condena a 16 a\u00f1os de prisi\u00f3n impuesta al polic\u00eda de la Metropolitana, Ricardo Ayala, por el Tribunal Oral 1 en 2019. Con esta resoluci\u00f3n, la Justicia volvi\u00f3 a dar por probado que aquel 9 de noviembre de 2015 [&hellip;]<\/p>\n","protected":false},"author":5,"featured_media":15563,"comment_status":"closed","ping_status":"closed","sticky":false,"template":"","format":"standard","meta":{"_monsterinsights_skip_tracking":false,"_monsterinsights_sitenote_active":false,"_monsterinsights_sitenote_note":"","_monsterinsights_sitenote_category":0,"jnews-multi-image_gallery":[],"jnews_single_post":{"format":"standard"},"jnews_primary_category":[],"_joinchat":[],"footnotes":""},"categories":[58],"tags":[142,89],"class_list":["post-15562","post","type-post","status-publish","format-standard","has-post-thumbnail","hentry","category-noticiariachuelo","tag-colectivo-de-medios-populares","tag-violencia-institucional"],"_links":{"self":[{"href":"http:\/\/fmriachuelo.it10.com.ar\/index.php\/wp-json\/wp\/v2\/posts\/15562","targetHints":{"allow":["GET"]}}],"collection":[{"href":"http:\/\/fmriachuelo.it10.com.ar\/index.php\/wp-json\/wp\/v2\/posts"}],"about":[{"href":"http:\/\/fmriachuelo.it10.com.ar\/index.php\/wp-json\/wp\/v2\/types\/post"}],"author":[{"embeddable":true,"href":"http:\/\/fmriachuelo.it10.com.ar\/index.php\/wp-json\/wp\/v2\/users\/5"}],"replies":[{"embeddable":true,"href":"http:\/\/fmriachuelo.it10.com.ar\/index.php\/wp-json\/wp\/v2\/comments?post=15562"}],"version-history":[{"count":1,"href":"http:\/\/fmriachuelo.it10.com.ar\/index.php\/wp-json\/wp\/v2\/posts\/15562\/revisions"}],"predecessor-version":[{"id":22211,"href":"http:\/\/fmriachuelo.it10.com.ar\/index.php\/wp-json\/wp\/v2\/posts\/15562\/revisions\/22211"}],"wp:featuredmedia":[{"embeddable":true,"href":"http:\/\/fmriachuelo.it10.com.ar\/index.php\/wp-json\/"}],"wp:attachment":[{"href":"http:\/\/fmriachuelo.it10.com.ar\/index.php\/wp-json\/wp\/v2\/media?parent=15562"}],"wp:term":[{"taxonomy":"category","embeddable":true,"href":"http:\/\/fmriachuelo.it10.com.ar\/index.php\/wp-json\/wp\/v2\/categories?post=15562"},{"taxonomy":"post_tag","embeddable":true,"href":"http:\/\/fmriachuelo.it10.com.ar\/index.php\/wp-json\/wp\/v2\/tags?post=15562"}],"curies":[{"name":"wp","href":"https:\/\/api.w.org\/{rel}","templated":true}]}}