{"id":15518,"date":"2022-05-14T15:29:38","date_gmt":"2022-05-14T15:29:38","guid":{"rendered":"http:\/\/fmriachuelo.com.ar\/?p=15518"},"modified":"2025-04-01T15:16:22","modified_gmt":"2025-04-01T18:16:22","slug":"presentacion-de-la-serie-documental-sonora-convertir-el-dolor-en-lucha","status":"publish","type":"post","link":"http:\/\/fmriachuelo.it10.com.ar\/index.php\/2022\/05\/14\/presentacion-de-la-serie-documental-sonora-convertir-el-dolor-en-lucha\/","title":{"rendered":"PRESENTACI\u00d3N DE LA SERIE DOCUMENTAL SONORA \u201cCONVERTIR EL DOLOR EN REBELD\u00cdA Y ORGANIZACI\u00d3N\u201d"},"content":{"rendered":"<p><b>[FM Riachuelo, 13\/05\/2022] En el edificio del Movimiento Popular Los Pibes en el barrio de La Boca, el Merendero Madres Sembrando Conciencia, en articulaci\u00f3n con la materia Trabajo Social Comunitario de la Universidad de Avellaneda y con la FM Riachuelo, present\u00f3 una serie documental sonora titulada \u201cConvertir el dolor en rebeld\u00eda y organizaci\u00f3n\u201d, que rescata experiencias de lucha de familias, amigxs y comunidades enteras contra la violencia institucional.<\/b><\/p>\n<p><img loading=\"lazy\" decoding=\"async\" class=\" wp-image-15521 alignleft\" src=\"http:\/\/fmriachuelo.com.ar\/wp-content\/uploads\/2022\/05\/IMG-20220514-WA0022-300x200.jpg\" alt=\"\" width=\"483\" height=\"322\" \/><\/p>\n<p>Las familias, que formaron parte de la realizaci\u00f3n de los podcasts, participaron de la presentaci\u00f3n de manera virtual. Adem\u00e1s, junto con representantes de los tres espacios que se cargaron al hombro esta tarea, estuvo presente Ang\u00e9lica Urquiza, referenta de la Casita Kiki Lezcano y mam\u00e1 de Kiki Lezcano.<\/p>\n<p>Facundo Harguinteguy, docente de Trabajo Social Comunitario y vice-decano de la carrera de Ciencias Sociales de la UNDAV, remarc\u00f3 la necesidad de tocar estos temas: <i>\u201cHablamos de Derechos Humanos y a uno le remite a la \u00faltima dictadura militar, y la verdad es que ah\u00ed hay algunas cuestiones m\u00e1s saldadas. En los casos m\u00e1s cercanos todav\u00eda tenemos que dar un mont\u00f3n discusiones: seguir descriminalizado a nuestros pibes y nuestras pibas, explicar que no importa si se hab\u00eda mandado una macana, que no existe la pena de muerte y el fusilamiento, todav\u00eda tenemos que ingeni\u00e1rnosla para dar cuenta de eso en un contexto de profunda desigualdad\u201d.<\/i><\/p>\n<p><img loading=\"lazy\" decoding=\"async\" class=\" wp-image-15522 alignright\" src=\"http:\/\/fmriachuelo.com.ar\/wp-content\/uploads\/2022\/05\/IMG-20220514-WA0014-300x200.jpg\" alt=\"\" width=\"307\" height=\"205\" \/><\/p>\n<p>Roxana Cainzos, referenta del Merendero Madres Sembrando Conciencia y mam\u00e1 de Nehu\u00e9n Rodr\u00edguez, asesinado en 2014 por la entonces polic\u00eda Metropolitana, se refiri\u00f3 al t\u00e9rmino \u201cgatillo f\u00e1cil\u201d: <i>\u201cEl nombre de \u2018gatillo f\u00e1cil\u2019 explica la modalidad represiva estatal de control social que se impone siempre, silenciosamente, en nuestros pueblos y, sobre todo, en los j\u00f3venes m\u00e1s pobres, indefensos, que no representan un peligro para nadie\u201d.<\/i><\/p>\n<p><img loading=\"lazy\" decoding=\"async\" class=\" wp-image-15543 alignleft\" src=\"http:\/\/fmriachuelo.com.ar\/wp-content\/uploads\/2022\/05\/WhatsApp-Image-2022-05-14-at-1.11.16-PM-300x200.jpeg\" alt=\"\" width=\"267\" height=\"178\" \/><\/p>\n<p>M\u00f3nica P\u00e9rez, integrante de la FM Riachuelo, cont\u00f3 c\u00f3mo fue realizar los podcasts y qu\u00e9 significa contar con estas nuevas herramientas de lucha: <i>\u201cNadie pudo estudiar y aun as\u00ed sentimos que aprendimos un mont\u00f3n en este espacio y que vamos a seguir aprendiendo. Y juntar las experiencias y lo que fue para nosotros emocionalmente lo que fue construir estos podcast. Es entender como comunidad lo que le pasa al otro\u201d.<\/i><\/p>\n<p>&nbsp;<\/p>\n<p style=\"text-align: center\"><a href=\"https:\/\/soundcloud.com\/prensa-fm-riachuelo\/sets\/13-05-2022-podcast-convertir-el-dolor-en-lucha-rebeldia-y-organizacion?utm_source=clipboard&amp;utm_medium=text&amp;utm_campaign=social_sharing\" target=\"_blank\" rel=\"noopener\"><b>Pod\u00e9s escuchar todos los podcasts haciendo click ac\u00e1<\/b><\/a><\/p>\n<p><img loading=\"lazy\" decoding=\"async\" class=\" wp-image-15541 aligncenter\" src=\"http:\/\/fmriachuelo.com.ar\/wp-content\/uploads\/2022\/05\/WhatsApp-Image-2022-05-14-at-12.43.55-PM-300x208.jpeg\" alt=\"\" width=\"463\" height=\"321\" \/><\/p>\n<p style=\"text-align: center\">\n","protected":false},"excerpt":{"rendered":"<p>[FM Riachuelo, 13\/05\/2022] En el edificio del Movimiento Popular Los Pibes en el barrio de La Boca, el Merendero Madres Sembrando Conciencia, en articulaci\u00f3n con la materia Trabajo Social Comunitario de la Universidad de Avellaneda y con la FM Riachuelo, present\u00f3 una serie documental sonora titulada \u201cConvertir el dolor en rebeld\u00eda y organizaci\u00f3n\u201d, que rescata [&hellip;]<\/p>\n","protected":false},"author":5,"featured_media":15520,"comment_status":"closed","ping_status":"closed","sticky":false,"template":"","format":"standard","meta":{"_monsterinsights_skip_tracking":false,"_monsterinsights_sitenote_active":false,"_monsterinsights_sitenote_note":"","_monsterinsights_sitenote_category":0,"jnews-multi-image_gallery":[],"jnews_single_post":{"format":"standard"},"jnews_primary_category":[],"_joinchat":[],"footnotes":""},"categories":[61],"tags":[119,168,188],"class_list":["post-15518","post","type-post","status-publish","format-standard","has-post-thumbnail","hentry","category-especiales-riachuelo","tag-derechos-humanos","tag-educacion-comunitaria","tag-volencia-institucional"],"_links":{"self":[{"href":"http:\/\/fmriachuelo.it10.com.ar\/index.php\/wp-json\/wp\/v2\/posts\/15518","targetHints":{"allow":["GET"]}}],"collection":[{"href":"http:\/\/fmriachuelo.it10.com.ar\/index.php\/wp-json\/wp\/v2\/posts"}],"about":[{"href":"http:\/\/fmriachuelo.it10.com.ar\/index.php\/wp-json\/wp\/v2\/types\/post"}],"author":[{"embeddable":true,"href":"http:\/\/fmriachuelo.it10.com.ar\/index.php\/wp-json\/wp\/v2\/users\/5"}],"replies":[{"embeddable":true,"href":"http:\/\/fmriachuelo.it10.com.ar\/index.php\/wp-json\/wp\/v2\/comments?post=15518"}],"version-history":[{"count":1,"href":"http:\/\/fmriachuelo.it10.com.ar\/index.php\/wp-json\/wp\/v2\/posts\/15518\/revisions"}],"predecessor-version":[{"id":22214,"href":"http:\/\/fmriachuelo.it10.com.ar\/index.php\/wp-json\/wp\/v2\/posts\/15518\/revisions\/22214"}],"wp:featuredmedia":[{"embeddable":true,"href":"http:\/\/fmriachuelo.it10.com.ar\/index.php\/wp-json\/"}],"wp:attachment":[{"href":"http:\/\/fmriachuelo.it10.com.ar\/index.php\/wp-json\/wp\/v2\/media?parent=15518"}],"wp:term":[{"taxonomy":"category","embeddable":true,"href":"http:\/\/fmriachuelo.it10.com.ar\/index.php\/wp-json\/wp\/v2\/categories?post=15518"},{"taxonomy":"post_tag","embeddable":true,"href":"http:\/\/fmriachuelo.it10.com.ar\/index.php\/wp-json\/wp\/v2\/tags?post=15518"}],"curies":[{"name":"wp","href":"https:\/\/api.w.org\/{rel}","templated":true}]}}