{"id":15511,"date":"2022-05-13T21:52:13","date_gmt":"2022-05-13T21:52:13","guid":{"rendered":"http:\/\/fmriachuelo.com.ar\/?p=15511"},"modified":"2025-04-01T15:17:35","modified_gmt":"2025-04-01T18:17:35","slug":"cartoneros-y-cartoneras-de-caba-paro-y-movilizacion-por-la-apertura-de-paritarias","status":"publish","type":"post","link":"http:\/\/fmriachuelo.it10.com.ar\/index.php\/2022\/05\/13\/cartoneros-y-cartoneras-de-caba-paro-y-movilizacion-por-la-apertura-de-paritarias\/","title":{"rendered":"CARTONEROS Y CARTONERAS DE CABA: PARO Y MOVILIZACI\u00d3N POR LA APERTURA DE PARITARIAS"},"content":{"rendered":"<p><b>[FM Riachuelo, 13\/05\/2022] Despu\u00e9s de la represi\u00f3n y detenci\u00f3n de los 13 compa\u00f1eros cartoneros en una concentraci\u00f3n pac\u00edfica en la Direcci\u00f3n de Reciclado de CABA el pasado jueves, organizaciones de cartoneros y dem\u00e1s trabajadores de la Econom\u00eda Popular movilizaron hoy desde San Juan y 9 de Julio hasta la misma Direcci\u00f3n en repudio de la violencia policial, sosteniendo los reclamos por apertura de las paritarias, reintegro de los cartoneros descontados sin raz\u00f3n y mejoras en los centros verdes.<\/b><\/p>\n<p><span style=\"font-weight: 400\">En di\u00e1logo con la FM Riachuelo, Natalia Zaracho, referenta del MTE, expres\u00f3: <\/span><i><span style=\"font-weight: 400\">\u201cHoy estamos mostr\u00e1ndoles que la organizaci\u00f3n popular, la organizaci\u00f3n de estos 20 a\u00f1os de la lucha cartonera, no se la vamos a regalar a nadie. No vamos a retroceder ni un paso hacia atr\u00e1s y vamos a seguir peleando por las conquistas que conseguimos y por las que vamos a pelear para que todos los compa\u00f1eros tengan garantizadas. Un sueldo digno para que tengan mejores condiciones de trabajo y para que todo el sistema de reciclado entienda que somos principalmente los cartoneros los que generamos las pol\u00edticas p\u00fablicas de ambiente. El cuidado del ambiente sin los cartoneros no existe.\u201d\u00a0<\/span><\/i><\/p>\n<p><span style=\"font-weight: 400\">El Movimiento Popular Los Pibes tambi\u00e9n estuvo acompa\u00f1ando la convocatoria. Mario Gonz\u00e1lez, referente del movimiento, reflexion\u00f3 sobre el nivel de organizaci\u00f3n que los trabajadores de la econom\u00eda popular venimos acumulando: <\/span><i><span style=\"font-weight: 400\">\u201cHoy est\u00e1n tan organizados los compa\u00f1eros, y estamos tan organizados, que tenemos guarder\u00edas para que las compa\u00f1eras puedan ir a trabajar tranquilas. Eso es lo que le molesta al poder, que los pobres tengamos trabajo . Y nosotros mismos lo estamos demostrando, que estamos de pie y que ac\u00e1 no se rinde nadie\u201d<\/span><\/i><span style=\"font-weight: 400\">.<\/span><\/p>\n<p><img loading=\"lazy\" decoding=\"async\" class=\"alignnone wp-image-15513 aligncenter\" src=\"http:\/\/fmriachuelo.com.ar\/wp-content\/uploads\/2022\/05\/marcha2-300x142.jpg\" alt=\"\" width=\"526\" height=\"249\" \/><\/p>\n<p><span style=\"font-weight: 400\">Mientras sus compa\u00f1eros los respaldaban en la calle, los delegados de 12 Cooperativas de Reciclado mantuvieron una reuni\u00f3n en la Direcci\u00f3n de Reciclado donde exigieron el tratamiento de sus reclamos. Como resultado, el gobierno de la ciudad se comprometi\u00f3 a reintegrar el pago de los salarios la pr\u00f3xima semana y abrir una mesa de negociaci\u00f3n para apertura de paritarias y mejoras en los centros verdes. Hasta que se cumpla con las promesas, Sergio S\u00e1nchez, presidente de la Federaci\u00f3n Argentina de Cartoneros, Carreros y Recicladores (FACCyR), asegur\u00f3 que: <\/span><i><span style=\"font-weight: 400\">\u201cEstamos en estado de alerta para seguir peleando\u201d<\/span><\/i><span style=\"font-weight: 400\">.<\/span><\/p>\n","protected":false},"excerpt":{"rendered":"<p>[FM Riachuelo, 13\/05\/2022] Despu\u00e9s de la represi\u00f3n y detenci\u00f3n de los 13 compa\u00f1eros cartoneros en una concentraci\u00f3n pac\u00edfica en la Direcci\u00f3n de Reciclado de CABA el pasado jueves, organizaciones de cartoneros y dem\u00e1s trabajadores de la Econom\u00eda Popular movilizaron hoy desde San Juan y 9 de Julio hasta la misma Direcci\u00f3n en repudio de la [&hellip;]<\/p>\n","protected":false},"author":5,"featured_media":15512,"comment_status":"closed","ping_status":"closed","sticky":false,"template":"","format":"standard","meta":{"_monsterinsights_skip_tracking":false,"_monsterinsights_sitenote_active":false,"_monsterinsights_sitenote_note":"","_monsterinsights_sitenote_category":0,"jnews-multi-image_gallery":[],"jnews_single_post":{"format":"standard"},"jnews_primary_category":[],"_joinchat":[],"footnotes":""},"categories":[58],"tags":[154,157,156],"class_list":["post-15511","post","type-post","status-publish","format-standard","has-post-thumbnail","hentry","category-noticiariachuelo","tag-economia-popular-2","tag-nadie-se-salva-solo","tag-tierra-techo-y-trabajo"],"_links":{"self":[{"href":"http:\/\/fmriachuelo.it10.com.ar\/index.php\/wp-json\/wp\/v2\/posts\/15511","targetHints":{"allow":["GET"]}}],"collection":[{"href":"http:\/\/fmriachuelo.it10.com.ar\/index.php\/wp-json\/wp\/v2\/posts"}],"about":[{"href":"http:\/\/fmriachuelo.it10.com.ar\/index.php\/wp-json\/wp\/v2\/types\/post"}],"author":[{"embeddable":true,"href":"http:\/\/fmriachuelo.it10.com.ar\/index.php\/wp-json\/wp\/v2\/users\/5"}],"replies":[{"embeddable":true,"href":"http:\/\/fmriachuelo.it10.com.ar\/index.php\/wp-json\/wp\/v2\/comments?post=15511"}],"version-history":[{"count":1,"href":"http:\/\/fmriachuelo.it10.com.ar\/index.php\/wp-json\/wp\/v2\/posts\/15511\/revisions"}],"predecessor-version":[{"id":22215,"href":"http:\/\/fmriachuelo.it10.com.ar\/index.php\/wp-json\/wp\/v2\/posts\/15511\/revisions\/22215"}],"wp:featuredmedia":[{"embeddable":true,"href":"http:\/\/fmriachuelo.it10.com.ar\/index.php\/wp-json\/"}],"wp:attachment":[{"href":"http:\/\/fmriachuelo.it10.com.ar\/index.php\/wp-json\/wp\/v2\/media?parent=15511"}],"wp:term":[{"taxonomy":"category","embeddable":true,"href":"http:\/\/fmriachuelo.it10.com.ar\/index.php\/wp-json\/wp\/v2\/categories?post=15511"},{"taxonomy":"post_tag","embeddable":true,"href":"http:\/\/fmriachuelo.it10.com.ar\/index.php\/wp-json\/wp\/v2\/tags?post=15511"}],"curies":[{"name":"wp","href":"https:\/\/api.w.org\/{rel}","templated":true}]}}