{"id":15508,"date":"2022-05-11T19:28:47","date_gmt":"2022-05-11T19:28:47","guid":{"rendered":"http:\/\/fmriachuelo.com.ar\/?p=15508"},"modified":"2025-04-01T15:18:33","modified_gmt":"2025-04-01T18:18:33","slug":"lucas-cabello-audiencia-en-casacion-por-el-caso-de-gatillo-facil","status":"publish","type":"post","link":"http:\/\/fmriachuelo.it10.com.ar\/index.php\/2022\/05\/11\/lucas-cabello-audiencia-en-casacion-por-el-caso-de-gatillo-facil\/","title":{"rendered":"LUCAS CABELLO: AUDIENCIA EN CASACI\u00d3N POR EL CASO DE GATILLO F\u00c1CIL"},"content":{"rendered":"<p><strong>[Colectivo de Medios Populares*, 11\/5\/2022] Esta ma\u00f1ana se realiz\u00f3 una audiencia virtual en la Sala 2 de Casaci\u00f3n, en la que la defensa del polic\u00eda Ricardo Ayala pidi\u00f3 que se revoque la pena a 16 a\u00f1os de prisi\u00f3n impuesta por el tribunal oral en 2019, y sea absuelto. Las querellas y la fiscal\u00eda insistieron en que la condena quede firme y se cumpla de manera efectiva. Ayala contin\u00faa en libertad mientras Lucas sufre a diario grav\u00edsimos problemas de salud a causa de los tres disparos que recibi\u00f3 en 2015. Su mam\u00e1 les habl\u00f3 a los jueces. La audiencia se vio en vivo con cobertura de FM Riachuelo, La Retaguardia y Sur Capitalino.<\/strong><\/p>\n<p>\u201c<em>Nosotros no tenemos paz, Ayala viol\u00f3 la distancia de acercamiento a nuestra familia, lo cruzamos a tres cuadras de casa. Lucas merece justicia. Necesitamos que Ayala est\u00e9 detenido y cumpla la condena<\/em>\u201d. Con este pedido de Carolina Vila, mam\u00e1 de Lucas Cabello, termin\u00f3 este mediod\u00eda la audiencia ante los jueces de la Sala 2 de la C\u00e1mara Nacional de Casaci\u00f3n, que deber\u00e1 definir ahora si confirma la condena a 16 a\u00f1os a Ricardo Ayala y si, como pidieron las querellas y la fiscal\u00eda, el ex polic\u00eda de la Ciudad la cumplir\u00e1 en una c\u00e1rcel. Carolina escuch\u00f3 toda la audiencia en una sala de FM Riachuelo junto a su compa\u00f1era y amiga Roxana Cainzos, mam\u00e1 de Nehuen Rodr\u00edguez. \u201c<em>Esta virtualidad hace que adem\u00e1s de triste una est\u00e9 sola, por eso agradezco estar ac\u00e1<\/em>\u201d, dijo. Es que Lucas est\u00e1 nuevamente internado y ma\u00f1ana, en el d\u00eda de su cumplea\u00f1os 27, volver\u00e1 a ser operado por uno de los tantos problemas de salud que le dejaron las balas de Ayala.<\/p>\n<p>La audiencia comenz\u00f3 con el planteo del abogado defensor del polic\u00eda, Santiago de Jes\u00fas, quien al igual que hab\u00eda ocurrido durante el juicio oral, bas\u00f3 sus argumentos en responsabilizar a la v\u00edctima y estigmatizarla: \u201c<em>Lucas Cabello era una persona violenta, capaz de amenazar a alguien con un arma de fuego<\/em>\u201d, asegur\u00f3 en base a ninguna prueba y se pregunt\u00f3: \u201c<em>\u00bfPor qu\u00e9 iba a disparar tres tiros Ayala sino se hubiera sentido en peligro?<\/em>\u201d. En el juicio, el Tribunal Oral 1 dio por probado que Lucas no ten\u00eda ning\u00fan arma al momento de los hechos. Que Ayala no se defendi\u00f3 de nada. Que no hubo ning\u00fan enfrentamiento. Que el polic\u00eda, con su arma reglamentaria, le dispar\u00f3 tres veces a Lucas y que dos de los tiros fueron cuando el joven de La Boca ya estaba en el piso.<\/p>\n<p>\u00abNo tiene explicaci\u00f3n\u00bb<\/p>\n<p>Por eso, esa misma pregunta es la que luego tomaron los abogados de la querella para demostrar que no existi\u00f3 ninguna raz\u00f3n para ejecutar a Lucas. \u201c<em>Dicen que no encuentran justificativo a los tres disparos, y es porque no lo hay. Que en democracia un polic\u00eda dispare tres veces a un ciudadano, con el arma que le dio el Estado para protegernos, no tiene explicaci\u00f3n. Por eso la defensa hace eje en estigmatizar a la v\u00edctima, busca un justificativo a lo que no tiene. Y no nos sorprende<\/em>\u201d, se\u00f1al\u00f3 Mat\u00edas Busso, abogado de la Liga Argentina por los Derechos Humanos, organismo querellante en la causa. Para cerrar su intervenci\u00f3n pidiendo que la pena se haga efectiva: \u201c<em>Carolina, Lucas, no pueden seguir represent\u00e1ndose la idea de que en cualquier momento se pueden volver a cruzar con la persona que le dio tres disparos. Debemos poder proteger a la v\u00edctima. Es un mensaje a la sociedad en su conjunto y a las fuerzas de seguridad. La justicia debe actuar con la mayor celeridad y contundencia posible. Vemos una asimetr\u00eda con respecto a lo que sucede en el com\u00fan de los casos. Ayala sigue en libertad por un factor de poder que es ser un efectivo de una fuerza de seguridad<\/em>\u201d.<\/p>\n<p>A su turno, Adri\u00e1n Albor, abogado representante de Lucas en la querella, dej\u00f3 en evidencia la falta de argumentos de la defensa: \u201c<em>No hay agravios a responder porque no han sido planteados. \u00bfLucas Cabello merec\u00eda que le dispararan tres veces porque es una mala persona?<\/em>\u201d, se pregunt\u00f3 luego de repasar algunos testimonios que resultaron claves en el juicio oral como el de una se\u00f1ora que no conoc\u00eda a Lucas, ni era vecina y que pasaba por la vereda al momento de los disparos.<\/p>\n<p>La otra causa de Ayala<\/p>\n<p>Para finalizar los planteos t\u00e9cnicos, tom\u00f3 la palabra la fiscal Mar\u00eda Luisa Piqu\u00e9, quien adem\u00e1s de solicitar que se confirme la condena a Ayala y que se le dicte prisi\u00f3n preventiva, trajo una novedad a la audiencia: en 2019 el polic\u00eda fue acusado del delito de falsificaci\u00f3n de documento por contar con una licencia de conducir falsa. El 30 de junio de 2021 fue condenado en un juicio abreviado a un a\u00f1o y medio de prisi\u00f3n en suspenso y puesto en libertad. El dato m\u00e1s importante es que en este expediente Ayala estuvo pr\u00f3fugo, motivo por el cual el 5 de junio de 2020 fue declarado en rebeld\u00eda hasta febrero de 2021 cuando finalmente fue detenido. Durante los meses que estuvo preso, la justicia le rechaz\u00f3 la excarcelaci\u00f3n dos veces en base al riesgo de fuga y a la existencia de un proceso con condena que a\u00fan no est\u00e1 firme (la causa por el intento de homicidio de Lucas). \u201c<em>En base a todo esto creemos que si la Sala confirma la condena a 16 a\u00f1os, pero no la hace efectiva, el peligro de fuga se ver\u00e1 incrementado a\u00fan m\u00e1s<\/em>\u201d, alert\u00f3 la fiscal luego de rechazar el concepto de que hasta que el recurso de queja no haya sido rechazado por la Corte Suprema, la condena no est\u00e1 firme y, por ende, Ayala debe continuar en libertad. Esta doctrina trae consecuencias negativas: \u201c<em>Ya pasaron 7 a\u00f1os de los hechos. Es inexplicable para la sociedad, para Lucas, para su mam\u00e1 y para todas las v\u00edctimas que las condenas se ejecuten 8 o 10 a\u00f1os despu\u00e9s. Para que cumpla los fines, es necesario que se ejecuten en un tiempo cercano a los hechos, m\u00e1s a\u00fan en este caso de accionar ilegal de un funcionario policial con el arma reglamentaria<\/em>\u201d.<\/p>\n<p>La voz de la familia<\/p>\n<p>La \u00faltima en hablar ante los jueces fue Carolina. Atravesada por el dolor, pero con enorme valent\u00eda, la mam\u00e1 de Lucas repas\u00f3 los sufrimientos que viven desde aquel 9 de noviembre de 2015.<\/p>\n<p>\u201c<em>Voy a ir a lo m\u00e1s importante para m\u00ed que es la salud de mi hijo. Hasta sus 20 a\u00f1os fue fuerte como un roble, pero ya van a ser 7 a\u00f1os que viene luchando con un mont\u00f3n de complicaciones que terminan en internaci\u00f3n, como es el caso ahora. Estuvo casi un a\u00f1o con traqueotom\u00eda lo que hizo que sus pulmones se debiliten. Ahora est\u00e1 con atelectasia, que es como si los pulmones se achicharraran. Esto hace que tambi\u00e9n su coraz\u00f3n se debilite. Adem\u00e1s, usa sonda vesical que le genera infecciones muy seguido, y estar en silla de ruedas le genera escaras con heridas muy profundas que en algunos casos llegan al hueso<\/em>\u201d, enumer\u00f3 con tristeza, tom\u00f3 aire y sigui\u00f3: \u201c<em>Mi hijo depende de insulina y m\u00e1s de 20 pastillas por d\u00eda y aun as\u00ed no logra sentirse del todo bien. Sufre de muchos dolores en el cuerpo y en la tristeza de extra\u00f1ar su vida. Pero a pesar de todo esto, creo que es m\u00e1s valiente que todos los que estamos ac\u00e1. Y tambi\u00e9n es terco, que no se va a rendir, aprob\u00f3 ex\u00e1menes para seguir la carrera de periodismo deportivo y en la radio de nuestro barrio tiene una columna. Se obliga a seguir. Es el pap\u00e1 m\u00e1s presente que yo conozco y es mi orgullo. Por todo esto y por mucho m\u00e1s merece tener justicia<\/em>\u201d. Luego de la audiencia, Carolina y Roxana se sumaron al cierre de la transmisi\u00f3n que La Retaguardia, FM Riachuelo y Sur Capitalino realizaron como parte del Colectivo de Medios Populares.<\/p>\n<p>Ayala fue condenado en 2019 a 16 a\u00f1os de prisi\u00f3n y 10 de inhabilitaci\u00f3n por tentativa de homicidio, agravada por haber sido cometido en su funci\u00f3n policial y con arma de fuego. S\u00f3lo estuvo detenido un a\u00f1o.<\/p>\n<p><strong>* FM Riachuelo \/ La Retaguardia \/ Sur Capitalino \/ Revoluciones \/ Revista Resistencias \/<\/strong><\/p>\n","protected":false},"excerpt":{"rendered":"<p>[Colectivo de Medios Populares*, 11\/5\/2022] Esta ma\u00f1ana se realiz\u00f3 una audiencia virtual en la Sala 2 de Casaci\u00f3n, en la que la defensa del polic\u00eda Ricardo Ayala pidi\u00f3 que se revoque la pena a 16 a\u00f1os de prisi\u00f3n impuesta por el tribunal oral en 2019, y sea absuelto. Las querellas y la fiscal\u00eda insistieron en [&hellip;]<\/p>\n","protected":false},"author":5,"featured_media":15509,"comment_status":"closed","ping_status":"closed","sticky":false,"template":"","format":"standard","meta":{"_monsterinsights_skip_tracking":false,"_monsterinsights_sitenote_active":false,"_monsterinsights_sitenote_note":"","_monsterinsights_sitenote_category":0,"jnews-multi-image_gallery":[],"jnews_single_post":{"format":"standard"},"jnews_primary_category":[],"_joinchat":[],"footnotes":""},"categories":[58],"tags":[142,119,89],"class_list":["post-15508","post","type-post","status-publish","format-standard","has-post-thumbnail","hentry","category-noticiariachuelo","tag-colectivo-de-medios-populares","tag-derechos-humanos","tag-violencia-institucional"],"_links":{"self":[{"href":"http:\/\/fmriachuelo.it10.com.ar\/index.php\/wp-json\/wp\/v2\/posts\/15508","targetHints":{"allow":["GET"]}}],"collection":[{"href":"http:\/\/fmriachuelo.it10.com.ar\/index.php\/wp-json\/wp\/v2\/posts"}],"about":[{"href":"http:\/\/fmriachuelo.it10.com.ar\/index.php\/wp-json\/wp\/v2\/types\/post"}],"author":[{"embeddable":true,"href":"http:\/\/fmriachuelo.it10.com.ar\/index.php\/wp-json\/wp\/v2\/users\/5"}],"replies":[{"embeddable":true,"href":"http:\/\/fmriachuelo.it10.com.ar\/index.php\/wp-json\/wp\/v2\/comments?post=15508"}],"version-history":[{"count":1,"href":"http:\/\/fmriachuelo.it10.com.ar\/index.php\/wp-json\/wp\/v2\/posts\/15508\/revisions"}],"predecessor-version":[{"id":22216,"href":"http:\/\/fmriachuelo.it10.com.ar\/index.php\/wp-json\/wp\/v2\/posts\/15508\/revisions\/22216"}],"wp:featuredmedia":[{"embeddable":true,"href":"http:\/\/fmriachuelo.it10.com.ar\/index.php\/wp-json\/"}],"wp:attachment":[{"href":"http:\/\/fmriachuelo.it10.com.ar\/index.php\/wp-json\/wp\/v2\/media?parent=15508"}],"wp:term":[{"taxonomy":"category","embeddable":true,"href":"http:\/\/fmriachuelo.it10.com.ar\/index.php\/wp-json\/wp\/v2\/categories?post=15508"},{"taxonomy":"post_tag","embeddable":true,"href":"http:\/\/fmriachuelo.it10.com.ar\/index.php\/wp-json\/wp\/v2\/tags?post=15508"}],"curies":[{"name":"wp","href":"https:\/\/api.w.org\/{rel}","templated":true}]}}