{"id":15502,"date":"2022-05-11T19:17:56","date_gmt":"2022-05-11T19:17:56","guid":{"rendered":"http:\/\/fmriachuelo.com.ar\/?p=15502"},"modified":"2025-04-01T15:20:08","modified_gmt":"2025-04-01T18:20:08","slug":"los-frutos-de-la-organizacion-popular-el-barrio-papa-francisco-firmo-el-inicio-de-obras-cloacales","status":"publish","type":"post","link":"http:\/\/fmriachuelo.it10.com.ar\/index.php\/2022\/05\/11\/los-frutos-de-la-organizacion-popular-el-barrio-papa-francisco-firmo-el-inicio-de-obras-cloacales\/","title":{"rendered":"LOS FRUTOS DE LA ORGANIZACI\u00d3N POPULAR: EL BARRIO PAPA FRANCISCO FIRM\u00d3 EL INICIO DE OBRAS CLOACALES"},"content":{"rendered":"<p><b>[FM Riachuelo, 11\/5\/2022] El 9 de Marzo en el barrio Papa Francisco se firm\u00f3 el Inicio de Obra Temprana. La obra proveer\u00e1 al barrio de red de cloaca y estaci\u00f3n elevadora, junto con la construcci\u00f3n de n\u00facleos h\u00famedos y conexiones intradomiciliarias de cloaca y electricidad. Por este motivo los trabajadores y trabajadoras de la Econom\u00eda Popular nucleados en la Mesa Gremial 19 y 20 invitaron a todos los vecinos y organizaciones hermanas a participar de dicha firma en el S.U.M. Pocho Lepratti del Barrio Papa Francisco de La Paz, Entre R\u00edos.<\/b><\/p>\n<p><span style=\"font-weight: 400\">La realizaci\u00f3n de esta obra proviene de un trabajo de planificaci\u00f3n y presentaci\u00f3n, por parte de vecinos del barrio, de diversos proyectos a lo largo de dos a\u00f1os. Antes de terminar la construcci\u00f3n del S.U.M. (Sal\u00f3n de Usos M\u00faltiples) el equipo de trabajo ya hab\u00eda comenzado a ver qu\u00e9 otras necesidades ten\u00eda el barrio. As\u00ed comenzaron a planificar y proyectar el tendido de cloacas, algo imprescindible para mejorar la vida de los vecinos del lugar. Se presentaron varios proyectos hasta lograr el que se firm\u00f3 el pasado lunes.<\/span><\/p>\n<p><span style=\"font-weight: 400\"><img loading=\"lazy\" decoding=\"async\" class=\"size-medium wp-image-15506 aligncenter\" src=\"http:\/\/fmriachuelo.com.ar\/wp-content\/uploads\/2022\/05\/WhatsApp-Image-2022-05-09-at-11.02.44-AM-2-300x225.jpeg\" alt=\"\" width=\"300\" height=\"225\" \/><\/span><\/p>\n<p><span style=\"font-weight: 400\">Durante la actividad, integrantes del equipo de trabajo que llevar\u00e1 adelante la construcci\u00f3n, vecinos y referentes tomaron la palabra y se dirigieron a los presentes. <\/span><b>Cristian Galv\u00e1n<\/b><span style=\"font-weight: 400\">, <\/span><b>Ingeniero del Proyecto<\/b><span style=\"font-weight: 400\">, se expres\u00f3 sobre c\u00f3mo se llevar\u00e1 a cabo su realizaci\u00f3n: <\/span><i><span style=\"font-weight: 400\">\u201cEl proyecto aborda cuatro aspectos fundamentales que tienen que ver con la cuesti\u00f3n social, la medioambiental, la regularizaci\u00f3n dominial\u00a0 y el proyecto t\u00e9cnico como equipo consultor. En esta<\/span><\/i><b><i> primera etapa<\/i><\/b><i><span style=\"font-weight: 400\"> nos enfocamos en la <\/span><\/i><b><i>red de cloacas, n\u00facleos h\u00famedos, la estaci\u00f3n elevadora y la conexi\u00f3n al colector cloacal. <\/i><\/b><i><span style=\"font-weight: 400\">Lo que yo les digo a los muchachos de la cooperativa es que ellos son los <\/span><\/i><b><i>verdaderos protagonistas<\/i><\/b><i><span style=\"font-weight: 400\">, nosotros somos una herramienta y son <\/span><\/i><b><i>ellos los que tienen que usar esta posibilidad para potenciar mayores posibilidades de los que vienen atr\u00e1s<\/i><\/b><i><span style=\"font-weight: 400\">. El objetivo es seguir, nuestro equipo ya est\u00e1 trabajando en el mismo proyecto, replicando lo que se est\u00e1 haciendo en el Papa Francisco, hacerlo en el barrio La Ribera.\u201d<\/span><\/i><\/p>\n<p><span style=\"font-weight: 400\">Los vecinos ribere\u00f1os que acompa\u00f1aron la firma del inicio de obra expresaron su alegr\u00eda como lo hizo <\/span><b>Tony Medina<\/b><span style=\"font-weight: 400\"> en su doble rol de <\/span><b>vecino y presidente de la<\/b> <b>Cooperativa 17 de Diciembre,<\/b><span style=\"font-weight: 400\"> encargada de la realizaci\u00f3n de la obra: <\/span><i><span style=\"font-weight: 400\">\u201cque tengan la posibilidad mi gente ribere\u00f1a de tener esto, es una satisfacci\u00f3n muy grande que tenemos. Como presidente de la cooperativa qu\u00e9dense tranquilos que <\/span><\/i><b><i>vamos a hacer todo lo posible y hasta lo imposible para que esto salga adelante<\/i><\/b><i><span style=\"font-weight: 400\">\u201d.<\/span><\/i><\/p>\n<p><img loading=\"lazy\" decoding=\"async\" class=\"size-medium wp-image-15504 alignleft\" src=\"http:\/\/fmriachuelo.com.ar\/wp-content\/uploads\/2022\/05\/WhatsApp-Image-2022-05-09-at-11.02.45-AM-300x225.jpeg\" alt=\"\" width=\"300\" height=\"225\" \/><\/p>\n<p><i><span style=\"font-weight: 400\">\u201cNuestros movimientos tratan de no ser solamente organizaciones que hablan, sino que <\/span><\/i><b><i>nos caracterizamos por construir lo que decimos<\/i><\/b><i><span style=\"font-weight: 400\">, de mantener un hilo de coherencia entre lo que pensamos, lo que decimos y fundamentalmente lo que hacemos, <\/span><\/i><b><i>poni\u00e9ndole el cuerpo y el pecho a esas construcciones<\/i><\/b><i><span style=\"font-weight: 400\">\u201d<\/span><\/i><span style=\"font-weight: 400\"> expres\u00f3 <\/span><b>Luciano \u00c1lvarez<\/b><span style=\"font-weight: 400\">, secretario de organizaci\u00f3n del <\/span><b>Movimiento Popular Los Pibes<\/b><span style=\"font-weight: 400\">, quien acompa\u00f1\u00f3 la actividad. Luego agreg\u00f3: <\/span><i><span style=\"font-weight: 400\">\u201cdonde el poder local pensaba que estas tierras servir\u00edan para la especulaci\u00f3n inmobiliaria hoy se construy\u00f3 un barrio en unidad y esto no se lo deben a nadie m\u00e1s que a la energ\u00eda, a la fuerza, al sacrificio de las cuarenta familias que lo habitan. Este es el camino, no hay otro, es la unidad, la organizaci\u00f3n y la lucha. <\/span><\/i><b><i>M\u00e1s tarde o m\u00e1s temprano vamos a dar vuelta la realidad de nuestro pueblo y la realidad de nuestra patria porque lo demostramos con hechos<\/i><\/b><i><span style=\"font-weight: 400\">\u201d.<\/span><\/i><\/p>\n<p><span style=\"font-weight: 400\">Para finalizar, compartimos el reporte que durante la actividad realiz\u00f3 <\/span><b>Silvina<\/b><span style=\"font-weight: 400\">, corresponsal popular de la FM Riachuelo y vecina del Barrio Papa Francisco, para el programa <\/span><b>Mateando en el Riachuelo (*)<\/b><span style=\"font-weight: 400\">, quien destac\u00f3 la importancia de esta obra<\/span><i><span style=\"font-weight: 400\">: \u201cHace diez a\u00f1os que est\u00e1n las cloacas a cielo abierto, todav\u00eda no se han arreglado, adem\u00e1s creci\u00f3 el r\u00edo y el agua se uni\u00f3 a los desechos cloacales y se le dificulta a las familias de pescadores que tienen que irse lejos para pescar por la contaminaci\u00f3n del r\u00edo que hay en el lugar. Estamos felices porque nuestros hijos van a tener una mejor calidad de vida\u201d.\u00a0\u00a0<\/span><\/i><\/p>\n<p><span style=\"font-weight: 400\"><a href=\"https:\/\/ar.radiocut.fm\/audiocut\/un-nuevo-inicio-para-una-mejor-calidad-vida-gracias-a-lucha-del-pueblo\/\">Escucha el reporte completo<\/a> <\/span><\/p>\n<p><span style=\"font-weight: 400\">(*) Programa que emite FM Riachuelo de lunes a viernes de 9 a 11 hs<\/span><\/p>\n<p><span style=\"font-weight: 400\">\u00a0<\/span><\/p>\n<p><span style=\"font-weight: 400\">\u00a0<\/span><\/p>\n","protected":false},"excerpt":{"rendered":"<p>[FM Riachuelo, 11\/5\/2022] El 9 de Marzo en el barrio Papa Francisco se firm\u00f3 el Inicio de Obra Temprana. La obra proveer\u00e1 al barrio de red de cloaca y estaci\u00f3n elevadora, junto con la construcci\u00f3n de n\u00facleos h\u00famedos y conexiones intradomiciliarias de cloaca y electricidad. Por este motivo los trabajadores y trabajadoras de la Econom\u00eda [&hellip;]<\/p>\n","protected":false},"author":5,"featured_media":22479,"comment_status":"closed","ping_status":"closed","sticky":false,"template":"","format":"standard","meta":{"_monsterinsights_skip_tracking":false,"_monsterinsights_sitenote_active":false,"_monsterinsights_sitenote_note":"","_monsterinsights_sitenote_category":0,"jnews-multi-image_gallery":[],"jnews_single_post":{"format":"standard"},"jnews_primary_category":[],"_joinchat":[],"footnotes":""},"categories":[58],"tags":[119,154,147,156],"class_list":["post-15502","post","type-post","status-publish","format-standard","has-post-thumbnail","hentry","category-noticiariachuelo","tag-derechos-humanos","tag-economia-popular-2","tag-habitat","tag-tierra-techo-y-trabajo"],"_links":{"self":[{"href":"http:\/\/fmriachuelo.it10.com.ar\/index.php\/wp-json\/wp\/v2\/posts\/15502","targetHints":{"allow":["GET"]}}],"collection":[{"href":"http:\/\/fmriachuelo.it10.com.ar\/index.php\/wp-json\/wp\/v2\/posts"}],"about":[{"href":"http:\/\/fmriachuelo.it10.com.ar\/index.php\/wp-json\/wp\/v2\/types\/post"}],"author":[{"embeddable":true,"href":"http:\/\/fmriachuelo.it10.com.ar\/index.php\/wp-json\/wp\/v2\/users\/5"}],"replies":[{"embeddable":true,"href":"http:\/\/fmriachuelo.it10.com.ar\/index.php\/wp-json\/wp\/v2\/comments?post=15502"}],"version-history":[{"count":1,"href":"http:\/\/fmriachuelo.it10.com.ar\/index.php\/wp-json\/wp\/v2\/posts\/15502\/revisions"}],"predecessor-version":[{"id":22217,"href":"http:\/\/fmriachuelo.it10.com.ar\/index.php\/wp-json\/wp\/v2\/posts\/15502\/revisions\/22217"}],"wp:featuredmedia":[{"embeddable":true,"href":"http:\/\/fmriachuelo.it10.com.ar\/index.php\/wp-json\/wp\/v2\/media\/22479"}],"wp:attachment":[{"href":"http:\/\/fmriachuelo.it10.com.ar\/index.php\/wp-json\/wp\/v2\/media?parent=15502"}],"wp:term":[{"taxonomy":"category","embeddable":true,"href":"http:\/\/fmriachuelo.it10.com.ar\/index.php\/wp-json\/wp\/v2\/categories?post=15502"},{"taxonomy":"post_tag","embeddable":true,"href":"http:\/\/fmriachuelo.it10.com.ar\/index.php\/wp-json\/wp\/v2\/tags?post=15502"}],"curies":[{"name":"wp","href":"https:\/\/api.w.org\/{rel}","templated":true}]}}