{"id":15492,"date":"2022-05-10T22:27:48","date_gmt":"2022-05-10T22:27:48","guid":{"rendered":"http:\/\/fmriachuelo.com.ar\/?p=15492"},"modified":"2025-04-01T15:21:35","modified_gmt":"2025-04-01T18:21:35","slug":"caso-lucas-cabello-condena-ya-para-ricardo-ayala","status":"publish","type":"post","link":"http:\/\/fmriachuelo.it10.com.ar\/index.php\/2022\/05\/10\/caso-lucas-cabello-condena-ya-para-ricardo-ayala\/","title":{"rendered":"CASO LUCAS CABELLO: CONDENA YA PARA RICARDO AYALA"},"content":{"rendered":"<p><strong>[Colectivo de Medios Populares*, 10\/5\/2022] Ma\u00f1ana mi\u00e9rcoles 11 de mayo desde las 11.30 tendr\u00e1 lugar una audiencia virtual convocada por la C\u00e1mara Nacional de Casaci\u00f3n, donde se revisar\u00e1 la sentencia a 16 a\u00f1os de prisi\u00f3n a Ricardo Ayala, polic\u00eda que dispar\u00f3 contra Lucas Cabello en 2015. El fallo hab\u00eda sido apelado por la defensa y ahora ser\u00e1n los jueces de la Sala II, Horacio D\u00edas, Daniel Morin y Eugenio Sarrabayrouse, quienes confirmen o modifiquen la pena. Mientras la condena no quede firme, Ayala sigue en libertad.<\/strong><\/p>\n<p>Nicol\u00e1s Rechanik, abogado de Lucas, explic\u00f3 de qu\u00e9 se trata esta parte del proceso: \u201c<em>Es el \u00faltimo pasito que nos queda antes de que la C\u00e1mara de Casaci\u00f3n dicte la sentencia, nosotros entendemos, ratificando el fallo. Es una instancia obligatoria en la cual, a partir del recurso presentado por el imputado, las partes, tanto imputado como la querella, tienen 20 minutos para exponer agravios, o desestimar o discutir las posiciones de la otra parte<\/em>\u201d, y agreg\u00f3: \u201c<em>Es importante tener en claro que ma\u00f1ana no va a estar el fallo. Ma\u00f1ana se celebran las audiencias y despu\u00e9s los jueces tienen un plazo para resolver eso. El plazo no est\u00e1 estipulado por ley, puede ser un mes como pueden ser seis meses<\/em>\u201d.<\/p>\n<p>Carolina Vila, mam\u00e1 de Lucas, expres\u00f3 la urgencia de que se resuelva por fin esta situaci\u00f3n: \u201c<em>Ma\u00f1ana deseamos, necesitamos, pero sobre todo merecemos que el polic\u00eda Ricardo Ayala, que intent\u00f3 matar a mi hijo, vaya preso. Sabemos que por llevar una chapa tiene los privilegios de mil recursos y tambi\u00e9n sabemos que los va a usar, pero creo que puede hacerlo preso porque mientras \u00e9l siga libre nosotros no tenemos paz. \u00c9l ya viol\u00f3 la distancia que tiene de acercarse y para la justicia no fue suficiente. Hoy mi hijo hace m\u00e1s de una semana est\u00e1 internado guerreando con muchas complicaciones de salud y con estudios tan riesgosos que tengo que autorizar, y con una operaci\u00f3n el mismo d\u00eda que cumple a\u00f1os, por un cobarde que pudo tirar tiros pero que no le da para cumplir su condena, que bastante barata la sac\u00f3<\/em>\u201d.<\/p>\n<p><img loading=\"lazy\" decoding=\"async\" class=\" wp-image-15498 aligncenter\" src=\"http:\/\/fmriachuelo.com.ar\/wp-content\/uploads\/2022\/05\/WhatsApp-Image-2022-05-10-at-8.55.08-PM-300x169.jpeg\" alt=\"\" width=\"518\" height=\"292\" \/><\/p>\n<p>Es urgente que la condena sea cumplida para que Lucas y su familia dejen de sufrir los da\u00f1os de que su agresor contin\u00fae libre, como sucedi\u00f3 el a\u00f1o pasado cuando se lo encontraron en el barrio. Para eso es necesario que Casaci\u00f3n ratifique la sentencia.<\/p>\n<p><strong>*FM Riachuelo \/ Revista Resistencias \/ La Retaguardia \/ Revoluciones \/ Sur Capitalino<\/strong><\/p>\n","protected":false},"excerpt":{"rendered":"<p>[Colectivo de Medios Populares*, 10\/5\/2022] Ma\u00f1ana mi\u00e9rcoles 11 de mayo desde las 11.30 tendr\u00e1 lugar una audiencia virtual convocada por la C\u00e1mara Nacional de Casaci\u00f3n, donde se revisar\u00e1 la sentencia a 16 a\u00f1os de prisi\u00f3n a Ricardo Ayala, polic\u00eda que dispar\u00f3 contra Lucas Cabello en 2015. El fallo hab\u00eda sido apelado por la defensa y [&hellip;]<\/p>\n","protected":false},"author":5,"featured_media":15497,"comment_status":"closed","ping_status":"closed","sticky":false,"template":"","format":"standard","meta":{"_monsterinsights_skip_tracking":false,"_monsterinsights_sitenote_active":false,"_monsterinsights_sitenote_note":"","_monsterinsights_sitenote_category":0,"jnews-multi-image_gallery":[],"jnews_single_post":{"format":"standard"},"jnews_primary_category":[],"_joinchat":[],"footnotes":""},"categories":[58],"tags":[142,119,89],"class_list":["post-15492","post","type-post","status-publish","format-standard","has-post-thumbnail","hentry","category-noticiariachuelo","tag-colectivo-de-medios-populares","tag-derechos-humanos","tag-violencia-institucional"],"_links":{"self":[{"href":"http:\/\/fmriachuelo.it10.com.ar\/index.php\/wp-json\/wp\/v2\/posts\/15492","targetHints":{"allow":["GET"]}}],"collection":[{"href":"http:\/\/fmriachuelo.it10.com.ar\/index.php\/wp-json\/wp\/v2\/posts"}],"about":[{"href":"http:\/\/fmriachuelo.it10.com.ar\/index.php\/wp-json\/wp\/v2\/types\/post"}],"author":[{"embeddable":true,"href":"http:\/\/fmriachuelo.it10.com.ar\/index.php\/wp-json\/wp\/v2\/users\/5"}],"replies":[{"embeddable":true,"href":"http:\/\/fmriachuelo.it10.com.ar\/index.php\/wp-json\/wp\/v2\/comments?post=15492"}],"version-history":[{"count":1,"href":"http:\/\/fmriachuelo.it10.com.ar\/index.php\/wp-json\/wp\/v2\/posts\/15492\/revisions"}],"predecessor-version":[{"id":22218,"href":"http:\/\/fmriachuelo.it10.com.ar\/index.php\/wp-json\/wp\/v2\/posts\/15492\/revisions\/22218"}],"wp:featuredmedia":[{"embeddable":true,"href":"http:\/\/fmriachuelo.it10.com.ar\/index.php\/wp-json\/"}],"wp:attachment":[{"href":"http:\/\/fmriachuelo.it10.com.ar\/index.php\/wp-json\/wp\/v2\/media?parent=15492"}],"wp:term":[{"taxonomy":"category","embeddable":true,"href":"http:\/\/fmriachuelo.it10.com.ar\/index.php\/wp-json\/wp\/v2\/categories?post=15492"},{"taxonomy":"post_tag","embeddable":true,"href":"http:\/\/fmriachuelo.it10.com.ar\/index.php\/wp-json\/wp\/v2\/tags?post=15492"}],"curies":[{"name":"wp","href":"https:\/\/api.w.org\/{rel}","templated":true}]}}