{"id":15487,"date":"2022-05-10T21:45:02","date_gmt":"2022-05-10T21:45:02","guid":{"rendered":"http:\/\/fmriachuelo.com.ar\/?p=15487"},"modified":"2025-04-01T15:22:13","modified_gmt":"2025-04-01T18:22:13","slug":"trabajadorxs-de-prensa-continuan-el-plan-de-lucha-en-las-puertas-de-clarin","status":"publish","type":"post","link":"http:\/\/fmriachuelo.it10.com.ar\/index.php\/2022\/05\/10\/trabajadorxs-de-prensa-continuan-el-plan-de-lucha-en-las-puertas-de-clarin\/","title":{"rendered":"TRABAJADORXS DE PRENSA CONTIN\u00daAN EL PLAN DE LUCHA EN LAS PUERTAS DE CLAR\u00cdN"},"content":{"rendered":"<p><strong>[FM Riachuelo, 10\/5\/2022] Este martes 10 de mayo a las 15hs, trabajadores y trabajadoras del Sindicato de Prensa de Buenos Aires (SiPreBA) realizaron una actividad con churros y chocolate caliente en las puertas del diario Clar\u00edn, en reclamo de la recomposici\u00f3n salarial, en el marco de un plan de lucha que inici\u00f3 en las puertas de P\u00e1gina\/12 y continu\u00f3 en las de Perfil.<\/strong><\/p>\n<p>Paco Rabini, delegado de Clar\u00edn en SiPreBA, explic\u00f3 de esta manera el conflicto que tienen con la empresa: <em>\u201cNosotros tenemos la particularidad de que nuestra paritaria est\u00e1 secuestrada por la C\u00e1mara Empresaria y un sindicato que no tiene representaci\u00f3n real en ning\u00fan medio, que tiene el triste r\u00e9cord de firmar las peores paritarias todos los a\u00f1os. Por eso es que nosotros nos vemos obligados a tomar medidas de fuerza y tenemos que estar en la calle peleando por salarios que nos permitan llegar a fin de mes\u201d.<\/em><\/p>\n<p>Estando all\u00ed presente, Agust\u00edn Lecchi, secretario general de SiPreBA, consultado por la operaci\u00f3n medi\u00e1tica de Clar\u00edn y LN+ contra lxs trabajadorxs de la TV P\u00fablica<strong> (para saber m\u00e1s:<a href=\"https:\/\/www.facebook.com\/Canal7SiPreBA\/videos\/una-nueva-campa%C3%B1a-contra-los-medios-p%C3%BAblicos\/307980611515296\/\" target=\"_blank\" rel=\"noopener\"> link al comunicado de SiPreBA<\/a>)<\/strong>, expres\u00f3: <em>\u201cSabemos que esta es una operaci\u00f3n montada por el macrismo porque no pudieron vaciar y cerrar los medios p\u00fablicos en su momento por nuestra resistencia, por nuestra lucha. Ahora, adem\u00e1s, la justicia demuestra que su pol\u00edtica fue ilegal. Para eso son fundamentales los medios autogestivos para contar lo que sucede y que no quede instalada como una verdad lo que pretenden instalar esos grandes medios\u201d.<\/em><\/p>\n<p>De esta manera, ante la negativa por parte de los empresarios a escuchar los reclamos, desde el SiPreBA est\u00e1n proponiendo un paro general para el 7 de junio, d\u00eda del periodista, como medida de lucha concreta en reclamo de condiciones de trabajo y salarios dignos.<\/p>\n","protected":false},"excerpt":{"rendered":"<p>[FM Riachuelo, 10\/5\/2022] Este martes 10 de mayo a las 15hs, trabajadores y trabajadoras del Sindicato de Prensa de Buenos Aires (SiPreBA) realizaron una actividad con churros y chocolate caliente en las puertas del diario Clar\u00edn, en reclamo de la recomposici\u00f3n salarial, en el marco de un plan de lucha que inici\u00f3 en las puertas [&hellip;]<\/p>\n","protected":false},"author":5,"featured_media":15488,"comment_status":"closed","ping_status":"closed","sticky":false,"template":"","format":"standard","meta":{"_monsterinsights_skip_tracking":false,"_monsterinsights_sitenote_active":false,"_monsterinsights_sitenote_note":"","_monsterinsights_sitenote_category":0,"jnews-multi-image_gallery":[],"jnews_single_post":{"format":"standard"},"jnews_primary_category":[],"_joinchat":[],"footnotes":""},"categories":[58],"tags":[163,148],"class_list":["post-15487","post","type-post","status-publish","format-standard","has-post-thumbnail","hentry","category-noticiariachuelo","tag-comunicacion-2","tag-trabajo"],"_links":{"self":[{"href":"http:\/\/fmriachuelo.it10.com.ar\/index.php\/wp-json\/wp\/v2\/posts\/15487","targetHints":{"allow":["GET"]}}],"collection":[{"href":"http:\/\/fmriachuelo.it10.com.ar\/index.php\/wp-json\/wp\/v2\/posts"}],"about":[{"href":"http:\/\/fmriachuelo.it10.com.ar\/index.php\/wp-json\/wp\/v2\/types\/post"}],"author":[{"embeddable":true,"href":"http:\/\/fmriachuelo.it10.com.ar\/index.php\/wp-json\/wp\/v2\/users\/5"}],"replies":[{"embeddable":true,"href":"http:\/\/fmriachuelo.it10.com.ar\/index.php\/wp-json\/wp\/v2\/comments?post=15487"}],"version-history":[{"count":1,"href":"http:\/\/fmriachuelo.it10.com.ar\/index.php\/wp-json\/wp\/v2\/posts\/15487\/revisions"}],"predecessor-version":[{"id":22219,"href":"http:\/\/fmriachuelo.it10.com.ar\/index.php\/wp-json\/wp\/v2\/posts\/15487\/revisions\/22219"}],"wp:featuredmedia":[{"embeddable":true,"href":"http:\/\/fmriachuelo.it10.com.ar\/index.php\/wp-json\/"}],"wp:attachment":[{"href":"http:\/\/fmriachuelo.it10.com.ar\/index.php\/wp-json\/wp\/v2\/media?parent=15487"}],"wp:term":[{"taxonomy":"category","embeddable":true,"href":"http:\/\/fmriachuelo.it10.com.ar\/index.php\/wp-json\/wp\/v2\/categories?post=15487"},{"taxonomy":"post_tag","embeddable":true,"href":"http:\/\/fmriachuelo.it10.com.ar\/index.php\/wp-json\/wp\/v2\/tags?post=15487"}],"curies":[{"name":"wp","href":"https:\/\/api.w.org\/{rel}","templated":true}]}}