{"id":15469,"date":"2022-05-10T00:28:00","date_gmt":"2022-05-10T00:28:00","guid":{"rendered":"http:\/\/fmriachuelo.com.ar\/?p=15469"},"modified":"2025-04-01T15:22:57","modified_gmt":"2025-04-01T18:22:57","slug":"inauguracion-del-paseo-historico-cultural-negro-manuel-en-la-casita-de-la-virgen","status":"publish","type":"post","link":"http:\/\/fmriachuelo.it10.com.ar\/index.php\/2022\/05\/10\/inauguracion-del-paseo-historico-cultural-negro-manuel-en-la-casita-de-la-virgen\/","title":{"rendered":"INAUGURACI\u00d3N DEL PASEO HIST\u00d3RICO CULTURAL NEGRO MANUEL EN LA CASITA DE LA VIRGEN"},"content":{"rendered":"<p><b>[FM Riachuelo, 08\/05\/2022] En el marco de las distintas acciones locales previstas por el d\u00eda de la Virgen que se celebra el 8 de mayo, el pasado viernes 6 el Movimiento Misioneros de Francisco inaugur\u00f3 el <\/b><b><i>Paseo Hist\u00f3rico Cultural de la Virgen de Luj\u00e1n<\/i><\/b><b>, en Luj\u00e1n. Fue una fiesta popular con diversas actividades centradas en las figuras de la Virgen y del Negro Manuel, el esclavo que presenci\u00f3 el milagro de la Virgen de Luj\u00e1n y fue su primer devoto. Desde la FM Riachuelo realizamos una cobertura de la apertura de este nuevo espacio destinado a agasajar al barrio y a los peregrinos manteniendo viva la historia de este Santo Popular. Tambi\u00e9n realizamos una transmisi\u00f3n especial, en el aire de la radio en vivo, desde el Festival<strong>\u00a0\u00abSoy de la Virgen nom\u00e1s\u00bb<\/strong> en homenaje al Negro Manuel.<\/b><\/p>\n<p><img loading=\"lazy\" decoding=\"async\" class=\" wp-image-15470 alignleft\" src=\"http:\/\/fmriachuelo.com.ar\/wp-content\/uploads\/2022\/05\/WhatsApp-Image-2022-05-09-at-4.30.42-PM-300x169.jpeg\" alt=\"\" width=\"400\" height=\"225\" \/><\/p>\n<p><span style=\"font-weight: 400\">En el <\/span><b>acto de inauguraci\u00f3n<\/b><span style=\"font-weight: 400\">, que cont\u00f3 con la presencia de compa\u00f1erxs de <\/span><b>Misioneros de Francisco de distintos barrios y localidades<\/b><span style=\"font-weight: 400\"> de Buenos Aires, tomaron la palabra las personas que participaron de la construcci\u00f3n de este espacio y lo mantienen en pie desde el trabajo diario. <\/span><b>Pato Duna<\/b><span style=\"font-weight: 400\">, integrante de Misioneros de Francisco, cont\u00f3 la historia de la Casita: <\/span><i><span style=\"font-weight: 400\">\u201cCuando nosotros agarramos esto, humildemente lo levantamos. Dijimos \u00abvamos para adelante con este proyecto, queremos ser parte de esta historia cultural de Luj\u00e1n, ser parte de esa historia que no est\u00e1 contada, de Manuel, de la Virgen\u00bb, que es la madre de todos nosotros, la madre de la Patria y para muchos de nosotros mucho m\u00e1s que eso. As\u00ed que para m\u00ed es un orgullo que siga adelante la Casita de la Virgen y que sea un lugar de encuentro, que es lo que es hoy\u201d<\/span><\/i><span style=\"font-weight: 400\">. <\/span><b>La Flaca Sole<\/b><span style=\"font-weight: 400\">, coordinadora de La Casita, orgullosa de haber cumplido el sue\u00f1o de muchxs compa\u00f1erxs, dio la bienvenida a todxs lxs presentes e invit\u00f3 a compartir un linda jornada en ese espacio conquistado para el paso de los peregrinos, para afianzar la cultura del encuentro y de quien se sienta \u201cfamilia\u201d de La Casita de la Virgen.\u00a0<\/span><\/p>\n<p><img loading=\"lazy\" decoding=\"async\" class=\" wp-image-15473 alignright\" src=\"http:\/\/fmriachuelo.com.ar\/wp-content\/uploads\/2022\/05\/WhatsApp-Image-2022-05-09-at-4.30.40-PM-1-300x167.jpeg\" alt=\"\" width=\"415\" height=\"231\" \/><\/p>\n<p><span style=\"font-weight: 400\">El <\/span><b>padre Sergio G\u00f3mez Tey<\/b><span style=\"font-weight: 400\">, por su parte, rescat\u00f3 varias figuras de la historia, entre ellas la de Manuel:<\/span><i><span style=\"font-weight: 400\"> \u201c<\/span><\/i><b><i>El primero y principal es Manuel<\/i><\/b><i><span style=\"font-weight: 400\">, el esclavo que se qued\u00f3 a cuidar la imagen y estuvo <\/span><\/i><b><i>40 a\u00f1os en el lugar del milagro<\/i><\/b><i><span style=\"font-weight: 400\">; y cuando vino ac\u00e1, 17 a\u00f1os m\u00e1s. Manuel, el esclavo africano que se defend\u00eda diciendo \u00abSoy de la Virgen nom\u00e1s\u00bb. Misteriosa frase, pero dicha desde su dignidad. Porque cuando lo quer\u00edan llevar a otra parte y \u00e9l hab\u00eda estado ya mucho tiempo con la Virgen dec\u00eda \u00abNo, yo soy de la Virgen nom\u00e1s\u00bb. Qu\u00e9 linda identidad la de Manuel que es por un lado la nuestra\u201d.<\/span><\/i><span style=\"font-weight: 400\"> Tambi\u00e9n habl\u00f3 de <\/span><b>Ana de Matos<\/b><span style=\"font-weight: 400\">, la mujer que llev\u00f3 la imagen de la Virgen a Luj\u00e1n: <\/span><i><span style=\"font-weight: 400\">\u201cLa segunda persona clave en la historia es <\/span><\/i><b><i>la mujer que puso sus bienes en com\u00fan<\/i><\/b><i><span style=\"font-weight: 400\">. Es decir, era una mujer que ten\u00eda bienes pero no los guard\u00f3 para s\u00ed misma, los comparti\u00f3. Ella le cedi\u00f3 tierras a la Virgen. En sus tierras se construy\u00f3 la capilla p\u00fablica para la Virgen de Luj\u00e1n, que es el inicio de la ciudad de Luj\u00e1n. Es una mujer la que est\u00e1 en el inicio de la ciudad, Ana de Matos.\u201d \u201cLa tercera persona es el <\/span><\/i><b><i>padre Montalbo<\/i><\/b><i><span style=\"font-weight: 400\">. Este cura viv\u00eda en Buenos Aires y ten\u00eda tisis, se mor\u00eda. Y dijo \u00abVoy a ir a Luj\u00e1n, si me tengo que morir es por lo menos a los pies de la Virgen y si no, que ella me cure\u00bb. Lleg\u00f3, Manuel lo unt\u00f3 con aceite, Montalbo <\/span><\/i><b><i>se san\u00f3 y Manuel le dijo <\/i><\/b><i><span style=\"font-weight: 400\">\u00ab<\/span><\/i><b><i>Padre, la Virgen lo quiere para que usted sea su capell\u00e1n<\/i><\/b><i><span style=\"font-weight: 400\">\u00bb. A nosotros nos gusta decir que todos somos Montalbo\u201d, <\/span><\/i><span style=\"font-weight: 400\">culmin\u00f3 el Padre Sergio.<\/span><\/p>\n<p><img loading=\"lazy\" decoding=\"async\" class=\" wp-image-15477 alignleft\" src=\"http:\/\/fmriachuelo.com.ar\/wp-content\/uploads\/2022\/05\/WhatsApp-Image-2022-05-09-at-8.52.57-PM-300x200.jpeg\" alt=\"\" width=\"350\" height=\"233\" \/><\/p>\n<p><span style=\"font-weight: 400\">Como cierre del acto, <\/span><b>el padre Lucas bendijo la Casita<\/b><span style=\"font-weight: 400\"> y se dio paso a la comida, donde se comparti\u00f3, entre todxs lxs presentes, pizzas y empanadas que lxs integrantes de la Casita hab\u00edan preparado con amor y entusiasmo, hasta horas de la madrugada, para esta ocasi\u00f3n.<\/span><\/p>\n<p><span style=\"font-weight: 400\">Dami\u00e1n, Gabriela, Ariel, Nacho y dem\u00e1s trabajadorxs de la Casita tambi\u00e9n estuvieron presentes en el acto, junto al padre Luis, el padre Miguel, el padre David y el padre Renato, curas de Luj\u00e1n; Esteban \u201cGringo\u201d Castro, secretario general de la UTEP e integrante de la Casita de la Virgen de Luj\u00e1n; Lucas Pedr\u00f3, secretario de cultos de la UTEP; Ren\u00e9 Peralta y Gabriela Jardi, artistas de las obras del Paseo; Enrique Palmeyro, impulsor de la RITEP (Red de Intercambio T\u00e9cnico con la Econom\u00eda Popular) y miembro de Misioneros de Francisco; y Alejandro Salom\u00f3n, miembro de Misioneros de Francisco y de la comunidad isl\u00e1mica.<\/span><\/p>\n<p><img loading=\"lazy\" decoding=\"async\" class=\" wp-image-15478 alignright\" src=\"http:\/\/fmriachuelo.com.ar\/wp-content\/uploads\/2022\/05\/WhatsApp-Image-2022-05-06-at-5.39.43-PM-300x169.jpeg\" alt=\"\" width=\"385\" height=\"217\" \/><\/p>\n<p><span style=\"font-weight: 400\">Adem\u00e1s, recolectamos testimonios de lxs compa\u00f1erxs de otros espacios del Movimiento Misioneros de Francisco, que transmitieron lo que sent\u00edan al estar en la inauguraci\u00f3n de este espacio tan importante: <\/span><i><span style=\"font-weight: 400\">\u201cEstoy conmovida con la historia del Negrito Manuel. Creo que el mayor milagro es que estemos ac\u00e1 reunidos, juntos, pudiendo compartir este hermoso momento\u201d<\/span><\/i><span style=\"font-weight: 400\">. <\/span><i><span style=\"font-weight: 400\">\u201cAcabamos de ver todo el laburo que hicieron los compa\u00f1eros en el Paseo. Hab\u00edamos venido hace unos meses, que no hab\u00eda nada, y ahora est\u00e1n las esculturas, las pinturas. Realmente emociona mucho y a los que no conoc\u00edan la historia conocerla a trav\u00e9s de este Paseo se siente muy bien\u201d<\/span><\/i><span style=\"font-weight: 400\">. De esta manera lo explicaron las compa\u00f1eras Estela integrante de la Casa Popular el Fog\u00f3n del Movimiento Popular Los Pibes y Chani, miembro de Misioneros de Francisco y la Capilla Padre Luis de la costa de Sarand\u00ed.<\/span><\/p>\n<p><img loading=\"lazy\" decoding=\"async\" class=\" wp-image-15472 alignleft\" src=\"http:\/\/fmriachuelo.com.ar\/wp-content\/uploads\/2022\/05\/WhatsApp-Image-2022-05-09-at-4.30.40-PM-2-300x200.jpeg\" alt=\"\" width=\"372\" height=\"248\" \/><\/p>\n<p><span style=\"font-weight: 400\">Al t\u00e9rmino del almuerzo en comunidad, se emprendi\u00f3 una <\/span><b>caminata hasta la Bas\u00edlica de Luj\u00e1n<\/b><span style=\"font-weight: 400\">, donde se celebr\u00f3 una misa, en v\u00edsperas del d\u00eda de la Virgen de Luj\u00e1n. All\u00ed, lxs Misionerxs de Francisco llevaron sobre sus hombros las figuras de la Virgen y del Negro Manuel mientras cantaban y coreaban: <\/span><i><span style=\"font-weight: 400\">\u201c\u00a1Viva la Virgen de los pobres!\u201d, \u201c\u00a1Viva la Virgen de los trabajadores!\u201d<\/span><\/i><span style=\"font-weight: 400\">. Durante la caminata hubo distintas paradas en lugares hist\u00f3ricos de Luj\u00e1n, como el <\/span><b>monolito Hito de la Argentinidad<\/b><span style=\"font-weight: 400\">, que recuerda la participaci\u00f3n de los gauchos de Luj\u00e1n contra las invasiones inglesas, y el terreno donde funcionaba la <\/span><b>Capilla de Montalbo<\/b><span style=\"font-weight: 400\">, primera capilla de la Virgen de Luj\u00e1n donde descansan los restos del Negro Manuel. All\u00ed el padre Sergio tom\u00f3 la palabra para reflexionar y transmitir la importancia de estos lugares para el pueblo lujanense. Luego, al ingresar la caravana en la Bas\u00edlica, se ubicaron las figuras de la Virgen y Manuel en el altar, desde donde el padre Sergio dio la misa.<\/span><\/p>\n<p><span style=\"font-weight: 400\">Como cierre de esta jornada tuvo lugar en el sal\u00f3n parroquial la <\/span><b>presentaci\u00f3n del libro<\/b><span style=\"font-weight: 400\">, escrito por el padre Sergio G\u00f3mez Tey, titulado <\/span><i><span style=\"font-weight: 400\">\u201cEl esp\u00edritu de Manuel de la Virgen de Luj\u00e1n\u201d<\/span><\/i><span style=\"font-weight: 400\">.<\/span><\/p>\n<p>Por otro lado, el s\u00e1bado 7 y el domingo 8 de mayo, continuaron las celebraciones en la ciudad de Luj\u00e1n, frente a la Bas\u00edlica, con un gran <strong>Festival \u00abSoy de la Virgen nom\u00e1s\u00bb<\/strong> en homenaje al Negro Manuel, desde donde la <strong>FM<\/strong> <strong>Riachuelo realiz\u00f3 una transmisi\u00f3n especial<\/strong> el s\u00e1bado 7.<\/p>\n<p><strong>Escuchalo aqu\u00ed:<\/strong><\/p>\n<p><iframe loading=\"lazy\" title=\"07 - 05 - 2022 PROGRAMA ESPECIAL DESDE LUJ\u00c1N EN EL FESTIVAL EN HOMENAJE AL NEGRO MANUEL by FMR\" width=\"500\" height=\"400\" scrolling=\"no\" frameborder=\"no\" src=\"https:\/\/w.soundcloud.com\/player\/?visual=true&#038;url=https%3A%2F%2Fapi.soundcloud.com%2Ftracks%2F1265356540&#038;show_artwork=true&#038;maxheight=750&#038;maxwidth=500\"><\/iframe><\/p>\n","protected":false},"excerpt":{"rendered":"<p>[FM Riachuelo, 08\/05\/2022] En el marco de las distintas acciones locales previstas por el d\u00eda de la Virgen que se celebra el 8 de mayo, el pasado viernes 6 el Movimiento Misioneros de Francisco inaugur\u00f3 el Paseo Hist\u00f3rico Cultural de la Virgen de Luj\u00e1n, en Luj\u00e1n. Fue una fiesta popular con diversas actividades centradas en [&hellip;]<\/p>\n","protected":false},"author":5,"featured_media":15476,"comment_status":"closed","ping_status":"closed","sticky":false,"template":"","format":"standard","meta":{"_monsterinsights_skip_tracking":false,"_monsterinsights_sitenote_active":false,"_monsterinsights_sitenote_note":"","_monsterinsights_sitenote_category":0,"jnews-multi-image_gallery":[],"jnews_single_post":{"format":"standard"},"jnews_primary_category":[],"_joinchat":[],"footnotes":""},"categories":[58],"tags":[154,146],"class_list":["post-15469","post","type-post","status-publish","format-standard","has-post-thumbnail","hentry","category-noticiariachuelo","tag-economia-popular-2","tag-religiosidad-popular"],"_links":{"self":[{"href":"http:\/\/fmriachuelo.it10.com.ar\/index.php\/wp-json\/wp\/v2\/posts\/15469","targetHints":{"allow":["GET"]}}],"collection":[{"href":"http:\/\/fmriachuelo.it10.com.ar\/index.php\/wp-json\/wp\/v2\/posts"}],"about":[{"href":"http:\/\/fmriachuelo.it10.com.ar\/index.php\/wp-json\/wp\/v2\/types\/post"}],"author":[{"embeddable":true,"href":"http:\/\/fmriachuelo.it10.com.ar\/index.php\/wp-json\/wp\/v2\/users\/5"}],"replies":[{"embeddable":true,"href":"http:\/\/fmriachuelo.it10.com.ar\/index.php\/wp-json\/wp\/v2\/comments?post=15469"}],"version-history":[{"count":1,"href":"http:\/\/fmriachuelo.it10.com.ar\/index.php\/wp-json\/wp\/v2\/posts\/15469\/revisions"}],"predecessor-version":[{"id":22220,"href":"http:\/\/fmriachuelo.it10.com.ar\/index.php\/wp-json\/wp\/v2\/posts\/15469\/revisions\/22220"}],"wp:featuredmedia":[{"embeddable":true,"href":"http:\/\/fmriachuelo.it10.com.ar\/index.php\/wp-json\/"}],"wp:attachment":[{"href":"http:\/\/fmriachuelo.it10.com.ar\/index.php\/wp-json\/wp\/v2\/media?parent=15469"}],"wp:term":[{"taxonomy":"category","embeddable":true,"href":"http:\/\/fmriachuelo.it10.com.ar\/index.php\/wp-json\/wp\/v2\/categories?post=15469"},{"taxonomy":"post_tag","embeddable":true,"href":"http:\/\/fmriachuelo.it10.com.ar\/index.php\/wp-json\/wp\/v2\/tags?post=15469"}],"curies":[{"name":"wp","href":"https:\/\/api.w.org\/{rel}","templated":true}]}}