{"id":15462,"date":"2022-05-07T13:12:06","date_gmt":"2022-05-07T13:12:06","guid":{"rendered":"http:\/\/fmriachuelo.com.ar\/?p=15462"},"modified":"2025-04-01T15:24:10","modified_gmt":"2025-04-01T18:24:10","slug":"encuentro-federal-de-empresas-recuperadas-un-paso-mas-en-la-lucha","status":"publish","type":"post","link":"http:\/\/fmriachuelo.it10.com.ar\/index.php\/2022\/05\/07\/encuentro-federal-de-empresas-recuperadas-un-paso-mas-en-la-lucha\/","title":{"rendered":"ENCUENTRO FEDERAL DE EMPRESAS RECUPERADAS, UN PASO M\u00c1S EN LA LUCHA"},"content":{"rendered":"<p><strong>[FM Riachuelo, 07\/05\/2022] El d\u00eda 5 de Mayo a las 12 horas, se realiz\u00f3 el Encuentro Federal de Empresas Recuperadas en la Cooperativa de Trabajo Aceitera La Matanza, ubicada en la\u00a0 localidad bonaerense de La Tablada,d\u00f3nde se\u00a0llev\u00f3 hizo un acto de balance con trabajadores y trabajadoras de empresas recuperadas y empresas en proceso de lucha como es el caso del Frigorifico Santa Elena de Entre R\u00edos.<\/strong><\/p>\n<p><span style=\"font-weight: 400\">FM Riachuelo convers\u00f3 con <\/span><b>Eduardo \u201cVasco\u201d Mur\u00faa<\/b><span style=\"font-weight: 400\">, <\/span><span style=\"font-weight: 400\">director nacional de Empresas Recuperadas\u00a0<b>(MNER)\u00a0<\/b><\/span><span style=\"font-weight: 400\">del Ministerio de Desarrollo Social de la Naci\u00f3n <\/span><span style=\"font-weight: 400\">quien detall\u00f3 la importancia de la actividad.<\/span><\/p>\n<p><span style=\"font-weight: 400\">Mur\u00faa recalca\u00a0 la participaci\u00f3n de los trabajadores y trabajadoras en el acto<\/span><i><span style=\"font-weight: 400\"> \u00aben el encuentro lo m\u00e1s importante fue la participaci\u00f3n de los trabajadores y las trabajadoras que estuvieron del todo el pa\u00eds, donde todas las empresas pudieron participar y sentirse reconocidos por tanta lucha, sin embargo hace falta el marco de acompa\u00f1amiento, un fondo de fomento donde las empresas recuperadas y el sector de la Econom\u00eda Popular acceda al cr\u00e9dito\u00bb<\/span><\/i><\/p>\n<p><span style=\"font-weight: 400\">En la tarde del jueves se present\u00f3 en la c\u00e1mara de Diputados la Ley de Recuperaci\u00f3n de Unidades Productivas, al respecto Mur\u00faa reflexion\u00f3 <\/span><i><span style=\"font-weight: 400\">\u201c\u00bfPorque despu\u00e9s de 24 a\u00f1os de demostrar que los trabajadores podemos recuperar las empresas todav\u00eda no tenemos una ley en Argentina que rompa con esto de que cada vez que tenemos que recuperar una empresa se genera un trauma de tener problemas con la justicia, de tener que ocupar la f\u00e1brica. Que la cooperativa tarde tres meses en poder comenzar a trabajar con el da\u00f1o que eso provoca?\u00bb<\/span><\/i><\/p>\n<p><span style=\"font-weight: 400\">Despu\u00e9s de una larga lucha se logr\u00f3 la creaci\u00f3n del Registro Nacional de Empresas Recuperadas (RENACER),<\/span><i><span style=\"font-weight: 400\"> \u201cahora todo queda en las manos del estado nacional y m\u00edo en cumplir con el compromiso para que las empresas recuperadas tengan acceso a lo que necesiten\u00bb, <\/span><\/i><span style=\"font-weight: 400\">agreg\u00f3.\u00a0<\/span><\/p>\n<p><span style=\"font-weight: 400\">Para finalizar se refiri\u00f3 a la importancia de apoyar a la Econom\u00eda Popular <\/span><i><span style=\"font-weight: 400\">\u201cSi la econom\u00eda popular crece, el desempleo va a bajar y eso va a obligar a que las empresas no puedan pagar salarios de hambre como los que est\u00e1n pagando hoy. Si pagan esos salarios es porque hay una reserva de siete millones de personas que no tienen empleo. Si tenemos un gobierno popular es una obligaci\u00f3n incorporar a todos los trabajadores\u201d.<\/span><\/i><\/p>\n<p>Si quer\u00e9s escuchar la entrevista hace clic en el siguiente enlace<\/p>\n<p><a href=\"https:\/\/ar.radiocut.fm\/audiocut\/encuentro-federas-empresas-recuperadas-un-paso-mas-en-lucha\/\">https:\/\/ar.radiocut.fm\/audiocut\/encuentro-federas-empresas-recuperadas-un-paso-mas-en-lucha\/<\/a><\/p>\n","protected":false},"excerpt":{"rendered":"<p>[FM Riachuelo, 07\/05\/2022] El d\u00eda 5 de Mayo a las 12 horas, se realiz\u00f3 el Encuentro Federal de Empresas Recuperadas en la Cooperativa de Trabajo Aceitera La Matanza, ubicada en la\u00a0 localidad bonaerense de La Tablada,d\u00f3nde se\u00a0llev\u00f3 hizo un acto de balance con trabajadores y trabajadoras de empresas recuperadas y empresas en proceso de lucha [&hellip;]<\/p>\n","protected":false},"author":5,"featured_media":15464,"comment_status":"closed","ping_status":"closed","sticky":false,"template":"","format":"standard","meta":{"_monsterinsights_skip_tracking":false,"_monsterinsights_sitenote_active":false,"_monsterinsights_sitenote_note":"","_monsterinsights_sitenote_category":0,"jnews-multi-image_gallery":[],"jnews_single_post":{"format":"standard"},"jnews_primary_category":[],"_joinchat":[],"footnotes":""},"categories":[58],"tags":[154,157,148],"class_list":["post-15462","post","type-post","status-publish","format-standard","has-post-thumbnail","hentry","category-noticiariachuelo","tag-economia-popular-2","tag-nadie-se-salva-solo","tag-trabajo"],"_links":{"self":[{"href":"http:\/\/fmriachuelo.it10.com.ar\/index.php\/wp-json\/wp\/v2\/posts\/15462","targetHints":{"allow":["GET"]}}],"collection":[{"href":"http:\/\/fmriachuelo.it10.com.ar\/index.php\/wp-json\/wp\/v2\/posts"}],"about":[{"href":"http:\/\/fmriachuelo.it10.com.ar\/index.php\/wp-json\/wp\/v2\/types\/post"}],"author":[{"embeddable":true,"href":"http:\/\/fmriachuelo.it10.com.ar\/index.php\/wp-json\/wp\/v2\/users\/5"}],"replies":[{"embeddable":true,"href":"http:\/\/fmriachuelo.it10.com.ar\/index.php\/wp-json\/wp\/v2\/comments?post=15462"}],"version-history":[{"count":1,"href":"http:\/\/fmriachuelo.it10.com.ar\/index.php\/wp-json\/wp\/v2\/posts\/15462\/revisions"}],"predecessor-version":[{"id":22221,"href":"http:\/\/fmriachuelo.it10.com.ar\/index.php\/wp-json\/wp\/v2\/posts\/15462\/revisions\/22221"}],"wp:featuredmedia":[{"embeddable":true,"href":"http:\/\/fmriachuelo.it10.com.ar\/index.php\/wp-json\/"}],"wp:attachment":[{"href":"http:\/\/fmriachuelo.it10.com.ar\/index.php\/wp-json\/wp\/v2\/media?parent=15462"}],"wp:term":[{"taxonomy":"category","embeddable":true,"href":"http:\/\/fmriachuelo.it10.com.ar\/index.php\/wp-json\/wp\/v2\/categories?post=15462"},{"taxonomy":"post_tag","embeddable":true,"href":"http:\/\/fmriachuelo.it10.com.ar\/index.php\/wp-json\/wp\/v2\/tags?post=15462"}],"curies":[{"name":"wp","href":"https:\/\/api.w.org\/{rel}","templated":true}]}}