{"id":1544,"date":"2015-12-09T13:03:00","date_gmt":"2015-12-09T13:03:00","guid":{"rendered":"http:\/\/fmriachuelo.observatorioess.org.ar\/index.php\/2015\/12\/09\/ahdhesiones-solidarias-con-el-periodista-carlos-aznares-director-de-resumen-latinoamericano\/"},"modified":"2015-12-09T13:03:00","modified_gmt":"2015-12-09T13:03:00","slug":"ahdhesiones-solidarias-con-el-periodista-carlos-aznares-director-de-resumen-latinoamericano","status":"publish","type":"post","link":"http:\/\/fmriachuelo.it10.com.ar\/index.php\/2015\/12\/09\/ahdhesiones-solidarias-con-el-periodista-carlos-aznares-director-de-resumen-latinoamericano\/","title":{"rendered":"AHDHESIONES SOLIDARIAS CON EL PERIODISTA CARLOS AZNARES, DIRECTOR DE RESUMEN LATINOAMERICANO"},"content":{"rendered":"<p><span><b>LIBERTAD DE EXPRESI\u00d3N<\/b><\/span><br \/><span><b><\/b><\/span> <\/p>\n<div style=\"clear: both;text-align: center\"><a href=\"http:\/\/2.bp.blogspot.com\/-pPfOflq9FA8\/VmglaExnT2I\/AAAAAAAAHjA\/0w3KydKR-lg\/s1600\/aznares.jpg\" style=\"clear: left;float: left;margin-bottom: 1em;margin-right: 1em\"><img loading=\"lazy\" decoding=\"async\" border=\"0\" height=\"155\" src=\"http:\/\/2.bp.blogspot.com\/-pPfOflq9FA8\/VmglaExnT2I\/AAAAAAAAHjA\/0w3KydKR-lg\/s200\/aznares.jpg\" width=\"200\" \/><\/a><\/div>\n<div style=\"text-align: justify\"><span>[FMR 9\/12\/15] Se siguen sumando firmas nacionales, continentales e internacionales que se solidarizan y avalan la protesta contra la Fiscal\u00eda N\u00aa25 que ha elevado una causa contra el periodista Carlos Aznares y pone en riesgo el libre ejercicio de la expresi\u00f3n, un derecho consagrado.&nbsp;<\/span><br \/><a name='more'><\/a><\/div>\n<p><span> <\/span><\/p>\n<div style=\"text-align: justify\"><span>Se\u00f1ores Fiscal\u00eda N\u00ba 25<\/span><\/div>\n<p><span><\/span><\/p>\n<div style=\"text-align: justify\"><span>por Causa N. 7271\/15<\/span><\/div>\n<p><span><\/p>\n<div style=\"text-align: justify\">Protesto por intento de criminalizar al periodista argentino Carlos Azn\u00e1rez y coartar su libertad de expresi\u00f3n<\/div>\n<div style=\"text-align: justify\">El abajo firmante quiere elevar su protesta frente a la apertura por parte de la Delegaci\u00f3n de Asociaciones Israelitas de Argentina (DAIA) de una causa penal contra el periodista y director de \u201cResumen Latinoamericano\u201d, Carlos Azn\u00e1rez, a quien se trata de hostigar en su derecho a informar y expresar p\u00fablicamente su solidaridad con el pueblo palestino.<\/div>\n<div style=\"text-align: justify\"><a href=\"http:\/\/www.resumenlatinoamericano.org\/2015\/12\/09\/listado-de-nuevas-adhesiones-a-las-miles-que-han-llegado-en-solidaridad-conel-director-de-resumen-latinoamericano\/\">http:\/\/www.resumenlatinoamericano.org\/2015\/12\/09\/listado-de-nuevas-adhesiones-a-las-miles-que-han-llegado-en-solidaridad-conel-director-de-resumen-latinoamericano\/<\/a><\/div>\n<p><\/span><\/p>\n","protected":false},"excerpt":{"rendered":"<p>LIBERTAD DE EXPRESI\u00d3N [FMR 9\/12\/15] Se siguen sumando firmas nacionales, continentales e internacionales que se solidarizan y avalan la protesta contra la Fiscal\u00eda N\u00aa25 que ha elevado una causa contra el periodista Carlos Aznares y pone en riesgo el libre ejercicio de la expresi\u00f3n, un derecho consagrado.&nbsp; Se\u00f1ores Fiscal\u00eda N\u00ba 25 por Causa N. 7271\/15 [&hellip;]<\/p>\n","protected":false},"author":4,"featured_media":0,"comment_status":"open","ping_status":"open","sticky":false,"template":"","format":"standard","meta":{"_monsterinsights_skip_tracking":false,"_monsterinsights_sitenote_active":false,"_monsterinsights_sitenote_note":"","_monsterinsights_sitenote_category":0,"jnews-multi-image_gallery":[],"jnews_single_post":[],"jnews_primary_category":[],"_joinchat":[],"footnotes":""},"categories":[1],"tags":[],"class_list":["post-1544","post","type-post","status-publish","format-standard","hentry","category-habitat"],"_links":{"self":[{"href":"http:\/\/fmriachuelo.it10.com.ar\/index.php\/wp-json\/wp\/v2\/posts\/1544","targetHints":{"allow":["GET"]}}],"collection":[{"href":"http:\/\/fmriachuelo.it10.com.ar\/index.php\/wp-json\/wp\/v2\/posts"}],"about":[{"href":"http:\/\/fmriachuelo.it10.com.ar\/index.php\/wp-json\/wp\/v2\/types\/post"}],"author":[{"embeddable":true,"href":"http:\/\/fmriachuelo.it10.com.ar\/index.php\/wp-json\/wp\/v2\/users\/4"}],"replies":[{"embeddable":true,"href":"http:\/\/fmriachuelo.it10.com.ar\/index.php\/wp-json\/wp\/v2\/comments?post=1544"}],"version-history":[{"count":0,"href":"http:\/\/fmriachuelo.it10.com.ar\/index.php\/wp-json\/wp\/v2\/posts\/1544\/revisions"}],"wp:attachment":[{"href":"http:\/\/fmriachuelo.it10.com.ar\/index.php\/wp-json\/wp\/v2\/media?parent=1544"}],"wp:term":[{"taxonomy":"category","embeddable":true,"href":"http:\/\/fmriachuelo.it10.com.ar\/index.php\/wp-json\/wp\/v2\/categories?post=1544"},{"taxonomy":"post_tag","embeddable":true,"href":"http:\/\/fmriachuelo.it10.com.ar\/index.php\/wp-json\/wp\/v2\/tags?post=1544"}],"curies":[{"name":"wp","href":"https:\/\/api.w.org\/{rel}","templated":true}]}}