{"id":15434,"date":"2022-05-02T23:42:11","date_gmt":"2022-05-02T23:42:11","guid":{"rendered":"http:\/\/fmriachuelo.com.ar\/?p=15434"},"modified":"2025-04-01T15:28:52","modified_gmt":"2025-04-01T18:28:52","slug":"apuntes-sobre-la-movilizacion-de-la-economia-popular-en-la-9-de-julio","status":"publish","type":"post","link":"http:\/\/fmriachuelo.it10.com.ar\/index.php\/2022\/05\/02\/apuntes-sobre-la-movilizacion-de-la-economia-popular-en-la-9-de-julio\/","title":{"rendered":"APUNTES SOBRE LA MOVILIZACI\u00d3N DE LA ECONOM\u00cdA POPULAR EN LA 9 DE JULIO"},"content":{"rendered":"<div class=\"cxmmr5t8 oygrvhab hcukyx3x c1et5uql o9v6fnle ii04i59q\">\n<div dir=\"auto\"><strong>[FM Riachuelo, 2\/5\/2022]\u00a0En los \u00faltimos a\u00f1os, sobre todo con la llegada de la pandemia, la crisis que padece nuestro pueblo se ha profundizado cada vez m\u00e1s. Lejos de ser vencidos por esta crisis, los sectores m\u00e1s castigados, cuya expresi\u00f3n de construcci\u00f3n y resistencia se refleja en el hacer diario dentro la Econom\u00eda Popular, hacen brotar la organizaci\u00f3n y resuelven las necesidades concretas (en el aspecto alimentario, las ollas populares son un claro ejemplo). Fue este sujeto el que irrumpi\u00f3 el domingo en la 9 de Julio, el que tom\u00f3 el protagonismo de un nuevo 1ro de Mayo, en un contexto en que el mundo del trabajo ha cambiado radicalmente.<\/strong><\/div>\n<div dir=\"auto\"><\/div>\n<\/div>\n<div class=\"cxmmr5t8 oygrvhab hcukyx3x c1et5uql o9v6fnle ii04i59q\">\n<div dir=\"auto\">Hace m\u00e1s de dos d\u00e9cadas, la tendencia de este sistema a eliminar el trabajo formal dio lugar al surgimiento de los Movimientos Populares, que se vieron forzados a reinventar la l\u00f3gica del trabajo. Este 1ro de Mayo, trescientos mil trabajadores y trabajadoras de la Econom\u00eda Popular colmaron la 9 de Julio; no por planes, no por bonos, no pidiendo que caigan soluciones desde una pol\u00edtica profesional entretenida en culebrones de palacio y alejada de los sectores populares, sino para marcar la cancha en un sentido claro: la clase trabajadora debe ser columna vertebral y cabeza de los procesos de transformaci\u00f3n estructurales que el pueblo necesita.<\/div>\n<div dir=\"auto\"><\/div>\n<\/div>\n<div class=\"cxmmr5t8 oygrvhab hcukyx3x c1et5uql o9v6fnle ii04i59q\">\n<div dir=\"auto\">Es que la Econom\u00eda Popular est\u00e1 mostrando que lo pol\u00edtico no es tanto decir lo que hay que hacer, sino dar cuenta, de una vez por todas, de lo que se construye todos los d\u00edas en las comunidades y barrios populares; en la resistencia, lucha y organizaci\u00f3n de los humildes.<\/div>\n<div dir=\"auto\"><\/div>\n<\/div>\n<div class=\"cxmmr5t8 oygrvhab hcukyx3x c1et5uql o9v6fnle ii04i59q\">\n<div dir=\"auto\">Un ejemplo muy claro de esta necesidad se palp\u00f3 con una an\u00e9cdota que, durante su discurso en el escenario, trajo el secretario general de la Uni\u00f3n de Trabajadores y Trabajadoras de la Econom\u00eda Popular (UTEP), Esteban \u201cGringo\u201d Castro: el Gringo hab\u00eda visitado Pilar para participar de la inauguraci\u00f3n de un Centro de Formaci\u00f3n Pol\u00edtico Sindical, en la que le toc\u00f3 hablar. Como acostumbra, el dirigente rescat\u00f3 el rol en la pandemia de espacios estrat\u00e9gicos como los clubes de f\u00fatbol, los centros comunitarios y culturales, los merenderos y los comedores; protagonistas de \u201cuna gesta popular\u201d que \u201cgarantiz\u00f3 la vida\u201d. Continuado su discurso, expres\u00f3 la necesidad de que, frente al problema de la inflaci\u00f3n y la concentraci\u00f3n econ\u00f3mica, una parte de la producci\u00f3n de alimentos est\u00e9 en manos de los Movimientos Populares.<\/div>\n<div dir=\"auto\"><img loading=\"lazy\" decoding=\"async\" class=\"size-medium wp-image-15436 alignright\" src=\"http:\/\/fmriachuelo.com.ar\/wp-content\/uploads\/2022\/05\/279530341_365844708900668_304539240181209691_n-300x200.jpg\" alt=\"\" width=\"300\" height=\"200\" \/><\/div>\n<div dir=\"auto\"><\/div>\n<\/div>\n<div class=\"cxmmr5t8 oygrvhab hcukyx3x c1et5uql o9v6fnle ii04i59q\">\n<div dir=\"auto\">El Gringo continu\u00f3 con su an\u00e9cdota, y el relato fue contundente: <em>\u201cCuando termin\u00f3 la actividad, una de las compa\u00f1eras viene y me dice: \u2018Gringo, mir\u00e1, cuando quieras ven\u00ed a ver la huerta que hicimos en el barrio, a veinte cuadras\u2019. \u2018Vamos ahora&#8217;, le digo. Voy a ver la huerta, de cuatro o cinco terrenos, en una zona muy dif\u00edcil para plantar, por ejemplo, papa y batata. Bueno, la compa\u00f1era produc\u00eda papa y batata para poner en la olla para que nuestro pueblo coma. No hab\u00eda nada que explicar, ya lo est\u00e1n haciendo, ya est\u00e1n resolviendo el problema en nuestra Patria los trabajadores y trabajadoras m\u00e1s humildes. \u00bfC\u00f3mo carajo hay que explicarlo? Vengan a nuestros barrios, miren lo que hace mi pueblo, y ah\u00ed van a ver lo que es construir nuestra Patria\u201d<\/em>.<\/div>\n<div dir=\"auto\"><\/div>\n<\/div>\n<div class=\"cxmmr5t8 oygrvhab hcukyx3x c1et5uql o9v6fnle ii04i59q\">\n<div dir=\"auto\">El 1ro de Mayo es un d\u00eda en que recordamos a los m\u00e1rtires de Chicago, un grupo de trabajadores que se organiz\u00f3 para tomar una f\u00e1brica y dio la vida en la lucha por los derechos de su clase. Esas reivindicaciones, por m\u00e1s que muchas veces no se respeten, hoy son derechos b\u00e1sicos. Fueron trabajadores que lucharon por construir condiciones dignas en un tiempo en que las luchas de los sectores oprimidos deb\u00edan reinventarse. Este 1ro de Mayo, los trabajadores y trabajadoras de la Econom\u00eda Popular se cargaron al hombro ese legado de clase.<\/div>\n<\/div>\n<div class=\"cxmmr5t8 oygrvhab hcukyx3x c1et5uql o9v6fnle ii04i59q\">\n<div dir=\"auto\">Teniendo consciencia de esta continuidad hist\u00f3rica, no es correcto obviar una autocr\u00edtica: en la jornada de ayer estuvo ausente el Movimiento Obrero, que fue muy importante en historias recientes de resistencia de todo el movimiento de trabajadores. Sin dudas, retomar la unidad como pr\u00e1ctica pol\u00edtica es un desaf\u00edo urgente para que los trabajadores recuperen la iniciativa que permita un cambio de rumbo estrat\u00e9gico a favor del Pueblo.<\/div>\n<\/div>\n<div dir=\"auto\"><\/div>\n<div class=\"cxmmr5t8 oygrvhab hcukyx3x c1et5uql o9v6fnle ii04i59q\">\n<div dir=\"auto\"><img loading=\"lazy\" decoding=\"async\" class=\"size-medium wp-image-15435 alignleft\" src=\"http:\/\/fmriachuelo.com.ar\/wp-content\/uploads\/2022\/05\/279861409_365844748900664_2241356044916700815_n-300x169.jpg\" alt=\"\" width=\"300\" height=\"169\" \/><\/div>\n<\/div>\n<div class=\"cxmmr5t8 oygrvhab hcukyx3x c1et5uql o9v6fnle ii04i59q\">\n<div dir=\"auto\">As\u00ed lo expres\u00f3 Lito Borello, secretario de Derechos Humanos de la UTEP y coordinador nacional del Movimiento Popular Los Pibes: <em>\u201cNo podemos eludir un profundo sentido autocr\u00edtico de que lo estamos haciendo con un bajo nivel de unidad con los trabajadores en su conjunto y tambi\u00e9n con otras organizaciones hermanas. Quienes tenemos responsabilidades -los dirigentes, las dirigentas- no podemos obviar un proceso de reflexi\u00f3n, de que no hemos logrado un 1ro de Mayo que realmente exprese la cantidad de luchas y de sectores que hoy conforman al mundo trabajador de nuestro pa\u00eds\u201d<\/em>.<\/div>\n<div dir=\"auto\"><\/div>\n<\/div>\n<div class=\"cxmmr5t8 oygrvhab hcukyx3x c1et5uql o9v6fnle ii04i59q\">\n<div dir=\"auto\">De todas maneras, la contundencia del acto parece haber puesto del lado de la necedad a aquellos que a\u00fan hoy, maliciosamente, discuten que el hacer diario de la Econom\u00eda Popular no es trabajo genuino. Tambi\u00e9n, ya pasaron a\u00f1os desde que Francisco viene repitiendo que los Movimientos Populares son sujetos de transformaci\u00f3n. Puede entonces que el desaf\u00edo contin\u00fae siendo la construcci\u00f3n de la unidad de todo el Movimiento de Trabajadores para dar vuelta la democracia, el Estado y las formas de construir comunidad\u2026 la tortilla, al fin.<\/div>\n<\/div>\n","protected":false},"excerpt":{"rendered":"<p>[FM Riachuelo, 2\/5\/2022]\u00a0En los \u00faltimos a\u00f1os, sobre todo con la llegada de la pandemia, la crisis que padece nuestro pueblo se ha profundizado cada vez m\u00e1s. Lejos de ser vencidos por esta crisis, los sectores m\u00e1s castigados, cuya expresi\u00f3n de construcci\u00f3n y resistencia se refleja en el hacer diario dentro la Econom\u00eda Popular, hacen brotar [&hellip;]<\/p>\n","protected":false},"author":5,"featured_media":15437,"comment_status":"closed","ping_status":"closed","sticky":false,"template":"","format":"standard","meta":{"_monsterinsights_skip_tracking":false,"_monsterinsights_sitenote_active":false,"_monsterinsights_sitenote_note":"","_monsterinsights_sitenote_category":0,"jnews-multi-image_gallery":[],"jnews_single_post":{"format":"standard"},"jnews_primary_category":[],"_joinchat":[],"footnotes":""},"categories":[58],"tags":[154,157],"class_list":["post-15434","post","type-post","status-publish","format-standard","has-post-thumbnail","hentry","category-noticiariachuelo","tag-economia-popular-2","tag-nadie-se-salva-solo"],"_links":{"self":[{"href":"http:\/\/fmriachuelo.it10.com.ar\/index.php\/wp-json\/wp\/v2\/posts\/15434","targetHints":{"allow":["GET"]}}],"collection":[{"href":"http:\/\/fmriachuelo.it10.com.ar\/index.php\/wp-json\/wp\/v2\/posts"}],"about":[{"href":"http:\/\/fmriachuelo.it10.com.ar\/index.php\/wp-json\/wp\/v2\/types\/post"}],"author":[{"embeddable":true,"href":"http:\/\/fmriachuelo.it10.com.ar\/index.php\/wp-json\/wp\/v2\/users\/5"}],"replies":[{"embeddable":true,"href":"http:\/\/fmriachuelo.it10.com.ar\/index.php\/wp-json\/wp\/v2\/comments?post=15434"}],"version-history":[{"count":1,"href":"http:\/\/fmriachuelo.it10.com.ar\/index.php\/wp-json\/wp\/v2\/posts\/15434\/revisions"}],"predecessor-version":[{"id":22225,"href":"http:\/\/fmriachuelo.it10.com.ar\/index.php\/wp-json\/wp\/v2\/posts\/15434\/revisions\/22225"}],"wp:featuredmedia":[{"embeddable":true,"href":"http:\/\/fmriachuelo.it10.com.ar\/index.php\/wp-json\/"}],"wp:attachment":[{"href":"http:\/\/fmriachuelo.it10.com.ar\/index.php\/wp-json\/wp\/v2\/media?parent=15434"}],"wp:term":[{"taxonomy":"category","embeddable":true,"href":"http:\/\/fmriachuelo.it10.com.ar\/index.php\/wp-json\/wp\/v2\/categories?post=15434"},{"taxonomy":"post_tag","embeddable":true,"href":"http:\/\/fmriachuelo.it10.com.ar\/index.php\/wp-json\/wp\/v2\/tags?post=15434"}],"curies":[{"name":"wp","href":"https:\/\/api.w.org\/{rel}","templated":true}]}}