{"id":1543,"date":"2015-12-09T13:06:00","date_gmt":"2015-12-09T13:06:00","guid":{"rendered":"http:\/\/fmriachuelo.observatorioess.org.ar\/index.php\/2015\/12\/09\/la-plata-buenos-aires-cierre-de-un-medio-de-comunicacion\/"},"modified":"2015-12-09T13:06:00","modified_gmt":"2015-12-09T13:06:00","slug":"la-plata-buenos-aires-cierre-de-un-medio-de-comunicacion","status":"publish","type":"post","link":"http:\/\/fmriachuelo.it10.com.ar\/index.php\/2015\/12\/09\/la-plata-buenos-aires-cierre-de-un-medio-de-comunicacion\/","title":{"rendered":"LA PLATA, BUENOS AIRES: CIERRE DE UN MEDIO DE COMUNICACI\u00d3N"},"content":{"rendered":"<div><span><b>ALERTA<\/b><\/span><\/div>\n<p><span>EL DIARIO DIAGONALES CIERRA Y DESPIDE A TODOS SUS TRABAJADORES<\/span><\/p>\n<div style=\"clear: both;text-align: center\"><a href=\"http:\/\/3.bp.blogspot.com\/-FCdoojsL2jE\/VmgnDyT6cFI\/AAAAAAAAHjM\/H81NyG2k-xA\/s1600\/diagonales.jpg\" style=\"clear: left;float: left;margin-bottom: 1em;margin-right: 1em\"><img loading=\"lazy\" decoding=\"async\" border=\"0\" height=\"139\" src=\"http:\/\/3.bp.blogspot.com\/-FCdoojsL2jE\/VmgnDyT6cFI\/AAAAAAAAHjM\/H81NyG2k-xA\/s200\/diagonales.jpg\" width=\"200\" \/><\/a><\/div>\n<div style=\"text-align: justify\"><span>El argumento con el que los due\u00f1os de la publicaci\u00f3n se excusaron es una abrupta ca\u00edda de la pauta oficial que recibiera hasta el momento. El jueves 10 de diciembre habr\u00e1 una audiencia de conciliaci\u00f3n obligatoria con los representantes legales de Diagonales y dirigentes sindicales \u201cpara intentar encausar un conflicto, absolutamente ajeno a los derechos laborales de los trabajadores\u00bb.<\/span><br \/><a name='more'><\/a><\/div>\n<p><span> <\/span><\/p>\n<div style=\"text-align: justify\"><span><b>Reproducimos comunicado:<\/b><\/span><\/div>\n<p><span><\/span><\/p>\n<div style=\"text-align: justify\"><span>\u00a1Todo el apoyo a los compa\u00f1eros y las compa\u00f1eras de Diagonales.com!<\/span><\/div>\n<p><span><\/span><\/p>\n<div style=\"text-align: justify\"><span>\u00a1Basta de despidos en los medios de comunicaci\u00f3n!<\/span><\/div>\n<p><span><\/p>\n<div style=\"text-align: justify\">Ten\u00edan delegados, llevaban adelante paritarias y cobraban salarios de convenio. Resistieron una venta fraudulenta y pelearon por cada una de las indemnizaciones de los compa\u00f1eros y las compa\u00f1eras que aceptaron los retiros voluntarios. De los 40 que arrancaron en la \u00faltima gran promesa de la prensa gr\u00e1fica platense quedaban apenas un pu\u00f1ado de redactor@s, un retocador fotogr\u00e1fico y un diagramador. El diario Diagonales acaba de anunciar que l@s despedir\u00e1 a tod@s: los empresarios los barrieron sin prisa ni pausa en el m\u00e1s grave ataque a la organizaci\u00f3n sindical de la historia de la comunicaci\u00f3n en La Plata.<\/div>\n<div style=\"text-align: justify\">\u201cEl nuevo diario de La Plata\u201d fue fundado por Sergio Szpolski y form\u00f3 parte del Grupo Veintitr\u00e9s. El primer ejemplar fue impreso en marzo de 2008. No pasaron sino unos d\u00edas para que empezaran los despidos y l@s trabajador@s tuvieran que organizarse.<\/div>\n<div style=\"text-align: justify\"><\/div>\n<div style=\"text-align: justify\">Al primer paso en falso, que termin\u00f3 con indemnizaciones para algun@s y juicios por despidos injustificados para otr@s, le sigui\u00f3 la elecci\u00f3n de delegad@s y algunos logros: en dos a\u00f1os no hab\u00eda en el diario ning\u00fan trabajador precarizado, hombres y mujeres cobraban igual salario por igual tarea y se realizaban asambleas ante cada nuevo conflicto.<\/div>\n<div style=\"text-align: justify\"><\/div>\n<div style=\"text-align: justify\">El diario cubri\u00f3 los juicios por los delitos contra la humanidad cometidos en La Plata, Berisso y Ensenada y las marchas por Jorge Julio L\u00f3pez m\u00e1s all\u00e1 de los inconvenientes en el tr\u00e1nsito. Levant\u00f3 el \u201crubro 59\u201d mucho antes de que fueran prohibidos y dio el debate sobre leyes fundamentales como la del matrimonio igualitario.<\/div>\n<div style=\"text-align: justify\"><\/div>\n<div style=\"text-align: justify\">Pasaron los primeros a\u00f1os y en febrero de 2012 Szpolski \u2013entonces asociado al empresario Mat\u00edas Garfunkel- decidi\u00f3 dejar de imprimir el diario para adoptar un formato web. Empezaron los recortes: alg\u00fan@s trabajador@s pasaron a Infonews.com y otros al diario Tiempo Argentino sin que fueran reemplazados. Pronto apareci\u00f3 la primera oferta de \u201cretiros voluntarios\u201d.<\/div>\n<div style=\"text-align: justify\"><\/div>\n<div style=\"text-align: justify\">Era el principio del fin. En junio de 2014 hubo una venta fraudulenta: Diagonales qued\u00f3 en manos de su ex director editorial: Daniel Olivera, quien apenas unos meses antes hab\u00eda anunciado con bombos y platillos su renuncia como gerente del Grupo Veintitr\u00e9s.<\/div>\n<div style=\"text-align: justify\"><\/div>\n<div style=\"text-align: justify\">Siguieron los despidos bajo el eufemismo de \u201cretiro voluntario\u201d, aunque esta vez \u00bfOlivera? no pag\u00f3 ni una de las doce cuotas acordadas. Mientras l@s trabajador@s que quedaron en la calle se organizaban para escrachar al medio e iniciaban acciones legales, en la web avanzaban las situaciones irregulares y los pagos atrasados comenzaron a ser moneda corriente.<\/div>\n<div style=\"text-align: justify\"><\/div>\n<div style=\"text-align: justify\">En noviembre de 2014 hizo su irrupci\u00f3n la empresa Adalid Comunicaciones Argentina S.A. y ya el conflicto se volvi\u00f3 ingobernable. Un buen se\u00f1or oriundo de Ayacucho llamado Juan Ignacio Garc\u00eda dice ser el socio mayoritario y un empleado del Rectorado de la Universidad Nacional de La Plata de nombre Santiago Codina fue presentado como presidente de la empresa.<\/div>\n<div style=\"text-align: justify\"><\/div>\n<div style=\"text-align: justify\">L@s trabajador@s hicieron asambleas, retuvieron tareas tantas veces como fue necesario y realizaron denuncias formales al Ministerio de Trabajo. La empresa logr\u00f3 patear los reclamos una y otra vez hasta ahora. Pasaron las elecciones y Adalid anunci\u00f3 que despedir\u00e1 a tod@s sus emplead@s. Once trabajadores de prensa quedar\u00e1n en la calle, pero \u2013anunciaron- seguir\u00e1n defendiendo sus derechos. La lucha contin\u00faa.<\/div>\n<div style=\"text-align: justify\"><\/div>\n<div style=\"text-align: justify\">La experiencia de Diagonales es tal vez la m\u00e1s rica en t\u00e9rminos de organizaci\u00f3n gremial democr\u00e1tica, solidaria y colectiva de la historia reciente en los medios de la regi\u00f3n, y sin dudas la que m\u00e1s lejos ha llegado en t\u00e9rminos de logros alcanzados tanto salariales como de condiciones laborales en la ciudad. Por eso no es casualidad que la patronal haya tardado 3 a\u00f1os en poder cortar definitivamente con este proceso. En cualquier otra empresa period\u00edstica, con organizaci\u00f3n gremial m\u00e1s fr\u00e1gil o inexistente, no se hubiera podido resistir un s\u00f3lo embate, ni so\u00f1ar con cobrar una indemnizaci\u00f3n cercana a lo que la ley establece.<\/div>\n<div style=\"text-align: justify\"><\/div>\n<div style=\"text-align: justify\">Es por eso, y por el hecho de que lxs compa\u00f1erxs de Diagonales han sabido estar al pie del ca\u00f1\u00f3n cada vez que hubo despidos en la regi\u00f3n, que tenemos que extender la mano solidaria de todxs lxs trabajadorxs de los medios de comunicaci\u00f3n y apoyar todas las iniciativas que surjan de la asamblea. Si tocan a un@, nos tocan a tod@s.<\/div>\n<div style=\"text-align: justify\"><\/div>\n<div style=\"text-align: justify\">\u00a1Todo el apoyo a los compa\u00f1eros y las compa\u00f1eras de Diagonales!<\/div>\n<div style=\"text-align: justify\">\u00a1Basta de despidos en los medios de comunicaci\u00f3n!<\/div>\n<div style=\"text-align: justify\">\u00a1Ni un puesto de trabajo menos!<\/div>\n<div style=\"text-align: justify\"><\/div>\n<div style=\"text-align: justify\"><span style=\"font-size: x-small\">Colectivo de Trabajadoras y Trabajadores de Prensa (CTP) La Plata<\/span><\/div>\n<div style=\"text-align: justify\"><span style=\"font-size: x-small\">Twitter: @periodistaslp<\/span><\/div>\n<div style=\"text-align: justify\"><span style=\"font-size: x-small\">Facebook: <a href=\"https:\/\/www.facebook.com\/ColectivoDeTrabajadoresDePrensaLaPlata?fref=ts\">ColectivoDeTrabajadoresDePrensaLaPlata<\/a><\/span><\/div>\n<div style=\"text-align: justify\"><span style=\"font-size: x-small\">Correo: colectivodeprensalp@gmail.com<\/span><\/div>\n<div style=\"text-align: justify\"><span style=\"font-size: x-small\">Blog: <a href=\"https:\/\/colectivodeprensalaplata.wordpress.com\/\">https:\/\/colectivodeprensalaplata.wordpress.com\/<\/a><\/span><\/div>\n<p><\/span><\/p>\n","protected":false},"excerpt":{"rendered":"<p>ALERTA EL DIARIO DIAGONALES CIERRA Y DESPIDE A TODOS SUS TRABAJADORES El argumento con el que los due\u00f1os de la publicaci\u00f3n se excusaron es una abrupta ca\u00edda de la pauta oficial que recibiera hasta el momento. El jueves 10 de diciembre habr\u00e1 una audiencia de conciliaci\u00f3n obligatoria con los representantes legales de Diagonales y dirigentes [&hellip;]<\/p>\n","protected":false},"author":4,"featured_media":0,"comment_status":"open","ping_status":"open","sticky":false,"template":"","format":"standard","meta":{"_monsterinsights_skip_tracking":false,"_monsterinsights_sitenote_active":false,"_monsterinsights_sitenote_note":"","_monsterinsights_sitenote_category":0,"jnews-multi-image_gallery":[],"jnews_single_post":[],"jnews_primary_category":[],"_joinchat":[],"footnotes":""},"categories":[1],"tags":[],"class_list":["post-1543","post","type-post","status-publish","format-standard","hentry","category-habitat"],"_links":{"self":[{"href":"http:\/\/fmriachuelo.it10.com.ar\/index.php\/wp-json\/wp\/v2\/posts\/1543","targetHints":{"allow":["GET"]}}],"collection":[{"href":"http:\/\/fmriachuelo.it10.com.ar\/index.php\/wp-json\/wp\/v2\/posts"}],"about":[{"href":"http:\/\/fmriachuelo.it10.com.ar\/index.php\/wp-json\/wp\/v2\/types\/post"}],"author":[{"embeddable":true,"href":"http:\/\/fmriachuelo.it10.com.ar\/index.php\/wp-json\/wp\/v2\/users\/4"}],"replies":[{"embeddable":true,"href":"http:\/\/fmriachuelo.it10.com.ar\/index.php\/wp-json\/wp\/v2\/comments?post=1543"}],"version-history":[{"count":0,"href":"http:\/\/fmriachuelo.it10.com.ar\/index.php\/wp-json\/wp\/v2\/posts\/1543\/revisions"}],"wp:attachment":[{"href":"http:\/\/fmriachuelo.it10.com.ar\/index.php\/wp-json\/wp\/v2\/media?parent=1543"}],"wp:term":[{"taxonomy":"category","embeddable":true,"href":"http:\/\/fmriachuelo.it10.com.ar\/index.php\/wp-json\/wp\/v2\/categories?post=1543"},{"taxonomy":"post_tag","embeddable":true,"href":"http:\/\/fmriachuelo.it10.com.ar\/index.php\/wp-json\/wp\/v2\/tags?post=1543"}],"curies":[{"name":"wp","href":"https:\/\/api.w.org\/{rel}","templated":true}]}}