{"id":15421,"date":"2022-05-02T18:04:26","date_gmt":"2022-05-02T18:04:26","guid":{"rendered":"http:\/\/fmriachuelo.com.ar\/?p=15421"},"modified":"2025-04-01T15:29:38","modified_gmt":"2025-04-01T18:29:38","slug":"a-40-anos-del-hundimiento-del-crucero-general-belgrano","status":"publish","type":"post","link":"http:\/\/fmriachuelo.it10.com.ar\/index.php\/2022\/05\/02\/a-40-anos-del-hundimiento-del-crucero-general-belgrano\/","title":{"rendered":"A 40 A\u00d1OS DEL HUNDIMIENTO DEL CRUCERO GENERAL BELGRANO"},"content":{"rendered":"<p><b>[FM Riachuelo, 2\/5\/2022] El 2 de mayo de 1982, el Crucero General Belgrano fue hundido por las fuerzas brit\u00e1nicas, en plena Guerra de Malvinas. Este hecho constituy\u00f3 un crimen de guerra, ya que el crucero estaba volviendo a la base. En aquel momento, 1093 soldados tripulaban la embarcaciones, de los que un total de 323 perdieron la vida. Hoy rendimos homenaje a estos h\u00e9roes, trabajadores que no dejaron de luchar por la soberan\u00eda, y junto con C\u00e9sar Trejo, combatiente de Malvinas, Fernando Jaime, sobreviviente del Belgrano y Carina Maloberti, secretaria general de ATE SENASA, reflexionamos sobre la vigencia de esta causa y los desaf\u00edos que el pueblo trabajador tiene delante para seguir combatiendo la ocupaci\u00f3n de los poderes globales, con su l\u00f3gica colonial e imperialista.<\/b><\/p>\n<p><span style=\"font-weight: 400\">El Crucero General Belgrano era tripulado por un grupo de tareas que ser\u00eda encabezado por el buque insignia, el Portaaviones 25 de Mayo. Debido a que el Portaaviones tuvo inconvenientes con el clima, el Belgrano recibi\u00f3 la orden de volver a su base. Durante ese regreso, de un d\u00eda entero, fue perseguido por el Submarino de Propulsi\u00f3n Nuclear HMS Conqueror, que ten\u00eda la orden de hundir cualquier flota argentina.<\/span><\/p>\n<p><span style=\"font-weight: 400\">La orden ten\u00eda que ver con los acuerdos de paz que se estaban encaminando. Argentina hab\u00eda aceptado una propuesta de paz, incluso con mediaci\u00f3n del presidente de Per\u00fa. Pero esto iba en contra de los intereses b\u00e9licos de Margareth Tatcher, primera ministro del Reino Unido, quien decidi\u00f3 hundir el Belgrano para que no se concretara el acuerdo de paz.<\/span><\/p>\n<p><span style=\"font-weight: 400\">La propia Fiscal\u00eda de la Corona Inglesa, al ser consultada, hab\u00eda determinado en aquel momento que no era factible hundir el Belgrano desde el punto de vista del derecho. Fue un crimen de guerra que viol\u00f3 los principios establecidos por las Naciones Unidas, sobre el uso de la fuerza en conflictos b\u00e9licos.<\/span><\/p>\n<p><span style=\"font-weight: 400\">El hecho fue investigado como crimen de guerra tanto desde el propio Reino Unido como por los combatientes de nuestra Patria. En 1994, 1998 y 2012, los respectivos presidentes de aquellos momentos lo reconocieron como tal. Pero a 40 a\u00f1os del hecho, ning\u00fan gobierno argentino tom\u00f3 la decisi\u00f3n de dar dimensi\u00f3n internacional al caso.<\/span><\/p>\n<p><span style=\"font-weight: 400\">Hoy en Mateando en el Riachuelo, compartimos el aire con <\/span><b>C\u00e9sar Trejo<\/b><span style=\"font-weight: 400\">, combatiente de Malvinas y director del <\/span><b>Observatorio de Mal<\/b><b>vinas de la Universidad de Lan\u00fas<\/b><span style=\"font-weight: 400\">. En una primera parte de la entrevista, nos acompa\u00f1\u00f3 telef\u00f3nicamente desde Villaguay, Entre R\u00edos, <\/span><b>Fernando Jaime, sobreviviente del Belgrano.<\/b><\/p>\n<p><img loading=\"lazy\" decoding=\"async\" class=\"size-medium wp-image-15423 alignleft\" src=\"http:\/\/fmriachuelo.com.ar\/wp-content\/uploads\/2022\/05\/WhatsApp-Image-2022-05-02-at-2.52.57-PM-300x200.jpeg\" alt=\"\" width=\"300\" height=\"200\" \/><\/p>\n<p><span style=\"font-weight: 400\">\u201c<\/span><i><span style=\"font-weight: 400\">Los 323 soldados del Belgrano son h\u00e9roes de la Patria, aunque no tuvieran posibilidad de combatir, porque estuvieron dispuesto<\/span><\/i><i>s a dar su vida. La mejor honra que hoy podemos hacer es retomar el reclamo de Memoria, Verdad y Justicia por los 323 h\u00e9roes del Belgrano, porque los cr\u00edmenes de guerra no prescriben y porque all\u00ed est\u00e1 demostrado el colon<\/i><i>ialismo, la criminalidad de los imperios que vienen a pretender quedarse con nuestros bienes naturales y nuestras riquezas; a saquearnos, envolvernos y someternos en la pobreza a los argentinos y argentinas pero tambi\u00e9n a todos los pueblos de Am\u00e9rica Latina<\/i>\u201d, expres\u00f3 C\u00e9sar.<\/p>\n<p><span style=\"font-weight: 400\">Fernando se refiri\u00f3 a la totalidad de la causa Malvinas, que m\u00e1s all\u00e1 de los intentos por golpearla, no se cae a nivel popular: \u201c<\/span><i><span style=\"font-weight: 400\">A pesar de que los pol\u00edticos tienen su cuota de culpa en muchos de sus no accionares en estos 40 a\u00f1os, en esta fecha se despert\u00f3 algo que estaba ah\u00ed quietito. Pero la causa est\u00e1 intacta desde el pueblo desde siempre, desde 1983. Estoy seguro de que es una causa que nos cubre con un manto y nos une a todos por igual<\/span><\/i><span style=\"font-weight: 400\">\u201d.<\/span><\/p>\n<p><img loading=\"lazy\" decoding=\"async\" class=\"size-medium wp-image-15424 alignright\" src=\"http:\/\/fmriachuelo.com.ar\/wp-content\/uploads\/2022\/05\/WhatsApp-Image-2022-05-02-at-2.57.20-PM-300x169.jpeg\" alt=\"\" width=\"300\" height=\"169\" \/><\/p>\n<p><span style=\"font-weight: 400\">Hoy a las 19hs, en el Centro de Veteranos de Guerra de Paran\u00e1, junto con la Federaci\u00f3n de Veteranos de Guerra de Entre R\u00edos, se lanzar\u00e1 el libro<\/span><b> \u201cYo estuve en el Belgrano\u201d<\/b><span style=\"font-weight: 400\">, que narra la experiencia de Fernando Jaime en el Crucero General Belgrano, escrito por su amigo, el periodista Nicol\u00e1s Blanco.<\/span><\/p>\n<p><span style=\"font-weight: 400\">El hundimiento del Belgrano es una de las expresiones de lo que fue la guerra, as\u00ed como la guerra de Malvinas expresa una causa mayor, que es la de la Soberan\u00eda Nacional. El conflicto de Malvinas pone en riesgo un tercio del territorio argentino, ya que incluye, por ejemplo, las Islas Georgias y S\u00e1ndwich, y el territorio ant\u00e1rtico. Pero hay otras \u201cMalvinas\u201d a recuperar: el ejercicio de la soberan\u00eda en nuestros r\u00edos es un fuerte ejemplo de este conflicto.<\/span><\/p>\n<p><span style=\"font-weight: 400\">En una segunda parte de la entrevista, C\u00e9sar Trejo describi\u00f3 en detalle c\u00f3mo se da en nuestro territorio la ocupaci\u00f3n de las potencias extranjeras, y se sum\u00f3 a la reflexi\u00f3n <\/span><b>Carina Maloberti<\/b><span style=\"font-weight: 400\">, secretaria general de <\/span><b>ATE SENASA<\/b><span style=\"font-weight: 400\">.<\/span><\/p>\n<p><img loading=\"lazy\" decoding=\"async\" class=\"size-medium wp-image-15431 alignleft\" src=\"http:\/\/fmriachuelo.com.ar\/wp-content\/uploads\/2022\/05\/WhatsApp-Image-2022-05-02-at-4.14.38-PM-300x200.jpeg\" alt=\"\" width=\"300\" height=\"200\" \/><\/p>\n<p><span style=\"font-weight: 400\">\u201c<\/span><i><span style=\"font-weight: 400\">Me parece que C\u00e9sar nos trae al centro de todas las peleas: contra el hambre, la desocupaci\u00f3n, la precarizaci\u00f3n, con el centro en esta hip\u00f3tesis de conflicto que \u00e9l siempre nos recuerda. Todas nuestras luchas, desde la m\u00e1s sencilla a la m\u00e1s compleja, parten de este estado de semicolonialidad, pero aparte en la hip\u00f3tesis de conflicto de un enemigo claro que usurpa el territorio para el mapa de saqueo que describe C\u00e9sar<\/span><\/i><span style=\"font-weight: 400\">\u201d, expres\u00f3 Carina.<\/span><\/p>\n<p>&nbsp;<\/p>\n<p>&nbsp;<\/p>\n<p><strong>Te invitamos a escuchar completas ambas parte de esta entrevista, en la que se ha podido recuperar un aspecto de nuestra historia que busca ser borrado, y as\u00ed continuamos mirando hacia adelante para fortalecer la lucha por la soberan\u00eda que encara diariamente la clase trabajadora.<\/strong><\/p>\n<p>&nbsp;<\/p>\n<p><iframe loading=\"lazy\" title=\"02 - 05 - 2022 A 40 A\u00d1OS DEL HUNDIMIENTO DEL CRUCERO GENERAL BELGRANO PARTE I by FMR\" width=\"500\" height=\"400\" scrolling=\"no\" frameborder=\"no\" src=\"https:\/\/w.soundcloud.com\/player\/?visual=true&#038;url=https%3A%2F%2Fapi.soundcloud.com%2Ftracks%2F1261069783&#038;show_artwork=true&#038;maxheight=750&#038;maxwidth=500\"><\/iframe><\/p>\n<p>&nbsp;<\/p>\n<p><iframe loading=\"lazy\" title=\"02 - 05 - 2022 A 40 A\u00d1OS DEL HUNDIMIENTO DEL CRUCERO GENERAL BELGRANO PARTE II by FMR\" width=\"500\" height=\"400\" scrolling=\"no\" frameborder=\"no\" src=\"https:\/\/w.soundcloud.com\/player\/?visual=true&#038;url=https%3A%2F%2Fapi.soundcloud.com%2Ftracks%2F1261069780&#038;show_artwork=true&#038;maxheight=750&#038;maxwidth=500\"><\/iframe><\/p>\n<p>&nbsp;<\/p>\n","protected":false},"excerpt":{"rendered":"<p>[FM Riachuelo, 2\/5\/2022] El 2 de mayo de 1982, el Crucero General Belgrano fue hundido por las fuerzas brit\u00e1nicas, en plena Guerra de Malvinas. Este hecho constituy\u00f3 un crimen de guerra, ya que el crucero estaba volviendo a la base. En aquel momento, 1093 soldados tripulaban la embarcaciones, de los que un total de 323 [&hellip;]<\/p>\n","protected":false},"author":5,"featured_media":15422,"comment_status":"closed","ping_status":"closed","sticky":false,"template":"","format":"standard","meta":{"_monsterinsights_skip_tracking":false,"_monsterinsights_sitenote_active":false,"_monsterinsights_sitenote_note":"","_monsterinsights_sitenote_category":0,"jnews-multi-image_gallery":[],"jnews_single_post":{"format":"standard"},"jnews_primary_category":[],"_joinchat":[],"footnotes":""},"categories":[61],"tags":[72,153],"class_list":["post-15421","post","type-post","status-publish","format-standard","has-post-thumbnail","hentry","category-especiales-riachuelo","tag-historia-de-la-lucha-de-los-pueblos","tag-soberania-2"],"_links":{"self":[{"href":"http:\/\/fmriachuelo.it10.com.ar\/index.php\/wp-json\/wp\/v2\/posts\/15421","targetHints":{"allow":["GET"]}}],"collection":[{"href":"http:\/\/fmriachuelo.it10.com.ar\/index.php\/wp-json\/wp\/v2\/posts"}],"about":[{"href":"http:\/\/fmriachuelo.it10.com.ar\/index.php\/wp-json\/wp\/v2\/types\/post"}],"author":[{"embeddable":true,"href":"http:\/\/fmriachuelo.it10.com.ar\/index.php\/wp-json\/wp\/v2\/users\/5"}],"replies":[{"embeddable":true,"href":"http:\/\/fmriachuelo.it10.com.ar\/index.php\/wp-json\/wp\/v2\/comments?post=15421"}],"version-history":[{"count":1,"href":"http:\/\/fmriachuelo.it10.com.ar\/index.php\/wp-json\/wp\/v2\/posts\/15421\/revisions"}],"predecessor-version":[{"id":22226,"href":"http:\/\/fmriachuelo.it10.com.ar\/index.php\/wp-json\/wp\/v2\/posts\/15421\/revisions\/22226"}],"wp:featuredmedia":[{"embeddable":true,"href":"http:\/\/fmriachuelo.it10.com.ar\/index.php\/wp-json\/"}],"wp:attachment":[{"href":"http:\/\/fmriachuelo.it10.com.ar\/index.php\/wp-json\/wp\/v2\/media?parent=15421"}],"wp:term":[{"taxonomy":"category","embeddable":true,"href":"http:\/\/fmriachuelo.it10.com.ar\/index.php\/wp-json\/wp\/v2\/categories?post=15421"},{"taxonomy":"post_tag","embeddable":true,"href":"http:\/\/fmriachuelo.it10.com.ar\/index.php\/wp-json\/wp\/v2\/tags?post=15421"}],"curies":[{"name":"wp","href":"https:\/\/api.w.org\/{rel}","templated":true}]}}