{"id":1542,"date":"2015-12-09T13:12:00","date_gmt":"2015-12-09T13:12:00","guid":{"rendered":"http:\/\/fmriachuelo.observatorioess.org.ar\/index.php\/2015\/12\/09\/agrupacion-por-el-esclarecimiento-de-la-masacre-impune-de-la-amia\/"},"modified":"2015-12-09T13:12:00","modified_gmt":"2015-12-09T13:12:00","slug":"agrupacion-por-el-esclarecimiento-de-la-masacre-impune-de-la-amia","status":"publish","type":"post","link":"http:\/\/fmriachuelo.it10.com.ar\/index.php\/2015\/12\/09\/agrupacion-por-el-esclarecimiento-de-la-masacre-impune-de-la-amia\/","title":{"rendered":"AGRUPACI\u00d3N POR EL ESCLARECIMIENTO DE LA MASACRE IMPUNE DE LA AMIA"},"content":{"rendered":"<div style=\"clear: both;text-align: justify\"><b style=\"color: red;font-family: Verdana, sans-serif;font-size: x-large;text-align: start\">A . P . E . M . I . A .<\/b><\/div>\n<div style=\"clear: both;text-align: center\"><a href=\"http:\/\/3.bp.blogspot.com\/-F44yjfTaMMQ\/Vmgoeos6hLI\/AAAAAAAAHjY\/HKIWiUFPk3w\/s1600\/IMAGEN_APEMIA_BANDA5.jpg\" style=\"clear: left;float: left;margin-bottom: 1em;margin-right: 1em\"><img loading=\"lazy\" decoding=\"async\" border=\"0\" height=\"95\" src=\"http:\/\/3.bp.blogspot.com\/-F44yjfTaMMQ\/Vmgoeos6hLI\/AAAAAAAAHjY\/HKIWiUFPk3w\/s200\/IMAGEN_APEMIA_BANDA5.jpg\" width=\"200\" \/><\/a><\/div>\n<p><span style=\"font-size: small\"><span><span>AGRUPACI\u00d3N POR EL<span style=\"font-size: small\"> <\/span>ESCLARECIMIENTO DE LA MASACRE IMPUNE DE LA AMIA COMUNICADO DE PRENSA GILS CARBO Y LOS FISCALES LO RECONOCEN<\/span> LOS ARCHIVOS SECRETOS SIGUEN CERRADOS Y BAJO CONTROL DE LA AFI.<\/span><\/span><br \/><a name='more'><\/a><\/p>\n<div style=\"text-align: justify\"><span>A mediados de noviembre los fiscales de la Unidad Fiscal de Investigaciones AMIA (UFI) convocaron a las querellas que intervienen en el juicio denominado AMIA 2 para informar acerca del estado en que se encuentran las tareas de relevamiento de los archivos secretos relativos al atentado, detalladas en un protocolo aprobado por la Procuradora General de la Naci\u00f3n, Dra. Gils Carb\u00f3.<\/span><\/div>\n<p><span><\/p>\n<div style=\"text-align: justify\"><\/div>\n<div style=\"text-align: justify\">Este relevamiento tuvo su origen en el decreto 395\/15 firmado por el gobierno hace ocho meses, el \u00faltimo de una zaga de m\u00e1s de diez decretos que pretendieron ser una respuesta a nuestro nunca satisfecho reclamo de apertura de archivos iniciado en 2002.&nbsp;<\/div>\n<div style=\"text-align: justify\">Los fiscales nos entregaron un informe en el cual, m\u00e1s all\u00e1 de su intenci\u00f3n de realizar un trabajo profesional de identificaci\u00f3n, relevamiento y organizaci\u00f3n de la documentaci\u00f3n,  reconocen que los archivos est\u00e1n cerrados.<\/div>\n<div style=\"text-align: justify\">Nos informaron acerca de la existencia de archivos en la UFI AMIA y en tres dependencias de la Agencia Federal de Inteligencia (AFI, ex SIDE). Los primeros comprenden las m\u00e1s de 1700 carpetas que existen en la UFI desde hace diez a\u00f1os. En cuanto al resto del material obrante en las distintas oficinas de la AFI, no pudieron a\u00fan constatar ni el volumen ni el contenido de esa informaci\u00f3n que estar\u00eda vinculada con el atentado o con alguna de las causas judiciales posteriores.<\/div>\n<div style=\"text-align: justify\"><\/div>\n<div style=\"text-align: justify\">Lo m\u00e1s grave del informe son las explicaciones acerca de c\u00f3mo organizar\u00edan el material de archivo el d\u00eda que la AFI facilite las condiciones para este trabajo. Es la evidencia de que hasta hoy no se avanz\u00f3 nada en la apertura de archivos o en el \u201cproceso de relevamiento\u201d ya prometido por el Ministerio de Justicia y la Unidad Especial de Investigaci\u00f3n en el a\u00f1o 2003. Ese \u201cproceso\u201d motiv\u00f3 el Decreto 812\/05 que se comprometi\u00f3 a  la \u201cProfundizaci\u00f3n del proceso de relevamiento de archivos del Caso Amia en poder de la Secretar\u00eda de Inteligencia del Estado y fuerzas de seguridad\u201d, y que tampoco se cumple.<\/div>\n<div style=\"text-align: justify\"><\/div>\n<div style=\"text-align: justify\">El denominado protocolo revela que los archivos bajo el control de la AFI, que formalmente estar\u00edan disponibles, no lo est\u00e1n en los hechos. El informe habla de documentos \u201carchivados\u201d en avanzado estado de deterioro en medio de la humedad, la suciedad y el abandono (\u201c\u2026documentaci\u00f3n original proveniente de la basura que tuvo que atravesar un proceso de limpieza y acondicionamiento para su digitalizaci\u00f3n y posterior conservaci\u00f3n\u201d; \u201cTodo el material hallado en el per\u00edmetro se encuentra en un estado avanzado de abandono y malas condiciones de preservaci\u00f3n\u201d), o ubicados en lugares a los cuales no se puede ingresar (\u201cse trata de una habitaci\u00f3n de aproximadamente 6 metros de ancho a la que no podemos ingresar, ya que se encuentra totalmente ocupada por mobiliario\u201d).<\/div>\n<div style=\"text-align: justify\"><\/div>\n<div style=\"text-align: justify\">Peor a\u00fan es aquello que est\u00e1 naturalizado en el \u201cprotocolo\u201d: el relevamiento est\u00e1 subordinado a los tiempos, condiciones y control de los servicios de inteligencia. Esta situaci\u00f3n de dependencia funcional de la UFI hacia los esp\u00edas locales es una re-edici\u00f3n de la que manten\u00eda el fallecido fiscal Nisman.<\/div>\n<div style=\"text-align: justify\"><\/div>\n<div style=\"text-align: justify\">Una vez m\u00e1s, denunciamos que los archivos no est\u00e1n abiertos y que en este nuevo esfuerzo por mostrar que algo se hizo no se hace otra cosa que subordinar cualquier posibilidad de relevamiento de la documentaci\u00f3n secreta al m\u00e1s estricto control y supervisi\u00f3n de la AFI.&nbsp;<\/div>\n<div style=\"text-align: justify\">Lo enuncia el mismo protocolo: \u201cLas tareas son supervisadas de manera constante por entre dos y tres integrantes de la AFI\u201d; \u201cLas computadoras que entran a la AFI deben estar libres de informaci\u00f3n y salir en las mismas condiciones\u201d. \u201cNo se puede sacar fotograf\u00edas\u201d; \u201cNo hay conexi\u00f3n a internet\u201d; \u201cEst\u00e1 prohibido el uso del celular\u201d; \u201cNo es posible usar pendrives ni correo electr\u00f3nico para transportar archivos de una computadora a otra\u201d.&nbsp;<\/div>\n<div style=\"text-align: justify\"><\/div>\n<div style=\"text-align: justify\">En medio del cambio de gobierno, el problema que enfrentamos es que la Procuradora Gils Carb\u00f3 y los Fiscales reconocen a la AFI como \u201cla autoridad\u201d en materia de los archivos. Sin terminar con esta actitud de dependencia a la autoridad real y a la custodia de los archivos por parte de la ex SIDE, no hay ninguna posibilidad de relevamiento alguno, para preservar y conocer el contenido documental que se oculta.<\/div>\n<div style=\"text-align: justify\"><\/div>\n<div style=\"text-align: justify\">Repudiamos la intervenci\u00f3n y el control directo que la AFI realiza sobre los archivos, ya que todos los gobiernos y sus Servicios de Inteligencia fueron los principales responsables de que la documentaci\u00f3n haya sido ocultada deliberadamente durante m\u00e1s de 21 a\u00f1os a cualquier investigaci\u00f3n sobre el crimen de la AMIA.<\/div>\n<div style=\"text-align: justify\">Ejemplo de ello es que en el juicio que se sigue actualmente por las irregularidades y delitos cometidos a lo largo de la investigaci\u00f3n del atentado, y que fuera presentado como un juicio contra el encubrimiento, los jueces del Tribunal Oral no conocen la documentaci\u00f3n que supuestamente fue abierta por tantos decretos.&nbsp;<\/div>\n<div style=\"text-align: justify\"><\/div>\n<div style=\"text-align: justify\">Desde APEMIA reclamamos nuevamente la apertura de los archivos secretos, la preservaci\u00f3n de toda la documentaci\u00f3n por fuera del control de la AFI o de otros organismos de seguridad y la entrega de un \u00edndice con todos sus contenidos obrantes en la Unidad Fiscal AMIA.<\/div>\n<div style=\"text-align: justify\"><\/div>\n<div style=\"text-align: justify\">Exigimos que se conforme una Comisi\u00f3n Investigadora Independiente en el \u00e1mbito del Congreso Nacional, que tenga acceso irrestricto a los archivos secretos para conocer la verdad e impulsar el juicio y castigo para todos los responsables en el crimen de nuestros familiares y amigos en la AMIA.<\/div>\n<p>Buenos Aires 02 de diciembre de 2015<br \/> <span style=\"font-size: x-small\">APEMIA<\/span><\/span><span>apemia2002@yahoo.com.ar&nbsp;<\/span><span><span style=\"font-size: x-small\"><br \/> Visite:     http:\/\/diariodeljuicioamia.blogspot.com.ar\/<br \/>http:\/\/apemia.blogspot.com.ar<\/span><br \/> <\/span><\/p>\n","protected":false},"excerpt":{"rendered":"<p>A . P . E . M . I . A . AGRUPACI\u00d3N POR EL ESCLARECIMIENTO DE LA MASACRE IMPUNE DE LA AMIA COMUNICADO DE PRENSA GILS CARBO Y LOS FISCALES LO RECONOCEN LOS ARCHIVOS SECRETOS SIGUEN CERRADOS Y BAJO CONTROL DE LA AFI. A mediados de noviembre los fiscales de la Unidad Fiscal de [&hellip;]<\/p>\n","protected":false},"author":4,"featured_media":0,"comment_status":"open","ping_status":"open","sticky":false,"template":"","format":"standard","meta":{"_monsterinsights_skip_tracking":false,"_monsterinsights_sitenote_active":false,"_monsterinsights_sitenote_note":"","_monsterinsights_sitenote_category":0,"jnews-multi-image_gallery":[],"jnews_single_post":[],"jnews_primary_category":[],"_joinchat":[],"footnotes":""},"categories":[1],"tags":[],"class_list":["post-1542","post","type-post","status-publish","format-standard","hentry","category-habitat"],"_links":{"self":[{"href":"http:\/\/fmriachuelo.it10.com.ar\/index.php\/wp-json\/wp\/v2\/posts\/1542","targetHints":{"allow":["GET"]}}],"collection":[{"href":"http:\/\/fmriachuelo.it10.com.ar\/index.php\/wp-json\/wp\/v2\/posts"}],"about":[{"href":"http:\/\/fmriachuelo.it10.com.ar\/index.php\/wp-json\/wp\/v2\/types\/post"}],"author":[{"embeddable":true,"href":"http:\/\/fmriachuelo.it10.com.ar\/index.php\/wp-json\/wp\/v2\/users\/4"}],"replies":[{"embeddable":true,"href":"http:\/\/fmriachuelo.it10.com.ar\/index.php\/wp-json\/wp\/v2\/comments?post=1542"}],"version-history":[{"count":0,"href":"http:\/\/fmriachuelo.it10.com.ar\/index.php\/wp-json\/wp\/v2\/posts\/1542\/revisions"}],"wp:attachment":[{"href":"http:\/\/fmriachuelo.it10.com.ar\/index.php\/wp-json\/wp\/v2\/media?parent=1542"}],"wp:term":[{"taxonomy":"category","embeddable":true,"href":"http:\/\/fmriachuelo.it10.com.ar\/index.php\/wp-json\/wp\/v2\/categories?post=1542"},{"taxonomy":"post_tag","embeddable":true,"href":"http:\/\/fmriachuelo.it10.com.ar\/index.php\/wp-json\/wp\/v2\/tags?post=1542"}],"curies":[{"name":"wp","href":"https:\/\/api.w.org\/{rel}","templated":true}]}}