{"id":1541,"date":"2015-12-10T02:40:00","date_gmt":"2015-12-10T02:40:00","guid":{"rendered":"http:\/\/fmriachuelo.observatorioess.org.ar\/index.php\/2015\/12\/10\/cordoba-reforman-codigo-de-convivencia-urbana\/"},"modified":"2015-12-10T02:40:00","modified_gmt":"2015-12-10T02:40:00","slug":"cordoba-reforman-codigo-de-convivencia-urbana","status":"publish","type":"post","link":"http:\/\/fmriachuelo.it10.com.ar\/index.php\/2015\/12\/10\/cordoba-reforman-codigo-de-convivencia-urbana\/","title":{"rendered":"C\u00d3RDOBA: REFORMAN C\u00d3DIGO DE CONVIVENCIA URBANA"},"content":{"rendered":"<p><span><b>\u00bfQU\u00c9 SIGNIFICA EL NUEVO C\u00d3DIGO?<\/b><\/span><\/p>\n<div>\n<div style=\"clear: both;text-align: center\"><a href=\"http:\/\/3.bp.blogspot.com\/-hko1xwUptyY\/Vmjkm7zr7VI\/AAAAAAAAHj0\/X5B3gGDBn08\/s1600\/policia_1.jpg\" style=\"clear: left;float: left;margin-bottom: 1em;margin-right: 1em\"><img loading=\"lazy\" decoding=\"async\" border=\"0\" height=\"111\" src=\"http:\/\/3.bp.blogspot.com\/-hko1xwUptyY\/Vmjkm7zr7VI\/AAAAAAAAHj0\/X5B3gGDBn08\/s200\/policia_1.jpg\" width=\"200\" \/><\/a><\/div>\n<div style=\"text-align: justify\"><span>Nuevamente la pol\u00e9mica se desat\u00f3 en la provincia de C\u00f3rdoba tras la reforma del c\u00f3digo de convivencia. Opiniones cruzadas y mucha tela que cortar en un nuevo intento del oficialismo delasotista por ajustar las clavijas de la represi\u00f3n sobre los\/as trabajadores\/as cordobeses, con nuevas figuras punitivas y un marco general que garantiza la violencia estatal.<\/span><br \/><a name='more'><\/a><\/div>\n<p><span><\/p>\n<div style=\"text-align: justify\">Al fin el delasotismo pudo modificar el C\u00f3digo de Convivencia Ciudadana, de cara a construir un plaf\u00f3n legal a las intervenciones represivas del estado provincial sobre los\/as trabajadores\/as cordobeses y garantizar el ajuste planificado para el nuevo a\u00f1o.<\/div>\n<div style=\"text-align: justify\"><\/div>\n<div style=\"text-align: justify\">Los cambios en el C\u00f3digo. Malo conocido y malo por conocer<\/div>\n<div style=\"text-align: justify\"><\/div>\n<div style=\"text-align: justify\">Las organizaciones del campo popular venimos denunciando al C\u00f3digo de Faltas porque entendemos que su funci\u00f3n es la de ser una herramienta para avalar la represi\u00f3n que se descarga todos los d\u00edas sobre el pueblo trabajador y especialmente sobre la juventud. La aplicaci\u00f3n del C\u00f3digo de Faltas en la provincia es la que legitima que la Polic\u00eda realice 80.000 detenciones arbitrarias anuales por contravenciones, es decir, una cada 15 minutos. Esto est\u00e1 garantizado porque el C\u00f3digo de Faltas:<\/div>\n<div style=\"text-align: justify\"><\/div>\n<div style=\"text-align: justify\">a. Define contravenciones poco claras y ambiguas, completamente manipulables por qui\u00e9n las aplica, como por ejemplo \u201cmerodeo\u201d o \u201cesc\u00e1ndalo en la v\u00eda p\u00fablica\u201d.<\/div>\n<div style=\"text-align: justify\"><\/div>\n<div style=\"text-align: justify\">b. Da poder a la Polic\u00eda para definir qu\u00e9 es una falta y qu\u00e9 no, y para actuar de acuerdo a ello.<\/div>\n<div style=\"text-align: justify\"><\/div>\n<div style=\"text-align: justify\">c. Da poder a la Polic\u00eda para realizar detenciones \u201cpreventivas\u201d, si sospecha que se estaba por cometer una contravenci\u00f3n. Las penas por contravenciones incluyen el arresto.<\/div>\n<div style=\"text-align: justify\"><\/div>\n<div style=\"text-align: justify\">Entendemos que estructuralmente no cambi\u00f3 nada con este nuevo C\u00f3digo de Convivencia, porque los tres puntos que marc\u00e1bamos antes se mantienen igual. Las figuras ambiguas persisten, la potestad de la Polic\u00eda es la misma y la capacidad de realizar detenciones \u201cpreventivas sigue inalterada. De todas formas, la letra del C\u00f3digo cambi\u00f3, as\u00ed que aqu\u00ed analizamos los principales cambios:<\/div>\n<div style=\"text-align: justify\"><\/div>\n<div style=\"text-align: justify\">Con respecto a las contravenciones, se agregaron algunas como \u201ctocamientos indecorosos\u201d (\u00bfCu\u00e1l es un tocamiento indecoroso y cu\u00e1l no?), \u201cactitud sospechosa\u201d (que a pesar de que est\u00e1 especificada, es extremadamente ambigua, y deja librado a la imaginaci\u00f3n de la polic\u00eda qui\u00e9n es sospechosx y qui\u00e9n no), y una que apunta espec\u00edficamente a criminalizar a lxs \u201cnaranjitas\u201d.<\/div>\n<div style=\"text-align: justify\"><\/div>\n<div style=\"text-align: justify\">Como contracara, se quitaron las figuras que penalizaban a la \u201cmendicidad\u201d, a la \u201cprostituci\u00f3n escandalosa\u201d (un art\u00edculo que criminalizaba a las trabajadoras sexuales aut\u00f3nomas, haci\u00e9ndolas especialmente vulnerables a la represi\u00f3n policial), al \u201cmerodeo en zona urbana\u201d y a \u201cconsumir bebidas alcoh\u00f3licas en la v\u00eda p\u00fablica\u201d.<\/div>\n<div style=\"text-align: justify\"><\/div>\n<div style=\"text-align: justify\">Con respecto al procedimiento de la aplicaci\u00f3n, un cambio relevante es que la edad m\u00ednima para ser detenidx por contravenciones ascendi\u00f3 de 16 a 18 a\u00f1os.<\/div>\n<div style=\"text-align: justify\"><\/div>\n<div style=\"text-align: justify\">Otro cambio es que ahora se exige que se le provea a quien sea detenidx de un abogado defensor, y que en el juzgamiento deba intervenir alguien del poder judicial (unx ayudante fiscal o juez de paz), y que no pueda realizar el juzgamiento el personal policial que lo hac\u00eda con el C\u00f3digo de Faltas. Otro punto de suma importancia es que la detenci\u00f3n preventiva que antes no ten\u00eda un tiempo m\u00ednimo, ahora est\u00e1 limitada a 8 horas.<\/div>\n<p><\/span><\/p>\n<div style=\"text-align: justify\">\n<div style=\"margin-bottom: 10px\"><span>C\u00f3digo de Convivencia: El nuevo nombre del C\u00f3digo de Faltas<\/span><\/p>\n<p><span>A fines del 2014, el gobierno provincial intent\u00f3 llevar adelante un proceso para modificar al C\u00f3digo de Faltas vigente, para convertirlo en el nuevo \u201cC\u00f3digo de Convivencia Ciudadana\u201d.<\/span><\/p>\n<p><span>El gobierno desarroll\u00f3 un proceso que pretend\u00eda legitimar las modificaciones al C\u00f3digo, pero no le sali\u00f3 como esperaba. En una audiencia p\u00fablica en la que participaron como oradorxs m\u00e1s de 70 personas, la abrumadora mayor\u00eda de las intervenciones se dedic\u00f3 a criticar las modificaciones propuestas, entendiendo que con ellas se profundizaba a\u00fan m\u00e1s el car\u00e1cter represivo del C\u00f3digo de Faltas, como por ejemplo la tipificaci\u00f3n de nuevas figuras para criminalizar a los sectores populares.<\/span><\/p>\n<p><span>Ante esta situaci\u00f3n, sumada a la movilizaci\u00f3n en la que nos manifestamos en contra del nuevo C\u00f3digo de Convivencia, los bloques de la oposici\u00f3n adelantaron que votar\u00edan en contra, y el oficialismo recul\u00f3 de posici\u00f3n, dejando el proyecto cajoneado por el momento.<\/span><\/div>\n<\/div>\n<p><span><\/span><br \/><span><\/span><\/div>\n","protected":false},"excerpt":{"rendered":"<p>\u00bfQU\u00c9 SIGNIFICA EL NUEVO C\u00d3DIGO? Nuevamente la pol\u00e9mica se desat\u00f3 en la provincia de C\u00f3rdoba tras la reforma del c\u00f3digo de convivencia. Opiniones cruzadas y mucha tela que cortar en un nuevo intento del oficialismo delasotista por ajustar las clavijas de la represi\u00f3n sobre los\/as trabajadores\/as cordobeses, con nuevas figuras punitivas y un marco general [&hellip;]<\/p>\n","protected":false},"author":4,"featured_media":0,"comment_status":"open","ping_status":"open","sticky":false,"template":"","format":"standard","meta":{"_monsterinsights_skip_tracking":false,"_monsterinsights_sitenote_active":false,"_monsterinsights_sitenote_note":"","_monsterinsights_sitenote_category":0,"jnews-multi-image_gallery":[],"jnews_single_post":[],"jnews_primary_category":[],"_joinchat":[],"footnotes":""},"categories":[1],"tags":[],"class_list":["post-1541","post","type-post","status-publish","format-standard","hentry","category-habitat"],"_links":{"self":[{"href":"http:\/\/fmriachuelo.it10.com.ar\/index.php\/wp-json\/wp\/v2\/posts\/1541","targetHints":{"allow":["GET"]}}],"collection":[{"href":"http:\/\/fmriachuelo.it10.com.ar\/index.php\/wp-json\/wp\/v2\/posts"}],"about":[{"href":"http:\/\/fmriachuelo.it10.com.ar\/index.php\/wp-json\/wp\/v2\/types\/post"}],"author":[{"embeddable":true,"href":"http:\/\/fmriachuelo.it10.com.ar\/index.php\/wp-json\/wp\/v2\/users\/4"}],"replies":[{"embeddable":true,"href":"http:\/\/fmriachuelo.it10.com.ar\/index.php\/wp-json\/wp\/v2\/comments?post=1541"}],"version-history":[{"count":0,"href":"http:\/\/fmriachuelo.it10.com.ar\/index.php\/wp-json\/wp\/v2\/posts\/1541\/revisions"}],"wp:attachment":[{"href":"http:\/\/fmriachuelo.it10.com.ar\/index.php\/wp-json\/wp\/v2\/media?parent=1541"}],"wp:term":[{"taxonomy":"category","embeddable":true,"href":"http:\/\/fmriachuelo.it10.com.ar\/index.php\/wp-json\/wp\/v2\/categories?post=1541"},{"taxonomy":"post_tag","embeddable":true,"href":"http:\/\/fmriachuelo.it10.com.ar\/index.php\/wp-json\/wp\/v2\/tags?post=1541"}],"curies":[{"name":"wp","href":"https:\/\/api.w.org\/{rel}","templated":true}]}}