{"id":1540,"date":"2015-12-10T08:00:00","date_gmt":"2015-12-10T08:00:00","guid":{"rendered":"http:\/\/fmriachuelo.observatorioess.org.ar\/index.php\/2015\/12\/10\/argentina-asume-un-nuevo-presidente-nacional-encabezando-politicas-de-seguridad-represivas\/"},"modified":"2015-12-10T08:00:00","modified_gmt":"2015-12-10T08:00:00","slug":"argentina-asume-un-nuevo-presidente-nacional-encabezando-politicas-de-seguridad-represivas","status":"publish","type":"post","link":"http:\/\/fmriachuelo.it10.com.ar\/index.php\/2015\/12\/10\/argentina-asume-un-nuevo-presidente-nacional-encabezando-politicas-de-seguridad-represivas\/","title":{"rendered":"ARGENTINA: ASUME UN NUEVO PRESIDENTE NACIONAL ENCABEZANDO POL\u00cdTICAS DE SEGURIDAD REPRESIVAS"},"content":{"rendered":"<p><span><b>COMANDO UNIFICADO PARA LA REPRESI\u00d3N&nbsp;<\/b><\/span><br \/><span><b><\/b><\/span> <\/p>\n<div style=\"clear: both;text-align: center\"><a href=\"http:\/\/1.bp.blogspot.com\/-eH5n707ieYk\/VmjjsdO2zuI\/AAAAAAAAHjs\/jr7MC9Z4OTE\/s1600\/bullrich-macri.jpg\" style=\"clear: left;float: left;margin-bottom: 1em;margin-right: 1em\"><img loading=\"lazy\" decoding=\"async\" border=\"0\" height=\"118\" src=\"http:\/\/1.bp.blogspot.com\/-eH5n707ieYk\/VmjjsdO2zuI\/AAAAAAAAHjs\/jr7MC9Z4OTE\/s200\/bullrich-macri.jpg\" width=\"200\" \/><\/a><\/div>\n<div style=\"text-align: justify\"><span>[CORREPI 6\/12\/15] Mauricio Macri, Mar\u00eda Eugenia Vidal y Horacio Rodr\u00edguez Larreta, que en unos d\u00edas asumir\u00e1n sus cargos como presidente de la Naci\u00f3n, gobernadora de la provincia de Buenos Aires y jefe de gobierno de la CABA, presentaron formalmente sus gabinetes. El perfil de los elegidos para dirigir las \u00e1reas de \u201cseguridad\u201d y comandar las fuerzas de seguridad en los tres estamentos dice mucho de lo que vendr\u00e1 a partir del 10 de diciembre.<\/span><br \/><a name='more'><\/a><span> <\/span><\/div>\n<p><span> <\/span><\/p>\n<div style=\"text-align: justify\"><span>Bullrich y Burzaco:<\/span><\/div>\n<p><span><\/span><\/p>\n<div style=\"text-align: justify\"><\/div>\n<p><span><\/p>\n<div style=\"text-align: justify\">A nivel nacional, la designada ministra de Seguridad es una vieja conocida, y mejor entrenada en la materia. Se trata de Patricia Bullrich, que ya a fines de los \u201890 se dedicaba a mejorar los mecanismos represivos en el municipio de Hurlingham, desde su cargo como Coordinadora de Gabinete del varias veces intendente Juan Jos\u00e9 \u00c1lvarez. En 1998, Bullrich anunci\u00f3 a los vecinos de Hurlingham el \u201cSistema de Seguridad Modelo\u201d, un plan que duplic\u00f3 la cantidad de polic\u00edas en las calles del municipio; implement\u00f3 un mecanismo de coordinaci\u00f3n con las empresas de seguridad privada; cre\u00f3 cuerpos municipales de polic\u00eda y confeccion\u00f3 un \u201cmapa de la realidad del distrito\u201d, que obviamente se\u00f1alaba como sectores \u201cpeligrosos\u201d los barrios m\u00e1s pobres. El plan tambi\u00e9n exig\u00eda que los nuevos polic\u00edas de las tres seccionales, Hurlingham, Villa Tesei y William Morris, tuvieran domicilio en el partido. Casi 20 a\u00f1os antes que a Scioli se le ocurriera el concepto de \u201cpolic\u00eda comunal\u201d, y precediendo a otros \u201cadelantados\u201d, como Alejandro Granados en Ezeiza o Sergio Massa en Tigre, que hicieron experimentos locales en ese sentido, ya Patricia Bullrich explotaba lo de que \u201cnadie te vigila mejor que el que te conoce bien\u201d.<\/div>\n<p><\/span><\/p>\n","protected":false},"excerpt":{"rendered":"<p>COMANDO UNIFICADO PARA LA REPRESI\u00d3N&nbsp; [CORREPI 6\/12\/15] Mauricio Macri, Mar\u00eda Eugenia Vidal y Horacio Rodr\u00edguez Larreta, que en unos d\u00edas asumir\u00e1n sus cargos como presidente de la Naci\u00f3n, gobernadora de la provincia de Buenos Aires y jefe de gobierno de la CABA, presentaron formalmente sus gabinetes. El perfil de los elegidos para dirigir las \u00e1reas [&hellip;]<\/p>\n","protected":false},"author":4,"featured_media":0,"comment_status":"open","ping_status":"open","sticky":false,"template":"","format":"standard","meta":{"_monsterinsights_skip_tracking":false,"_monsterinsights_sitenote_active":false,"_monsterinsights_sitenote_note":"","_monsterinsights_sitenote_category":0,"jnews-multi-image_gallery":[],"jnews_single_post":[],"jnews_primary_category":[],"_joinchat":[],"footnotes":""},"categories":[1],"tags":[],"class_list":["post-1540","post","type-post","status-publish","format-standard","hentry","category-habitat"],"_links":{"self":[{"href":"http:\/\/fmriachuelo.it10.com.ar\/index.php\/wp-json\/wp\/v2\/posts\/1540","targetHints":{"allow":["GET"]}}],"collection":[{"href":"http:\/\/fmriachuelo.it10.com.ar\/index.php\/wp-json\/wp\/v2\/posts"}],"about":[{"href":"http:\/\/fmriachuelo.it10.com.ar\/index.php\/wp-json\/wp\/v2\/types\/post"}],"author":[{"embeddable":true,"href":"http:\/\/fmriachuelo.it10.com.ar\/index.php\/wp-json\/wp\/v2\/users\/4"}],"replies":[{"embeddable":true,"href":"http:\/\/fmriachuelo.it10.com.ar\/index.php\/wp-json\/wp\/v2\/comments?post=1540"}],"version-history":[{"count":0,"href":"http:\/\/fmriachuelo.it10.com.ar\/index.php\/wp-json\/wp\/v2\/posts\/1540\/revisions"}],"wp:attachment":[{"href":"http:\/\/fmriachuelo.it10.com.ar\/index.php\/wp-json\/wp\/v2\/media?parent=1540"}],"wp:term":[{"taxonomy":"category","embeddable":true,"href":"http:\/\/fmriachuelo.it10.com.ar\/index.php\/wp-json\/wp\/v2\/categories?post=1540"},{"taxonomy":"post_tag","embeddable":true,"href":"http:\/\/fmriachuelo.it10.com.ar\/index.php\/wp-json\/wp\/v2\/tags?post=1540"}],"curies":[{"name":"wp","href":"https:\/\/api.w.org\/{rel}","templated":true}]}}