{"id":15392,"date":"2022-04-30T17:45:22","date_gmt":"2022-04-30T17:45:22","guid":{"rendered":"http:\/\/fmriachuelo.com.ar\/?p=15392"},"modified":"2025-04-01T15:31:55","modified_gmt":"2025-04-01T18:31:55","slug":"fm-riachuelo-visita-la-casita-de-la-virgen-conversacion-con-gringo-castro-la-utep-se-moviliza-el-1-de-mayo","status":"publish","type":"post","link":"http:\/\/fmriachuelo.it10.com.ar\/index.php\/2022\/04\/30\/fm-riachuelo-visita-la-casita-de-la-virgen-conversacion-con-gringo-castro-la-utep-se-moviliza-el-1-de-mayo\/","title":{"rendered":"FM RIACHUELO VISITA \u201cLA CASITA DE LA VIRGEN\u201d. CONVERSACI\u00d3N CON\u00a0 \u201cGRINGO\u201d CASTRO: LA UTEP SE MOVILIZA EL 1\u00b0 DE MAYO."},"content":{"rendered":"<p><b>[FM Riachuelo, 30\/04\/2022] En v\u00edsperas del 1ro de mayo, d\u00eda de lxs Trabajadorxs, el programa Cazadoras de Zonceras de nuestra FM Riachuelo visit\u00f3 el Paseo Hist\u00f3rico Cultural de la Virgen de Luj\u00e1n \u201cLa Casita de la Virgen\u201d para realizar una entrevista con Esteban \u201cGringo\u201d Castro, secretario general de la UTEP (Uni\u00f3n de Trabajadores y Trabajadoras de la Econom\u00eda Popular). El \u201cGringo\u201d aport\u00f3 la mirada que vienen teniendo lxs trabajadorxs de la Econom\u00eda Popular en un contexto que exige que, desde nuestro trabajo, dise\u00f1emos el mundo que anhelamos, y que estamos construyendo, con Tierra, Techo y Trabajo para todo el pueblo.<\/b><\/p>\n<p><span style=\"font-weight: 400\">Despu\u00e9s de que el Gringo Castro visitara la casa de la FM Riachuelo en La Boca en octubre pasado, hab\u00eda quedado pendiente nuestra visita a \u201cLa Casita de la Virgen\u201d en Luj\u00e1n, del Movimiento Misioneros de Francisco, donde trabajan en la construcci\u00f3n de comunidad en base a la religiosidad popular.<\/span><\/p>\n<p><img loading=\"lazy\" decoding=\"async\" class=\" wp-image-15395 alignleft\" src=\"http:\/\/fmriachuelo.com.ar\/wp-content\/uploads\/2022\/04\/WhatsApp-Image-2022-04-30-at-1.36.16-PM-2-300x178.jpeg\" alt=\"\" width=\"386\" height=\"229\" \/><\/p>\n<p><span style=\"font-weight: 400\">A pocas cuadras de la Bas\u00edlica de Luj\u00e1n, el espacio est\u00e1 repleto de im\u00e1genes del <\/span><b>Negro Manuel, santo popular, quien fue el primer devoto de la Virgen de Luj\u00e1n<\/b><span style=\"font-weight: 400\">. Los murales del frente de \u00abla Casita\u00bb cuentan la historia del Negro Manuel y muestran al Papa Francisco junto a la Virgencita. Adentro, lxs compa\u00f1erxs trabajan desde temprano, por lo que la entrevista que llev\u00e1bamos pensada se convirti\u00f3 en una charla donde entraban y sal\u00edan compa\u00f1erxs que saludaban y aportaban reflexiones, enriqueciendo mucho m\u00e1s el debate.<\/span><\/p>\n<p><img loading=\"lazy\" decoding=\"async\" class=\"size-medium wp-image-15397 alignright\" src=\"http:\/\/fmriachuelo.com.ar\/wp-content\/uploads\/2022\/04\/WhatsApp-Image-2022-04-30-at-1.36.14-PM-300x169.jpeg\" alt=\"\" width=\"300\" height=\"169\" \/><\/p>\n<p><span style=\"font-weight: 400\">La \u201cFlaca\u201d Sole, coordinadora del espacio, acompa\u00f1\u00f3 toda la charla y explic\u00f3 qu\u00e9 es lo que hacen en la Casita: <\/span><i><span style=\"font-weight: 400\">\u201c<strong>El lugar va a contar el milagro de la Virgen de Luj\u00e1n y del Negrito Manuel cuando llegaron en 1630<\/strong> m\u00e1s o menos. Tambi\u00e9n tenemos un espacio de recreo, que hacemos que el peregrino venga y comparta lo que tiene, lo poco, lo mucho, pero que lo comparta con el peregrino que viene de La Matanza, con el que viene a visitarlo de Lomas de Zamora, el que viene de San Miguel, de Jun\u00edn, que traen su comida, todo, y nosotros le damos el lugar. No cobramos nada y ellos traen donaciones; mercader\u00eda para de a pasitos poder salir adelante. Estamos todo el tiempo con alguna actividad y bueno, ac\u00e1 con el compa\u00f1ero Gringo apoyando. <\/span><\/i><b><i>Ac\u00e1 somos una familia, todos los mediod\u00edas ponemos un poquito entre todos, cocinamos, comemos. Ac\u00e1 la Virgencita hace feliz al que viene, el que viene despu\u00e9s no se quiere ir<\/i><\/b><i><span style=\"font-weight: 400\">.\u201d<\/span><\/i><\/p>\n<p><span style=\"font-weight: 400\">Espont\u00e1neamente se empez\u00f3 a dar la conversaci\u00f3n y todo lo que sal\u00eda de ah\u00ed era tan valioso que tuvimos que apurarnos a prender los micr\u00f3fonos. El Gringo Castro comenz\u00f3 hablando del poder que el pueblo tiene para cuidar la vida de la comunidad cuando las papas queman. Reflexion\u00f3 sobre el rol de las compa\u00f1eras de las ollas en tiempos de Macri: <\/span><i><span style=\"font-weight: 400\">\u201cYo no quer\u00eda que vuelva a haber comedores. Sin embargo, nuevamente ante una crisis que propone la globalizaci\u00f3n financiera internacional como Macri, nuestras compa\u00f1eras fundamentalmente, empezaron a garantizar la vida y el cuidado de los m\u00e1s vulnerados que son, en principio, los pibes, los abuelos y despu\u00e9s las familias. Los sectores m\u00e1s empobrecidos iban construyendo organizaci\u00f3n y planteando una construcci\u00f3n econ\u00f3mica vinculada a compartir que rompe el peor de los flagelos que vive la humanidad que es el ego\u00edsmo, el individualismo. Yo dec\u00eda \u00abno, estamos volviendo para atr\u00e1s\u00bb. Y resulta que salimos para adelante con eso. Porque nuestro pueblo, que es m\u00e1s sabio que cualquier secretario general que exista en el mundo, me volvi\u00f3 a marcar que estaba en una contradicci\u00f3n, que es que <\/span><\/i><b><i>juntarse para resolver problemas es lo que nos permite avanzar<\/i><\/b><i><span style=\"font-weight: 400\">.\u201d <\/span><\/i><span style=\"font-weight: 400\">Sin dudas, los dos a\u00f1os de pandemia y la crisis que atravesamos actualmente, no hace m\u00e1s que ratificar esta reflexi\u00f3n del secretario general de UTEP.<\/span><\/p>\n<p><img loading=\"lazy\" decoding=\"async\" class=\"wp-image-15399 alignleft\" src=\"http:\/\/fmriachuelo.com.ar\/wp-content\/uploads\/2022\/04\/WhatsApp-Image-2022-04-30-at-2.47.30-PM-300x169.jpeg\" alt=\"\" width=\"288\" height=\"162\" \/><\/p>\n<p><span style=\"font-weight: 400\">En v\u00edsperas de lo que ser\u00e1 un primero de mayo con protagonismo de los Trabajadorxs de la Econom\u00eda Popular, la charla se torn\u00f3 hacia las preocupaciones centrales del sector que, ante la avanzada de un poder cada vez m\u00e1s concentrado y decidido a llevarse al pueblo por delante, plantea que <\/span><b>\u201cTierra, Techo y Trabajo\u201d es el programa que debemos llevar para la construcci\u00f3n de otro mundo posible<\/b><span style=\"font-weight: 400\">, como dice Francisco.<\/span><\/p>\n<p><strong>TIERRA<\/strong><\/p>\n<p><span style=\"font-weight: 400\">El Gringo Castro comparti\u00f3, entonces, algunas reflexiones sobre c\u00f3mo ve que desde las organizaciones de trabajadorxs de la Econom\u00eda Popular podemos trazar un camino para cambiar este sistema de miseria planificada, habitando nosotrxs mismxs los territorios de nuestra patria. Lugares donde podamos decidir c\u00f3mo vivimos, c\u00f3mo nos organizamos y c\u00f3mo trabajamos.<\/span><\/p>\n<p><i><span style=\"font-weight: 400\">\u201cLos modelos econ\u00f3micos de globalizaci\u00f3n neoliberal rompieron los pueblos, despoblaron e hiper poblaron los conurbanos, y hoy tenemos entre un 5% y un 7% de poblaci\u00f3n rural; pr\u00e1cticamente nadie vive en el campo. Entonces, es con los conurbanos con los que hay que discutir el sentido de la repoblaci\u00f3n y el sentido del arraigo. Cuando hablamos de tierra hablamos de producci\u00f3n desde la tierra. Ese proceso paulatinamente se viene dando, necesita mucha m\u00e1s profundidad; que las compa\u00f1eras que hoy garantizan la alimentaci\u00f3n y el cuidado est\u00e9n discutiendo esto\u201d. \u201cLas condiciones para hacer comida para todo el pa\u00eds se van a dar si estas compa\u00f1eras charlan con nosotros qu\u00e9 hay que producir, qu\u00e9 le queremos poner al guiso, c\u00f3mo hay que compartir eso que se produce.\u00a0<\/span><\/i><\/p>\n<p><i><span style=\"font-weight: 400\">\u201cEl pueblo hace las cosas, no las anda boqueando ni fanfarroneando. Ahora, una cosa es que no haya chamuyo y otra cosa es que no lo valoremos. Porque si no ponemos eso en valor, no podemos pensar despu\u00e9s en el trabajo y en la tierra. Entonces, volvemos al mismo problema: \u00bfQui\u00e9n va a resolver el problema de la tierra? Parece que lo van a resolver los due\u00f1os de grandes extensiones de campo, los que producen soja, los que producen trigo. Y yo creo que no, que las que lo van a resolver son estas mismas compa\u00f1eras que garantizan el cuidado y la comida. <\/span><\/i><b><i>S\u00f3lo los que garantizan comunidad y un modelo econ\u00f3mico basado en el compartir son los que pueden pensar en tierra, techo y trabajo<\/i><\/b><i><span style=\"font-weight: 400\">.\u201d<\/span><\/i><\/p>\n<p><i><span style=\"font-weight: 400\">\u201cHay una cantidad de elementos que los tenemos que producir los Movimientos Populares. Nos llevar\u00e1 4 a\u00f1os, 5, 10, 15, no importa. Nosotros tenemos que tener ese rumbo para que haya una cantidad de elementos que est\u00e9n garantizados. \u00bfC\u00f3mo no voy a tener fe en que eso suceda si en las peores condiciones, como fue la pandemia, se garantiz\u00f3 la alimentaci\u00f3n y el cuidado? \u00bfC\u00f3mo no voy a pensar que mis compa\u00f1eras pueden empujar una producci\u00f3n de alimentos? \u00bfEn qui\u00e9n voy a pensar que lo puede hacer si no es nuestra gente? Cae de maduro que es as\u00ed\u201d<\/span><\/i><\/p>\n<p><strong>TECHO<\/strong><\/p>\n<p><img loading=\"lazy\" decoding=\"async\" class=\"wp-image-15393 alignright\" src=\"http:\/\/fmriachuelo.com.ar\/wp-content\/uploads\/2022\/04\/WhatsApp-Image-2022-04-30-at-1.36.16-PM-300x200.jpeg\" alt=\"\" width=\"392\" height=\"261\" \/><\/p>\n<p><span style=\"font-weight: 400\">En este sentido, si tenemos la posibilidad de administrar las tierras para producir alimentos, tambi\u00e9n tenemos que pensar en c\u00f3mo vamos a habitar estos lugares. Diversas son las experiencias de Barrios Comunitarios dise\u00f1ados por lxs mismxs compa\u00f1erxs que all\u00ed viven y trabajan. El Gringo lo explic\u00f3 as\u00ed:<\/span><\/p>\n<p><i><span style=\"font-weight: 400\">\u201cLo que no puede pasar es que no se tenga en cuenta lo que dice nuestro pueblo. Tenemos una cultura que se desarrolla, que se organiza. Esta planificaci\u00f3n de arriba hacia abajo es contraria al desarrollo de lo popular. Hay que charlarlo. \u00bfLleva m\u00e1s tiempo? S\u00ed, lleva m\u00e1s tiempo. Pero somos m\u00e1s felices.\u201d<\/span><\/i><\/p>\n<p><i><span style=\"font-weight: 400\">\u201cHay que discutir con el Estado que tiene que haber una cantidad de recursos puestos en comprar tierra para garantizar barrios organizados por nosotros. Con la experiencia que ya tenemos vamos a construir un barrio y lo primero que vamos a hacer es, seguramente, un sal\u00f3n comunitario para compartir. \u00bfQu\u00e9 podemos producir, de qu\u00e9 vamos a trabajar? Tenemos que ser parte del debate. Nos cuesta seguir banc\u00e1ndonos que alguien tenga maravillosas ideas que despu\u00e9s no resuelven el problema, porque no lo discute con los que organizan de verdad. No creo en las grandes ideas, <\/span><\/i><b><i>creo en lo que veo que hace nuestro pueblo, que es organizarse para resolver los problemas.<\/i><\/b><i><span style=\"font-weight: 400\">\u201d<\/span><\/i><\/p>\n<p><strong>TRABAJO<\/strong><\/p>\n<p><i><span style=\"font-weight: 400\">\u201c<\/span><\/i><b><i>Hoy la gran resistencia a la fragmentaci\u00f3n, que necesita el poder, es el proyecto pol\u00edtico vinculado a compartir<\/i><\/b><i><span style=\"font-weight: 400\">\u201d<\/span><\/i><span style=\"font-weight: 400\"> dijo el Gringo en relaci\u00f3n al trabajo que lleva adelante el pueblo, que no fija su objetivo en la ganancia, sino en <\/span><b>la construcci\u00f3n de un nuevo paradigma<\/b><span style=\"font-weight: 400\">.<\/span><\/p>\n<p><i><span style=\"font-weight: 400\">\u201cEl pueblo desarrolla estrategias y el poder sabe c\u00f3mo invisibilizarlas. Todav\u00eda ten\u00e9s a una parte de nuestro pueblo diciendo que los compa\u00f1eros nuestros no trabajan. Y no s\u00e9 cu\u00e1nto hace que estoy hablando de la garant\u00eda de la alimentaci\u00f3n, del cuidado y de la vida de compa\u00f1eras que mucha gente dice que no trabaja.\u201d<\/span><\/i><\/p>\n<p><i><span style=\"font-weight: 400\">\u201cCuando vos sos un liberal individualista y cre\u00e9s en el individuo y no en el colectivo, no hay manera de que veas el trabajo. El trabajo para ellos es cuando vos trabaj\u00e1s para otro que te paga un sueldo y que se llena de plata o que le va mal y se lo come otro. Esa concepci\u00f3n es el amor inconmensurable al capitalismo, y nosotros amamos a nuestro pueblo. Son dos concepciones que se enfrentan, pero nosotros no nos enfrentamos como nos quieren enfrentar ellos, no basureamos. Ese individualismo te genera odio. <\/span><\/i><b><i>Esto que hacen nuestros compa\u00f1eros es amor y misericordia. Y les vamos a ganar con eso<\/i><\/b><i><span style=\"font-weight: 400\">.\u201d<\/span><\/i><\/p>\n<p><span style=\"font-weight: 400\">En este sentido, el Gringo se refiri\u00f3 a lo que ser\u00e1 el <\/span><b>acto por el d\u00eda del Trabajador este domingo<\/b><span style=\"font-weight: 400\">: <\/span><i><span style=\"font-weight: 400\">\u201cYo tengo que hablar el primero de mayo. No quiero hablar, solamente quisiera una c\u00e1mara mostrando la movilizaci\u00f3n. No hay nada que decir. Lo \u00fanico que puedo decir es \u00abmiren, miren lo que hicimos un primero de mayo\u00bb. Como el 7 de agosto, todo el tiempo haciendo, sin boquear.\u201d<\/span><\/i><\/p>\n<p><i><span style=\"font-weight: 400\">\u201c<\/span><\/i><b><i>Los trabajadores que supuestamente no trabajan van a volver a reconstruir un primero de mayo moviliz\u00e1ndose<\/i><\/b><i><span style=\"font-weight: 400\">. Entonces, cuando la estrategia del poder es la fragmentaci\u00f3n y la negaci\u00f3n de lo que hacemos, nosotros tenemos que poner m\u00e1s \u00e9nfasis en la integralidad, que por supuesto incluye la soberan\u00eda, y mostrar lo que hacemos.\u201d<\/span><\/i><\/p>\n<p><img loading=\"lazy\" decoding=\"async\" class=\"wp-image-15394 alignleft\" src=\"http:\/\/fmriachuelo.com.ar\/wp-content\/uploads\/2022\/04\/WhatsApp-Image-2022-04-30-at-1.36.16-PM-1-300x200.jpeg\" alt=\"\" width=\"421\" height=\"280\" \/><\/p>\n<p><span style=\"font-weight: 400\">Al t\u00e9rmino de la entrevista, el compa\u00f1ero el \u201cPato\u201d Duna, referente de Misioneros de Francisco e hist\u00f3rico vecino de Luj\u00e1n, nos llev\u00f3 a conocer el terreno frente a la Bas\u00edlica donde funcion\u00f3 la primera capilla dedicada a la Virgen de Luj\u00e1n y donde descansan los restos del Negro Manuel, que dentro de poco ser\u00e1 restituido a la iglesia.<\/span><\/p>\n<p><span style=\"font-weight: 400\">Al volver a la Casita de la Virgen participamos de la habitual lectura de la Biblia a cargo del padre Sergio G\u00f3mez Tey, junto a compa\u00f1erxs de otras organizaciones, donde a partir de los fragmentos le\u00eddos se debate sobre religiosidad popular y pol\u00edtica.<\/span><\/p>\n<p><span style=\"font-weight: 400\">Como broche de oro, compartimos una comida cocinada por lxs compa\u00f1erxs de la Casita porque, como dice el Gringo: <\/span><i><span style=\"font-weight: 400\">\u201cEs mucho m\u00e1s lindo comer juntos que comer cada uno en su casa.\u201d<\/span><\/i><\/p>\n<div class=\"cxmmr5t8 oygrvhab hcukyx3x c1et5uql o9v6fnle ii04i59q\">\n<div dir=\"auto\"><strong>Para escuchar los bloques de la entrevista completos:<\/strong><\/div>\n<\/div>\n<div class=\"cxmmr5t8 oygrvhab hcukyx3x c1et5uql o9v6fnle ii04i59q\">\n<div dir=\"auto\"><strong><a href=\"https:\/\/n9.cl\/uhv8z\">BLOQUE \u00abTIERRA\u00bb<\/a><\/strong><\/div>\n<\/div>\n<div class=\"cxmmr5t8 oygrvhab hcukyx3x c1et5uql o9v6fnle ii04i59q\">\n<div dir=\"auto\"><strong><a href=\"https:\/\/n9.cl\/uhv8z\">BLOQUE \u00abTECHO\u00bb<\/a><\/strong><\/div>\n<\/div>\n<div class=\"cxmmr5t8 oygrvhab hcukyx3x c1et5uql o9v6fnle ii04i59q\">\n<div dir=\"auto\"><strong><a href=\"https:\/\/n9.cl\/mseom\">BLOQUE \u00abTRABAJO\u00bb<\/a><\/strong><\/div>\n<\/div>\n","protected":false},"excerpt":{"rendered":"<p>[FM Riachuelo, 30\/04\/2022] En v\u00edsperas del 1ro de mayo, d\u00eda de lxs Trabajadorxs, el programa Cazadoras de Zonceras de nuestra FM Riachuelo visit\u00f3 el Paseo Hist\u00f3rico Cultural de la Virgen de Luj\u00e1n \u201cLa Casita de la Virgen\u201d para realizar una entrevista con Esteban \u201cGringo\u201d Castro, secretario general de la UTEP (Uni\u00f3n de Trabajadores y Trabajadoras [&hellip;]<\/p>\n","protected":false},"author":5,"featured_media":15396,"comment_status":"closed","ping_status":"closed","sticky":false,"template":"","format":"standard","meta":{"_monsterinsights_skip_tracking":false,"_monsterinsights_sitenote_active":false,"_monsterinsights_sitenote_note":"","_monsterinsights_sitenote_category":0,"jnews-multi-image_gallery":[],"jnews_single_post":{"format":"standard"},"jnews_primary_category":[],"_joinchat":[],"footnotes":""},"categories":[61],"tags":[154,146,156],"class_list":["post-15392","post","type-post","status-publish","format-standard","has-post-thumbnail","hentry","category-especiales-riachuelo","tag-economia-popular-2","tag-religiosidad-popular","tag-tierra-techo-y-trabajo"],"_links":{"self":[{"href":"http:\/\/fmriachuelo.it10.com.ar\/index.php\/wp-json\/wp\/v2\/posts\/15392","targetHints":{"allow":["GET"]}}],"collection":[{"href":"http:\/\/fmriachuelo.it10.com.ar\/index.php\/wp-json\/wp\/v2\/posts"}],"about":[{"href":"http:\/\/fmriachuelo.it10.com.ar\/index.php\/wp-json\/wp\/v2\/types\/post"}],"author":[{"embeddable":true,"href":"http:\/\/fmriachuelo.it10.com.ar\/index.php\/wp-json\/wp\/v2\/users\/5"}],"replies":[{"embeddable":true,"href":"http:\/\/fmriachuelo.it10.com.ar\/index.php\/wp-json\/wp\/v2\/comments?post=15392"}],"version-history":[{"count":1,"href":"http:\/\/fmriachuelo.it10.com.ar\/index.php\/wp-json\/wp\/v2\/posts\/15392\/revisions"}],"predecessor-version":[{"id":22229,"href":"http:\/\/fmriachuelo.it10.com.ar\/index.php\/wp-json\/wp\/v2\/posts\/15392\/revisions\/22229"}],"wp:featuredmedia":[{"embeddable":true,"href":"http:\/\/fmriachuelo.it10.com.ar\/index.php\/wp-json\/"}],"wp:attachment":[{"href":"http:\/\/fmriachuelo.it10.com.ar\/index.php\/wp-json\/wp\/v2\/media?parent=15392"}],"wp:term":[{"taxonomy":"category","embeddable":true,"href":"http:\/\/fmriachuelo.it10.com.ar\/index.php\/wp-json\/wp\/v2\/categories?post=15392"},{"taxonomy":"post_tag","embeddable":true,"href":"http:\/\/fmriachuelo.it10.com.ar\/index.php\/wp-json\/wp\/v2\/tags?post=15392"}],"curies":[{"name":"wp","href":"https:\/\/api.w.org\/{rel}","templated":true}]}}