{"id":1539,"date":"2015-12-10T13:08:00","date_gmt":"2015-12-10T13:08:00","guid":{"rendered":"http:\/\/fmriachuelo.observatorioess.org.ar\/index.php\/2015\/12\/10\/moreno-buenos-aires-un-nuevo-caso-de-gatillo-facil\/"},"modified":"2015-12-10T13:08:00","modified_gmt":"2015-12-10T13:08:00","slug":"moreno-buenos-aires-un-nuevo-caso-de-gatillo-facil","status":"publish","type":"post","link":"http:\/\/fmriachuelo.it10.com.ar\/index.php\/2015\/12\/10\/moreno-buenos-aires-un-nuevo-caso-de-gatillo-facil\/","title":{"rendered":"MORENO, BUENOS AIRES: UN NUEVO CASO DE GATILLO F\u00c1CIL"},"content":{"rendered":"<div><span><span style=\"color: red;font-size: large\"><b>NI UNO MENOS, NI UNA MENOS<\/b><\/span><\/span><\/div>\n<p><span>REPRODUCIMOS COMUNICADO DE PRENSA<br \/>Moreno, 8 de diciembre de 2015<\/span><\/p>\n<div style=\"text-align: justify\"><span>La ma\u00f1ana de ayer nos desayunamos con la amarga noticia de una muerte absurda en nuestro barrio. Ezequiel, \u201cTete\u201d como tod@s lo conoc\u00edamos, perdi\u00f3 la vida despu\u00e9s de recibir un balazo por la espalda por el sereno de la Ex Planta del Laboratorio Pfizer, ubicado en el barrio morenense que lleva su nombre. Un grupo de pibes caminando de madrugada por la calle lindera a la planta bastaron para que la seguridad privada dispare y se lleve una de esas vidas.<\/span><\/div>\n<p><span><\/p>\n<div style=\"text-align: justify\"><a name='more'><\/a><\/div>\n<div style=\"text-align: justify\">Ante esto que hoy nos toca vivir, nosotr@s queremos tomar postura y brindar nuestra mirada al respecto.<\/div>\n<div style=\"text-align: justify\">Muchas cosas se han dicho a lo largo del d\u00eda, desde \u201cmataron a un pibito chorro\u201d, \u201ctenemos uno menos\u201d hasta un \u201cque baj\u00f3n para la familia, se le muri\u00f3 su pibe\u201d, pero para nosotr@s es mucho m\u00e1s que eso. Pretendemos desnaturalizar la violencia en la que vivimos, no solo expresadas y contadas en p\u00e9rdidas de vidas, sino tambi\u00e9n en la violencia en la que viven y crecen nuestr@s pib@s.<\/div>\n<div style=\"text-align: justify\">Hay que realizar un esfuerzo y hacer uso de una memoria activa, recordar sus historias de vida. Porque Tete es un caso m\u00e1s entre cientos de nuestros barrios. La sistem\u00e1tica vulneraci\u00f3n de derechos, tambi\u00e9n es violencia: No contar con una plaza, un espacio donde expresarnos, relacionarnos, jugar, aprender; ir a una escuela que se cae a pedazos, donde abundan Netbooks pero faltan mesas donde apoyarlas, donde existe el acceso libre a la droga que busquen, las lluvias que nos dejan a la expectativa de otra posible inundaci\u00f3n, el PEC del programa SEDRONAR que est\u00e1 vac\u00edo y con nuestros pib@s consumiendo en la puerta, y todos los hechos que suceden a nuestro alrededor con responsabilidad directa de las instituciones del estado. No debemos dejar que estos hechos sean parte com\u00fan de la cotidianeidad de nuestros barrios, que en consecuencia expulsa a nuestros ni\u00f1os, ni\u00f1as y j\u00f3venes de todo \u00e1mbito, ya desde la escuela primaria. Si nos acercamos a la escuela del barrio nos encontramos con 6 pibes en un aula de primer grado!<\/div>\n<div style=\"text-align: justify\">Debemos dejar de estigmatizarlos por su forma de vestir, por sus modos de relacionarse y hasta por la m\u00fasica que eligen. Estas caracter\u00edsticas NO deben delimitar a nuestros pibes, porque si nosotros tambien los encasillamos estamos contribuyendo a la exclusi\u00f3n que nos preocupa.<\/div>\n<div style=\"text-align: justify\">Las balas las reciben nuestr@s pib@s, l@s de barrio pobre, l@s de visera, l@s de ropa deportiva.<\/div>\n<div style=\"text-align: justify\">Nos queda el sabor amargo de no haber podido intervenir y generar alternativas para Tete, esa oportunidad que tod@s nos merecemos. Pero queremos estar presentes para lo que viene, para que no vuelva a pasar, para que la muerte no sea m\u00e1s el futuro de nuestros pib@s.<\/div>\n<div style=\"text-align: justify\">De este hecho surge la necesidad de una reflexi\u00f3n conjunta de tod@s sobre la sucesi\u00f3n de falencias y necesidades que nos rodean y que hoy nos encuentra lamentando la muerte de Tete.<\/div>\n<div style=\"text-align: justify\"><span style=\"color: red\"><b>\u00a1Justicia por Tete!<\/b><\/span><\/div>\n<div style=\"text-align: justify\"><span style=\"color: red\"><b>\u00a1Justicia por tod@s nuestr@s pib@s v\u00edctimas del gatillo f\u00e1cil!<\/b><\/span><\/div>\n<div style=\"text-align: justify\"><span style=\"color: red\"><b>\u00a1Justicia por tod@s nuestr@s pib@s v\u00edctimas de un sistema que los expulsa y los condena d\u00eda a d\u00eda!<\/b><\/span><\/div>\n<div style=\"text-align: justify\">MURGA AY CARAMBA QUE BARANDA<br \/>Pfizer y 3 de Diciembre<\/div>\n<div style=\"text-align: justify\"><span style=\"font-size: x-small\">Adhesiones: adhesionesniunpibemenos@gmail.com<\/span><\/div>\n<div style=\"text-align: justify\"><span style=\"font-size: x-small\">Contacto:<\/span><\/div>\n<div style=\"text-align: justify\"><span style=\"font-size: x-small\">Roc\u00edo (011)15-3217-3879<\/span><\/div>\n<p><\/span><\/p>\n","protected":false},"excerpt":{"rendered":"<p>NI UNO MENOS, NI UNA MENOS REPRODUCIMOS COMUNICADO DE PRENSAMoreno, 8 de diciembre de 2015 La ma\u00f1ana de ayer nos desayunamos con la amarga noticia de una muerte absurda en nuestro barrio. Ezequiel, \u201cTete\u201d como tod@s lo conoc\u00edamos, perdi\u00f3 la vida despu\u00e9s de recibir un balazo por la espalda por el sereno de la Ex [&hellip;]<\/p>\n","protected":false},"author":4,"featured_media":0,"comment_status":"open","ping_status":"open","sticky":false,"template":"","format":"standard","meta":{"_monsterinsights_skip_tracking":false,"_monsterinsights_sitenote_active":false,"_monsterinsights_sitenote_note":"","_monsterinsights_sitenote_category":0,"jnews-multi-image_gallery":[],"jnews_single_post":[],"jnews_primary_category":[],"_joinchat":[],"footnotes":""},"categories":[1],"tags":[],"class_list":["post-1539","post","type-post","status-publish","format-standard","hentry","category-habitat"],"_links":{"self":[{"href":"http:\/\/fmriachuelo.it10.com.ar\/index.php\/wp-json\/wp\/v2\/posts\/1539","targetHints":{"allow":["GET"]}}],"collection":[{"href":"http:\/\/fmriachuelo.it10.com.ar\/index.php\/wp-json\/wp\/v2\/posts"}],"about":[{"href":"http:\/\/fmriachuelo.it10.com.ar\/index.php\/wp-json\/wp\/v2\/types\/post"}],"author":[{"embeddable":true,"href":"http:\/\/fmriachuelo.it10.com.ar\/index.php\/wp-json\/wp\/v2\/users\/4"}],"replies":[{"embeddable":true,"href":"http:\/\/fmriachuelo.it10.com.ar\/index.php\/wp-json\/wp\/v2\/comments?post=1539"}],"version-history":[{"count":0,"href":"http:\/\/fmriachuelo.it10.com.ar\/index.php\/wp-json\/wp\/v2\/posts\/1539\/revisions"}],"wp:attachment":[{"href":"http:\/\/fmriachuelo.it10.com.ar\/index.php\/wp-json\/wp\/v2\/media?parent=1539"}],"wp:term":[{"taxonomy":"category","embeddable":true,"href":"http:\/\/fmriachuelo.it10.com.ar\/index.php\/wp-json\/wp\/v2\/categories?post=1539"},{"taxonomy":"post_tag","embeddable":true,"href":"http:\/\/fmriachuelo.it10.com.ar\/index.php\/wp-json\/wp\/v2\/tags?post=1539"}],"curies":[{"name":"wp","href":"https:\/\/api.w.org\/{rel}","templated":true}]}}