{"id":15384,"date":"2022-04-29T23:43:16","date_gmt":"2022-04-29T23:43:16","guid":{"rendered":"http:\/\/fmriachuelo.com.ar\/?p=15384"},"modified":"2025-04-01T15:33:05","modified_gmt":"2025-04-01T18:33:05","slug":"el-asesino-del-oso-cisneros-se-pasea-nuevamente-por-la-boca-por-la-retaguardia","status":"publish","type":"post","link":"http:\/\/fmriachuelo.it10.com.ar\/index.php\/2022\/04\/29\/el-asesino-del-oso-cisneros-se-pasea-nuevamente-por-la-boca-por-la-retaguardia\/","title":{"rendered":"EL ASESINO DEL OSO CISNEROS SE PASEA NUEVAMENTE POR LA BOCA. Por La Retaguardia."},"content":{"rendered":"<p><strong>[La Retaguardia* 29-04-2022] El 25 de junio de 2004, Juan Carlos Duarte mat\u00f3 al dirigente social Mart\u00edn \u201cOso\u201d Cisneros en la calle Olavarr\u00eda, en el barrio porte\u00f1o de La Boca. All\u00ed hubo una protesta social que deriv\u00f3 en la toma de la Comisar\u00eda 24, por la que fue condenado Luis D\u2019El\u00eda. Duarte tambi\u00e9n fue condenado por la Justicia, pero est\u00e1 con libertad condicional. Fue visto hace d\u00edas en el barrio de La Boca nuevamente. Para los vecinos y vecinas significa un peligro latente. Lito Borello, secretario de Derechos Humanos de la Uni\u00f3n de Trabajadores y Trabajadoras de la Econom\u00eda Popular (UTEP), tambi\u00e9n referente de la Organizaci\u00f3n Los Pibes, pas\u00f3 por el programa radial La Retaguardia.<\/strong><\/p>\n<p><strong><em>\u2014\u00bfC\u00f3mo est\u00e1n viviendo esta situaci\u00f3n de la vuelta de Duarte al barrio?\u00a0<\/em>\u00a0<\/strong><\/p>\n<p>\u2014Juan Carlos Duarte es esa mano de obra que suele usar la polic\u00eda, y tambi\u00e9n detr\u00e1s de la polic\u00eda, la pol\u00edtica, para generar hechos como el asesinato de Mart\u00edn, uno de los dirigentes principales de una organizaci\u00f3n popular, de un movimiento popular, que en las \u00faltimas d\u00e9cadas viene jugando un papel protag\u00f3nico en el hacer de la pol\u00edtica. No solamente, como a muchos les gusta elegir decir maliciosamente, solamente haciendo asistencia social. Y por eso es tan significativo como cada vez que hay situaciones, que nunca son circunscritas solamente al barrio de La Boca, sino cuanto menos, situaciones nacionales, aparecen estos tipos predispuestos a generar una situaci\u00f3n de miedo generalizado y dem\u00e1s, hechos que tienen que ver con el entorno. Y como bien pasa en el \u00faltimo tiempo, hay una violentizacion de la sociedad, manifiesta en distintas cosas, camufladamente metidas en el f\u00fatbol a prop\u00f3sito, liberando las calles y las barriadas para que el hecho del narcotr\u00e1fico empioje cada vez m\u00e1s nuestros territorios. Una violentizacion en la sociedad que habla m\u00e1s de este sistema, del nuevo tipo de dominaci\u00f3n, como la creaci\u00f3n del caos, como un caldo de cultivo donde el poder f\u00e1ctico act\u00faa de hecho por sobre y encima de la institucionalidad vigente. Y nuevamente ahora en el barrio de La Boca aparece este tipo del que todav\u00eda no tenemos demasiada certeza y que por suerte nos lo advierten los mismos vecinos, que con una vitalidad impresionante nos vinieron a decir que ya hay pegatinas. El barrio de La Boca tiene, como muchos lugares populares, una capacidad de resignificar cada una de sus peleas y no olvidarlas.<\/p>\n<p><strong><em>\u2014Hay ciertos sectores intentando ocultar la importancia de la Memoria. Teniendo en cuenta que el asesinato del Oso Cisneros fue hace casi 18 a\u00f1os, \u00bfc\u00f3mo lo viven las nuevas generaciones a partir de lo que pudieron transmitirles?\u00a0<\/em><\/strong><\/p>\n<p>\u2014Por un lado, las nuevas camadas lamentablemente han ido creciendo en el nivel de falta de credibilidad en la pol\u00edtica oficial. En la pol\u00edtica tal cual la sociedad la asume, porque los movimientos populares tambi\u00e9n hacemos pol\u00edtica, no partidaria. Pero est\u00e1 claro que hay un descr\u00e9dito cada vez mayor a la pol\u00edtica y que hoy, a diferencia del 2001, lo que hay es decenas y decenas m\u00e1s de organizaciones populares que por eso nosotros, a\u00fan en el medio de la situaci\u00f3n ca\u00f3tica y muy mal en el plano de lo econ\u00f3mico y lo social, no creemos ni de casualidad que puede haber un 2001. Sin embargo, s\u00ed es cierto que ha crecido el descr\u00e9dito, que ha crecido la falta de confianza en la \u201cpol\u00edtica profesional\u201d, si quer\u00e9s ponerle un nombre. No quiero usar la palabra \u201ccasta\u201d porque hoy este imaginario de laboratorio como (Javier) Milei, todos estos arquetipos construidos en laboratorios en funci\u00f3n de determinadas operatorias, est\u00e1n usando esta palabra y entonces est\u00e1n jugando mucho con esto. Pero s\u00ed un descr\u00e9dito a la pol\u00edtica profesional, y que hace que el com\u00fan de la sociedad tome distancia. Pero muy lejos de esto, de la apat\u00eda y de la bronca, y de quebrarse e irse a la casa, sucede lo que dice a veces Francisco: los pueblos ya no esperan, se unen, organizan y luchan. Y por eso, quienes estamos en los movimientos populares tenemos un optimismo y una renovada esperanza en que, de abajo y desde adentro, los movimientos populares vienen regenerando el tejido y generando un nivel en autonom\u00eda, que van ganando en autogesti\u00f3n y que, aunque por m\u00e1s que quieran ensuciar y que se hagan los que no entienden qu\u00e9 quiere decir la Econom\u00eda Popular, hay un entramado por el que justamente pasan estas cosas. Brota autom\u00e1ticamente la reacci\u00f3n de los vecinos que le sacan una foto a Duarte y arman un volante. En ese sentido hay un reservorio hermoso en el subsuelo de nuestra patria sublevado, que sigue mostrando que se sobrepone a las adversidades y que sigue estando ah\u00ed el caol\u00edn necesario para as\u00ed seguir imaginando procesos revolucionarios y procesos de transformaciones profundas.<\/p>\n<p><strong><em>\u2014De alg\u00fan modo vincul\u00e1s la reaparici\u00f3n de Duarte en barrio de La Boca con la situaci\u00f3n social grave que se est\u00e1 viviendo.\u00a0<\/em><\/strong><\/p>\n<p>\u2014Estamos viviendo un fen\u00f3meno de guerras de nuevo tipo que no son las que conoc\u00edamos en el \u00faltimo tiempo, con nuevos niveles de perversidad y de sofisticaciones, como la guerra de cuarta generaci\u00f3n, la guerra cognitiva, fen\u00f3menos en donde a veces tratan de hacernos tapar. Pero de Ucrania en adelante est\u00e1 claro que intuimos que estamos en medio de una guerra global de los poderosos para saquear los recursos. En el medio de esto han ido avanzando en procesos en donde ya los yanquis no necesitan gobiernos af\u00edn en su patio trasero, sino situaciones de caos, estados fallidos en donde lo que necesitan es una alt\u00edsima volatilidad del poder instituido de la institucionalidad vigente. Y tenemos democracias donde en realidad nos dejan cantar el himno, izar la bandera, pero est\u00e1 claro que el poder f\u00e1ctico de hecho compra a un juez, a un pol\u00edtico, a un gendarme, a un polic\u00eda, y que la letra de la Constituci\u00f3n es letra muerta. Por lo tanto, la situaci\u00f3n de hacer ca\u00f3tica la vida en nuestros territorios va en ese sentido. Va en el sentido en donde es muy dif\u00edcil imaginar que somos iguales ante la ley y entonces est\u00e1 roto el contrato de derecho, est\u00e1 roto el contrato social y estas situaciones facilitan el ejercicio directo del poder f\u00e1ctico, que por sobre cualquier institucionalidad act\u00faa sobre nuestro territorio. Libera la zona. Lo que no lograban los tanques en la dictadura, hoy la miserabilidad que se provoca en nuestros territorios a trav\u00e9s del hambre, a trav\u00e9s de la dificultad para educarse, a trav\u00e9s de la dificultad para acceder a la educaci\u00f3n, violenta a nuestro territorio. Donde la violencia, el delito organizado y el narcotr\u00e1fico terminan infectando a nuestros territorios, y todos sabemos que cuando esto entra en alguna de nuestras familias, afecta a toda la familia y rompe el tejido social. Esta situaci\u00f3n es la que estamos viviendo. Entonces hay como un \u201chacer de cuenta\u201d, donde pareciera que todo funciona, que hay diputados y senadores que votamos cada dos a\u00f1os y que cualquiera puede hacer pol\u00edtica. Esto es una gran mentira. Los pibes te miran y te dicen \u201cQue me quer\u00e9s convencer de que somos iguales ante la ley, a nosotros nos cagan a patadas en el orto simplemente por usar una gorrita\u201d. Y esto va haciendo que lejos de caer en una profunda depresi\u00f3n o pesimismo, nacen y nacen organizaciones populares que, como en toda Am\u00e9rica Latina, van ocupando un papel que se empieza por la reivindicaci\u00f3n social, pero juega un rol claramente pol\u00edtico. Porque como dijo Francisco al lado de Evo Morales, este sistema no da m\u00e1s y es imprescindible construir otro mundo posible.<\/p>\n<p><strong>\u2014Cualquiera de\u00a0<em>las variantes partidarias que uno puede ver hacia adelante con perspectivas de poder est\u00e1 mucho m\u00e1s a la derecha, \u00bfc\u00f3mo se concilia eso con la\u00a0 esperanza que vos intent\u00e1s plasmar?\u00a0<\/em><\/strong><\/p>\n<p>\u2014Pareciera que tratar de entender a nuestro enemigo ayuda bastante. Esto de las guerras integrales es una de las cosas a las que se le pone mucho \u00e9nfasis justamente con instrumentos como los comunicacionales. Es tratar de quebrar la voluntad de lucha y entrar en pesimismo. Como ya no nos pueden convencer que son buenos, entonces lo que nos tratan de construir es un enemigo invulnerable. Como a veces nos dicen, a aquellos que militamos, en nuestros entornos familiares: \u201c\u00bfPero qu\u00e9 vas a cambiar el mundo vos solo?\u201d. Es una construcci\u00f3n de sentido que habla mucho de quebrar la voluntad de lucha de nuestro pueblo. Nosotros vemos que muy por encima de la situaci\u00f3n compleja, esto es parte de la construcci\u00f3n de la pol\u00edtica del enemigo, de un nuevo modelo de dominaci\u00f3n en donde nos hacen la cabeza. Les sugiero que lean sobre guerras cognitivas, en donde ya empieza a generar sentido nuestra cabeza para que pensemos como le conviene al enemigo. Para esto no hay m\u00e1s salida que construir otro mundo posible. No es elegir al menos malo, porque sino tambi\u00e9n algunos nos tratan de convencer, desde el progresismo, que mejor elijamos uno menos malo, y entonces nos tratan de meter en la pelea sobre si China, si Rusia, si Estados Unidos. En el marco del capitalismo no hay salida, hay que construir sociedades que merezcan ser vividas, que se viva fraternalmente y que de verdad nos permitan recuperar un proyecto de vida. Ante el proyecto de muerte del capitalismo solamente hay salida en un proyecto de vida. Se llame socialismo del siglo XXI, socialismo comunitario, se llame buen vivir, Patria Peronista, Pueblo de Cristo. En el marco del capitalismo no hay salida, por lo tanto la verdad es que hay que recobrar nuestra esperanza, entender que nos tenemos que organizar en los territorios, que la pol\u00edtica electoral no es m\u00e1s que una farsa que hace de cuenta que hace 40 a\u00f1os tenemos democracia, pero la asimetr\u00eda entre los que tienen y los que no tienen cada d\u00eda sigue creciendo. Y, por lo tanto, meterse a creer que la pol\u00edtica no es solamente el armado de una lista o si viene uno o el otro, si Cristina (Fern\u00e1ndez de Kirchner) o si Alberto Fern\u00e1ndez, sino generar un proceso de una nueva geometr\u00eda del poder, sociedades que de verdad sean mucho m\u00e1s democr\u00e1ticas en el sentido horizontal, un nivel de participaci\u00f3n que no tiene que ver con si metemos uno nuestro, sino si empieza a haber un entramado: aquello que el peronismo dec\u00eda \u201ccomunidad organizada\u201d para ir a un imaginario que todos conocemos. Entonces \u00bfqu\u00e9 pas\u00f3?, no apareci\u00f3 solamente el Gordo (Duarte): el pueblo de La Boca, los compa\u00f1eros, los vecinos, ese inmenso universo, reaccion\u00f3 r\u00e1pidamente. Como grita la UTEP: \u201cAc\u00e1 no se rinde nadie\u201d. Y que no se crean que nos van a convencer y nos van a meter en la pel\u00edcula de Pimpinela, \u201csi ella o \u00e9l\u201d, porque ac\u00e1 si no hay organizaci\u00f3n popular, si los trabajadores no son la columna vertebral, no hay proceso de transformaci\u00f3n.<\/p>\n<p>*\u00a0<strong>Entrevista:\u00a0Fernando Tebele\/Pedro Ram\u00edrez Otero.\u00a0Redacci\u00f3n:\u00a0Pedro Ram\u00edrez Otero.\u00a0Edici\u00f3n:\u00a0Fernando Tebele.\u00a0<\/strong><\/p>\n<p><strong><a href=\"https:\/\/laretaguardia.com.ar\/2022\/04\/el-asesino-del-oso-cisneros-se-pasea-nuevamente-por-la-boca%ef%bf%bc.html\">https:\/\/laretaguardia.com.ar\/2022\/04\/el-asesino-del-oso-cisneros-se-pasea-nuevamente-por-la-boca%ef%bf%bc.html<\/a><\/strong><\/p>\n","protected":false},"excerpt":{"rendered":"<p>[La Retaguardia* 29-04-2022] El 25 de junio de 2004, Juan Carlos Duarte mat\u00f3 al dirigente social Mart\u00edn \u201cOso\u201d Cisneros en la calle Olavarr\u00eda, en el barrio porte\u00f1o de La Boca. All\u00ed hubo una protesta social que deriv\u00f3 en la toma de la Comisar\u00eda 24, por la que fue condenado Luis D\u2019El\u00eda. Duarte tambi\u00e9n fue condenado [&hellip;]<\/p>\n","protected":false},"author":5,"featured_media":15386,"comment_status":"closed","ping_status":"closed","sticky":false,"template":"","format":"standard","meta":{"_monsterinsights_skip_tracking":false,"_monsterinsights_sitenote_active":false,"_monsterinsights_sitenote_note":"","_monsterinsights_sitenote_category":0,"jnews-multi-image_gallery":[],"jnews_single_post":{"format":"standard"},"jnews_primary_category":[],"_joinchat":[],"footnotes":""},"categories":[58],"tags":[160,119],"class_list":["post-15384","post","type-post","status-publish","format-standard","has-post-thumbnail","hentry","category-noticiariachuelo","tag-comunicacion-popular-2","tag-derechos-humanos"],"_links":{"self":[{"href":"http:\/\/fmriachuelo.it10.com.ar\/index.php\/wp-json\/wp\/v2\/posts\/15384","targetHints":{"allow":["GET"]}}],"collection":[{"href":"http:\/\/fmriachuelo.it10.com.ar\/index.php\/wp-json\/wp\/v2\/posts"}],"about":[{"href":"http:\/\/fmriachuelo.it10.com.ar\/index.php\/wp-json\/wp\/v2\/types\/post"}],"author":[{"embeddable":true,"href":"http:\/\/fmriachuelo.it10.com.ar\/index.php\/wp-json\/wp\/v2\/users\/5"}],"replies":[{"embeddable":true,"href":"http:\/\/fmriachuelo.it10.com.ar\/index.php\/wp-json\/wp\/v2\/comments?post=15384"}],"version-history":[{"count":1,"href":"http:\/\/fmriachuelo.it10.com.ar\/index.php\/wp-json\/wp\/v2\/posts\/15384\/revisions"}],"predecessor-version":[{"id":22230,"href":"http:\/\/fmriachuelo.it10.com.ar\/index.php\/wp-json\/wp\/v2\/posts\/15384\/revisions\/22230"}],"wp:featuredmedia":[{"embeddable":true,"href":"http:\/\/fmriachuelo.it10.com.ar\/index.php\/wp-json\/"}],"wp:attachment":[{"href":"http:\/\/fmriachuelo.it10.com.ar\/index.php\/wp-json\/wp\/v2\/media?parent=15384"}],"wp:term":[{"taxonomy":"category","embeddable":true,"href":"http:\/\/fmriachuelo.it10.com.ar\/index.php\/wp-json\/wp\/v2\/categories?post=15384"},{"taxonomy":"post_tag","embeddable":true,"href":"http:\/\/fmriachuelo.it10.com.ar\/index.php\/wp-json\/wp\/v2\/tags?post=15384"}],"curies":[{"name":"wp","href":"https:\/\/api.w.org\/{rel}","templated":true}]}}