{"id":1538,"date":"2015-12-10T13:16:00","date_gmt":"2015-12-10T13:16:00","guid":{"rendered":"http:\/\/fmriachuelo.observatorioess.org.ar\/index.php\/2015\/12\/10\/10-de-diciembre-se-conmemora-el-dia-internacional-de-los-derechos-humanos\/"},"modified":"2015-12-10T13:16:00","modified_gmt":"2015-12-10T13:16:00","slug":"10-de-diciembre-se-conmemora-el-dia-internacional-de-los-derechos-humanos","status":"publish","type":"post","link":"http:\/\/fmriachuelo.it10.com.ar\/index.php\/2015\/12\/10\/10-de-diciembre-se-conmemora-el-dia-internacional-de-los-derechos-humanos\/","title":{"rendered":"10 DE DICIEMBRE: SE CONMEMORA EL D\u00cdA INTERNACIONAL DE LOS DERECHOS HUMANOS"},"content":{"rendered":"<div><span><b>CON DERECHOS<\/b><\/span><\/div>\n<p><span>CUBA Y SU COMPROMISO CON LA DEFENSA DE LOS DERECHOS HUMANOS<\/span><\/p>\n<div>\n<div style=\"clear: both;text-align: center\"><span><span style=\"background-color: white;font-size: 14px\"><a href=\"http:\/\/2.bp.blogspot.com\/-w1BjKFiWur0\/Vml6rjOy4xI\/AAAAAAAAHkI\/L2jeIx8o-yo\/s1600\/cubanos-ninos-derechos-humanos-foto-yaciel-pena.jpg\" style=\"clear: left;float: left;margin-bottom: 1em;margin-right: 1em\"><img loading=\"lazy\" decoding=\"async\" border=\"0\" height=\"156\" src=\"http:\/\/2.bp.blogspot.com\/-w1BjKFiWur0\/Vml6rjOy4xI\/AAAAAAAAHkI\/L2jeIx8o-yo\/s200\/cubanos-ninos-derechos-humanos-foto-yaciel-pena.jpg\" width=\"200\" \/><\/a><\/span><\/span><\/div>\n<p><span><span style=\"background-color: white;font-size: 14px\"><\/span><\/span><\/div>\n<div>\n<div style=\"text-align: justify\"><span><span>[Radio Rebelde] El 10 de diciembre de 1948, surgi\u00f3 la Declaraci\u00f3n Universal de los Derechos Humanos, en cuyo primer art\u00edculo se lee:\u201cTodos los seres humanos nacen libres e iguales en dignidad y derechos y, dotados como est\u00e1n de raz\u00f3n y conciencia, deben comportarse fraternalmente los unos con los otros\u201d<span>.<\/span><\/span><\/span><\/div>\n<p><a name='more'><\/a><span>Lamentablemente, despu\u00e9s de todas estas d\u00e9cadas, sus postulados todav\u00eda son un sue\u00f1o irrealizable, pues se le ha negado a la humanidad el derecho a vivir en paz y prosperidad.<\/span><\/div>\n<p><span><\/span><\/p>\n<div style=\"text-align: justify\"><\/div>\n<p><span><\/p>\n<div style=\"text-align: justify\">El disfrute pleno de los derechos humanos contin\u00faa siendo una utop\u00eda para millones de personas, como afirm\u00f3 el Presidente cubano Ra\u00fal Castro Ruz, en ocasi\u00f3n del aniversario 70 de la Organizaci\u00f3n de Naciones Unidas, el pasado mes de septiembre: \u201cEs inaceptable la militarizaci\u00f3n del ciberespacio y el empleo encubierto e ilegal de las tecnolog\u00edas de la informaci\u00f3n y las comunicaciones para agredir a otros Estados, como tambi\u00e9n lo es que se distorsione la promoci\u00f3n y protecci\u00f3n de los derechos humanos, utiliz\u00e1ndolos de forma selectiva y discriminatoria para validar e imponer decisiones pol\u00edticas\u201d.<\/div>\n<div style=\"text-align: justify\"><\/div>\n<div style=\"text-align: justify\">El discurso del Presidente Cubano Ra\u00fal Castro, durante la conmemoraci\u00f3n del aniversario 70 de la Organizaci\u00f3n de Naciones Unidas, despert\u00f3 conciencia acerca del panorama internacional; y ratific\u00f3 el compromiso de Cuba con la defensa de los derechos humanos, no s\u00f3lo de sus ciudadanos, sino de otros pueblos del mundo.<\/div>\n<div style=\"text-align: justify\"><\/div>\n<div style=\"text-align: justify\">A pesar de sus carencias y dificultades, Cuba impuls\u00f3 el proyecto de cooperaci\u00f3n conocido como \u201cOperaci\u00f3n Milagro\u201d, que ha realizado cirug\u00edas oftalmol\u00f3gicas gratuitas a m\u00e1s de tres millones de personas de una treintena de pa\u00edses.<\/div>\n<div style=\"text-align: justify\">Hoy, m\u00e1s de 50 mil cooperantes de la salud prestan servicios en numerosos estados de casi todos los continentes. Y qu\u00e9 decir de los colaboradores voluntarios y especializados de la Brigada M\u00e9dica \u201cHenry Reeve\u201d, quienes partieron a combatir el virus del \u00e9bola en \u00c1frica, en las regiones m\u00e1s afectadas.&nbsp;<\/div>\n<div style=\"text-align: justify\"><\/div>\n<div style=\"text-align: justify\">Asimismo, en varios pa\u00edses de Am\u00e9rica Latina y el Caribe se han graduado 9 millones de personas con el programa de alfabetizaci\u00f3n \u201cYo s\u00ed puedo\u201d; y mucho m\u00e1s de un mill\u00f3n mediante el programa de continuidad \u201cYo s\u00ed puedo seguir\u201d.<\/div>\n<div style=\"text-align: justify\"><\/div>\n<div style=\"text-align: justify\">En medio de estas contribuciones a las naciones de Am\u00e9rica Latina, el Caribe, \u00c1frica, y otras partes del mundo, Cuba contin\u00faa enfrentando la pol\u00edtica de bloqueo que durante m\u00e1s de 50 a\u00f1os le ha impuesto el Gobierno de Estados Unidos, lo que constituye una violaci\u00f3n grave y sistem\u00e1tica de los derechos humanos del pueblo cubano.<\/div>\n<div style=\"text-align: justify\"><\/div>\n<div style=\"text-align: justify\">Pero el peque\u00f1o pa\u00eds no se detiene. Todos los ciudadanos acceden sin discriminaci\u00f3n a la prestaci\u00f3n de servicios b\u00e1sicos como la educaci\u00f3n, la salud, la asistencia y la seguridad social.&nbsp;<\/div>\n<div style=\"text-align: justify\"><\/div>\n<div style=\"text-align: justify\">Cuba cuenta con indicadores de salud similares a los de los pa\u00edses desarrollados. La educaci\u00f3n tiene car\u00e1cter universal y es gratuita en todos los niveles de ense\u00f1anza.&nbsp;<\/div>\n<div style=\"text-align: justify\"><\/div>\n<div style=\"text-align: justify\">Pero, tambi\u00e9n la Isla exhibe un amplio historial en materia de cooperaci\u00f3n con todos los mecanismos de derechos humanos que se aplican sobre bases universales y no discriminatorias.<\/div>\n<div style=\"text-align: justify\"><\/div>\n<div style=\"text-align: justify\">Cuba ha ratificado 43 instrumentos internacionales en la materia. La elecci\u00f3n del pa\u00eds como miembro del Consejo de Derechos Humanos para el per\u00edodo 2014-2016, demuestra el prestigio alcanzado en este \u00e1mbito.&nbsp;<\/div>\n<div style=\"text-align: justify\"><\/div>\n<div style=\"text-align: justify\">En el complejo escenario global, las cifras son alarmantes: 842 millones de personas padecen hambre en el mundo; 774 millones de adultos son analfabetos y 6 millones de ni\u00f1os mueren cada a\u00f1o por enfermedades prevenibles.&nbsp;<\/div>\n<div style=\"text-align: justify\"><\/div>\n<div style=\"text-align: justify\">Ellos, como resultado de un orden internacional excluyente, injusto y desigual, no forman parte de la particular visi\u00f3n de los pa\u00edses del Norte sobre los derechos humanos y las libertades fundamentales.<\/div>\n<div style=\"text-align: justify\">Entretanto, Cuba sigue comprometida con una genuina cooperaci\u00f3n internacional sustentada en la indivisibilidad de los derechos humanos, la no selectividad y la no politizaci\u00f3n.&nbsp;<\/div>\n<div style=\"text-align: justify\"><\/div>\n<div style=\"text-align: justify\">Los representantes del Gobierno en la Isla han ratificado que la naci\u00f3n continuar\u00e1 respaldando la lucha por establecer un orden internacional m\u00e1s justo, democr\u00e1tico y equitativo que elimine los obst\u00e1culos a los esfuerzos nacionales para la realizaci\u00f3n de todos los derechos humanos.<\/div>\n<div style=\"text-align: justify\"><\/div>\n<div style=\"text-align: justify\">Manipulada y tergiversada por las transnacionales de la informaci\u00f3n, la realidad de Cuba ha podido sortear escollos para mostrar la obra y los desaf\u00edos de la naci\u00f3n en el \u00e1mbito de las garant\u00edas fundamentales.<\/div>\n<div style=\"text-align: justify\"><\/div>\n<div style=\"text-align: justify\">La obra cubana en materia de derechos humanos tiene amplio reconocimiento internacional, a pesar de que sucesivos gobiernos estadounidenses y sus mercenarios dentro y fuera del pa\u00eds, han tratado de presentar una imagen diferente.<\/div>\n<div style=\"text-align: justify\"><\/div>\n<div style=\"text-align: justify\">Siempre asediada y agredida, Cuba ha reiterado en las m\u00e1s adversas circunstancias su compromiso con la defensa de los derechos humanos de su pueblo y de otras naciones del mundo.<\/div>\n<p><\/span><\/p>\n","protected":false},"excerpt":{"rendered":"<p>CON DERECHOS CUBA Y SU COMPROMISO CON LA DEFENSA DE LOS DERECHOS HUMANOS [Radio Rebelde] El 10 de diciembre de 1948, surgi\u00f3 la Declaraci\u00f3n Universal de los Derechos Humanos, en cuyo primer art\u00edculo se lee:\u201cTodos los seres humanos nacen libres e iguales en dignidad y derechos y, dotados como est\u00e1n de raz\u00f3n y conciencia, deben [&hellip;]<\/p>\n","protected":false},"author":4,"featured_media":0,"comment_status":"open","ping_status":"open","sticky":false,"template":"","format":"standard","meta":{"_monsterinsights_skip_tracking":false,"_monsterinsights_sitenote_active":false,"_monsterinsights_sitenote_note":"","_monsterinsights_sitenote_category":0,"jnews-multi-image_gallery":[],"jnews_single_post":[],"jnews_primary_category":[],"_joinchat":[],"footnotes":""},"categories":[1],"tags":[],"class_list":["post-1538","post","type-post","status-publish","format-standard","hentry","category-habitat"],"_links":{"self":[{"href":"http:\/\/fmriachuelo.it10.com.ar\/index.php\/wp-json\/wp\/v2\/posts\/1538","targetHints":{"allow":["GET"]}}],"collection":[{"href":"http:\/\/fmriachuelo.it10.com.ar\/index.php\/wp-json\/wp\/v2\/posts"}],"about":[{"href":"http:\/\/fmriachuelo.it10.com.ar\/index.php\/wp-json\/wp\/v2\/types\/post"}],"author":[{"embeddable":true,"href":"http:\/\/fmriachuelo.it10.com.ar\/index.php\/wp-json\/wp\/v2\/users\/4"}],"replies":[{"embeddable":true,"href":"http:\/\/fmriachuelo.it10.com.ar\/index.php\/wp-json\/wp\/v2\/comments?post=1538"}],"version-history":[{"count":0,"href":"http:\/\/fmriachuelo.it10.com.ar\/index.php\/wp-json\/wp\/v2\/posts\/1538\/revisions"}],"wp:attachment":[{"href":"http:\/\/fmriachuelo.it10.com.ar\/index.php\/wp-json\/wp\/v2\/media?parent=1538"}],"wp:term":[{"taxonomy":"category","embeddable":true,"href":"http:\/\/fmriachuelo.it10.com.ar\/index.php\/wp-json\/wp\/v2\/categories?post=1538"},{"taxonomy":"post_tag","embeddable":true,"href":"http:\/\/fmriachuelo.it10.com.ar\/index.php\/wp-json\/wp\/v2\/tags?post=1538"}],"curies":[{"name":"wp","href":"https:\/\/api.w.org\/{rel}","templated":true}]}}