{"id":1535,"date":"2015-12-11T18:18:00","date_gmt":"2015-12-11T18:18:00","guid":{"rendered":"http:\/\/fmriachuelo.observatorioess.org.ar\/index.php\/2015\/12\/11\/encuentro-de-los-pueblos-en-plaza-de-mayo\/"},"modified":"2015-12-11T18:18:00","modified_gmt":"2015-12-11T18:18:00","slug":"encuentro-de-los-pueblos-en-plaza-de-mayo","status":"publish","type":"post","link":"http:\/\/fmriachuelo.it10.com.ar\/index.php\/2015\/12\/11\/encuentro-de-los-pueblos-en-plaza-de-mayo\/","title":{"rendered":"ENCUENTRO DE LOS PUEBLOS EN PLAZA DE MAYO"},"content":{"rendered":"<p><span><\/span><\/p>\n<div style=\"text-align: justify\"><span><span style=\"font-size: large\"><span style=\"color: red\"><b>NUEVAMENTE EL PUEBLO EN LA CALLE <\/b><\/span><\/span><\/span><br \/><a href=\"http:\/\/3.bp.blogspot.com\/-s6DCbdsJ58M\/VmsSgH2u6II\/AAAAAAAAHk4\/q2mIF8OcAcY\/s1600\/ENC%2BPUEBLOS.jpg\" style=\"clear: left;float: left;margin-bottom: 1em;margin-right: 1em\"><img loading=\"lazy\" decoding=\"async\" border=\"0\" height=\"138\" src=\"http:\/\/3.bp.blogspot.com\/-s6DCbdsJ58M\/VmsSgH2u6II\/AAAAAAAAHk4\/q2mIF8OcAcY\/s200\/ENC%2BPUEBLOS.jpg\" width=\"200\" \/><\/a><span>[Resumen Latinoamericano \/ 10 de diciembre de 2015] El 12 de diciembre, dos d\u00edas despu\u00e9s de la asunci\u00f3n del nuevo gobierno, un conjunto de m\u00e1s de 100 organizaciones populares, colectivos, comunidades de pueblos originarios y diversas expresiones del campo popular nos reuniremos en Plaza de Mayo para el 1er Encuentro de los Pueblos. Durante todo el d\u00eda nos reuniremos para debatir y constituir un programa popular para la vida digna, que contenga la diversidad de pueblos y culturas.<\/span><br \/><a name='more'><\/a><span>Llegar\u00e1n de todas las provincias para encontrarnos en Plaza de Mayo y decirle al Gobierno que asume cu\u00e1l es el piso que no toleraremos que avasallen y cu\u00e1l es el programa por el que saldremos a ocupar las calles cada vez que nuestras voces no sean escuchadas.<\/span><\/div>\n<p><span> <\/p>\n<div style=\"text-align: justify\"><span style=\"font-size: x-small\">Contactos de Prensa:<\/span><\/div>\n<div style=\"text-align: justify\"><span style=\"font-size: x-small\">Rafael Klejzer: 1135849597<\/span><\/div>\n<div style=\"text-align: justify\"><span style=\"font-size: x-small\">Relmu \u00d1amku (Neuqu\u00e9n): 2995323840<\/span><\/div>\n<div style=\"text-align: justify\"><\/div>\n<div style=\"text-align: justify\">El resultado de las \u00faltimas elecciones termin\u00f3 de consolidar lo que para muchos constituye el peor de los escenarios posible. Frente al umbral de una etapa todav\u00eda incierta ya podemos vislumbrar algunos signos en la coyuntura que anticipan el tono de lo que se avecina. En este contexto el mayor riesgo es el de la inmovilidad. Es el momento de unificar y desplegar a\u00fan m\u00e1s nuestra creatividad, nuestras iniciativas y deseos en un proyecto alternativo de sociedad.<\/div>\n<p><\/span><\/p>\n","protected":false},"excerpt":{"rendered":"<p>NUEVAMENTE EL PUEBLO EN LA CALLE [Resumen Latinoamericano \/ 10 de diciembre de 2015] El 12 de diciembre, dos d\u00edas despu\u00e9s de la asunci\u00f3n del nuevo gobierno, un conjunto de m\u00e1s de 100 organizaciones populares, colectivos, comunidades de pueblos originarios y diversas expresiones del campo popular nos reuniremos en Plaza de Mayo para el 1er [&hellip;]<\/p>\n","protected":false},"author":4,"featured_media":0,"comment_status":"open","ping_status":"open","sticky":false,"template":"","format":"standard","meta":{"_monsterinsights_skip_tracking":false,"_monsterinsights_sitenote_active":false,"_monsterinsights_sitenote_note":"","_monsterinsights_sitenote_category":0,"jnews-multi-image_gallery":[],"jnews_single_post":[],"jnews_primary_category":[],"_joinchat":[],"footnotes":""},"categories":[78,109,74,77,75],"tags":[],"class_list":["post-1535","post","type-post","status-publish","format-standard","hentry","category-economia-popular","category-salud","category-san-cayetano","category-soberania","category-trabajo"],"_links":{"self":[{"href":"http:\/\/fmriachuelo.it10.com.ar\/index.php\/wp-json\/wp\/v2\/posts\/1535","targetHints":{"allow":["GET"]}}],"collection":[{"href":"http:\/\/fmriachuelo.it10.com.ar\/index.php\/wp-json\/wp\/v2\/posts"}],"about":[{"href":"http:\/\/fmriachuelo.it10.com.ar\/index.php\/wp-json\/wp\/v2\/types\/post"}],"author":[{"embeddable":true,"href":"http:\/\/fmriachuelo.it10.com.ar\/index.php\/wp-json\/wp\/v2\/users\/4"}],"replies":[{"embeddable":true,"href":"http:\/\/fmriachuelo.it10.com.ar\/index.php\/wp-json\/wp\/v2\/comments?post=1535"}],"version-history":[{"count":0,"href":"http:\/\/fmriachuelo.it10.com.ar\/index.php\/wp-json\/wp\/v2\/posts\/1535\/revisions"}],"wp:attachment":[{"href":"http:\/\/fmriachuelo.it10.com.ar\/index.php\/wp-json\/wp\/v2\/media?parent=1535"}],"wp:term":[{"taxonomy":"category","embeddable":true,"href":"http:\/\/fmriachuelo.it10.com.ar\/index.php\/wp-json\/wp\/v2\/categories?post=1535"},{"taxonomy":"post_tag","embeddable":true,"href":"http:\/\/fmriachuelo.it10.com.ar\/index.php\/wp-json\/wp\/v2\/tags?post=1535"}],"curies":[{"name":"wp","href":"https:\/\/api.w.org\/{rel}","templated":true}]}}