{"id":1533,"date":"2015-12-13T21:28:00","date_gmt":"2015-12-13T21:28:00","guid":{"rendered":"http:\/\/fmriachuelo.observatorioess.org.ar\/index.php\/2015\/12\/13\/venezuela-reaparecen-los-productos-de-primera-necesidad-faltantes-antes-de-las-elecciones\/"},"modified":"2015-12-13T21:28:00","modified_gmt":"2015-12-13T21:28:00","slug":"venezuela-reaparecen-los-productos-de-primera-necesidad-faltantes-antes-de-las-elecciones","status":"publish","type":"post","link":"http:\/\/fmriachuelo.it10.com.ar\/index.php\/2015\/12\/13\/venezuela-reaparecen-los-productos-de-primera-necesidad-faltantes-antes-de-las-elecciones\/","title":{"rendered":"VENEZUELA: REAPARECEN LOS PRODUCTOS DE PRIMERA NECESIDAD FALTANTES ANTES DE LAS ELECCIONES"},"content":{"rendered":"<p><span>GUERRA ECON\u00d3MICA<\/span><br \/><span><b>POLAR Y HEINZ EN LA MIRA<\/b><\/span><\/p>\n<div style=\"clear: both;text-align: center\"><a href=\"http:\/\/1.bp.blogspot.com\/-m-PqmtOBqyc\/Vm3ib85xP-I\/AAAAAAAAHlg\/hZQ8_wbjJn0\/s1600\/HEINZ.jpg\" style=\"clear: left;float: left;margin-bottom: 1em;margin-right: 1em\"><img loading=\"lazy\" decoding=\"async\" border=\"0\" height=\"200\" src=\"http:\/\/1.bp.blogspot.com\/-m-PqmtOBqyc\/Vm3ib85xP-I\/AAAAAAAAHlg\/hZQ8_wbjJn0\/s200\/HEINZ.jpg\" width=\"112\" \/><\/a><\/div>\n<div style=\"text-align: justify\"><span>A trav\u00e9s de las redes sociales, el pueblo venezolano denuncia la aparici\u00f3n de productos de la cesta b\u00e1sica vencidos en los establecimientos comerciales.<\/span><\/div>\n<p><span><\/span><\/p>\n<div style=\"text-align: justify\"><\/div>\n<p><span><\/p>\n<div style=\"text-align: justify\">Usuarios venezolanos de la red social Twitter denuncian que, luego de las elecciones del pasado 6 de diciembre, comenzaron a aparecer en algunos establecimientos comerciales productos de la canasta b\u00e1sica, varios de ellos vencidos.<\/div>\n<div style=\"text-align: justify\"><\/div>\n<div style=\"text-align: justify\">Los usuarios indican que esta repentina aparici\u00f3n y las fechas de caducidad revelan que no ha habido dificultad en la producci\u00f3n, sino en la distribuci\u00f3n de la mercanc\u00eda, lo que a su vez evidencia la guerra econ\u00f3mica que por mucho tiempo ha denunciado el Gobierno venezolano.<br \/><a name='more'><\/a><\/div>\n<div style=\"text-align: justify\"><\/div>\n<div style=\"text-align: justify\">Los consumidores opinan que la aparici\u00f3n de estos productos en los anaqueles se debe a los resultados electorales que dieron la mayor\u00eda parlamentaria a la oposici\u00f3n el pasado domingo.<\/div>\n<p><\/span><\/p>\n<pre style=\"border: 0px;padding: 0px;vertical-align: baseline\"><div style=\"text-align: justify\"><br \/>A trav\u00e9s de las redes sociales, el pueblo venezolano denuncia la aparici\u00f3n de productos de la cesta b\u00e1sica vencidos en los establecimientos comerciales.<\/div><br \/>Usuarios venezolanos de la red social Twitter&nbsp;denuncian que,&nbsp;luego de las elecciones del pasado 6 de diciembre,&nbsp;comenzaron a aparecer en algunos establecimientos comerciales productos de la canasta b\u00e1sica, varios de ellos vencidos.<br \/><br \/>Los usuarios indican que esta repentina aparici\u00f3n y las fechas de caducidad revelan que no ha habido dificultad en la producci\u00f3n,&nbsp;sino en la distribuci\u00f3n de la mercanc\u00eda, lo que a su vez evidencia la guerra econ\u00f3mica que por mucho tiempo ha denunciado el Gobierno venezolano.<br \/><br \/>Los consumidores opinan que la aparici\u00f3n de estos productos en los anaqueles se debe a&nbsp;los&nbsp;resultados electorales que dieron la mayor\u00eda parlamentaria a la oposici\u00f3n&nbsp;el pasado domingo.<br \/><br \/> Este contenido ha sido publicado originalmente por teleSUR bajo la siguiente direcci\u00f3n: <br \/> <a href=\"http:\/\/www.telesurtv.net\/news\/Venezolanos-responsabilizan-a-Polar-y-Heinz-de-guerra-economica-20151213-0017.html\" style=\"margin: 0px;padding: 0px;text-decoration: none\">http:\/\/www.telesurtv.net\/news\/Venezolanos-responsabilizan-a-Polar-y-Heinz-de-guerra-economica-20151213-0017.html<\/a>. Si piensa hacer uso del mismo, por favor, cite la fuente y coloque un enlace hacia la nota original de donde usted ha tomado este contenido. www.teleSURtv.net<\/pre>\n","protected":false},"excerpt":{"rendered":"<p>GUERRA ECON\u00d3MICAPOLAR Y HEINZ EN LA MIRA A trav\u00e9s de las redes sociales, el pueblo venezolano denuncia la aparici\u00f3n de productos de la cesta b\u00e1sica vencidos en los establecimientos comerciales. Usuarios venezolanos de la red social Twitter denuncian que, luego de las elecciones del pasado 6 de diciembre, comenzaron a aparecer en algunos establecimientos comerciales [&hellip;]<\/p>\n","protected":false},"author":4,"featured_media":0,"comment_status":"open","ping_status":"open","sticky":false,"template":"","format":"standard","meta":{"_monsterinsights_skip_tracking":false,"_monsterinsights_sitenote_active":false,"_monsterinsights_sitenote_note":"","_monsterinsights_sitenote_category":0,"jnews-multi-image_gallery":[],"jnews_single_post":[],"jnews_primary_category":[],"_joinchat":[],"footnotes":""},"categories":[1],"tags":[],"class_list":["post-1533","post","type-post","status-publish","format-standard","hentry","category-habitat"],"_links":{"self":[{"href":"http:\/\/fmriachuelo.it10.com.ar\/index.php\/wp-json\/wp\/v2\/posts\/1533","targetHints":{"allow":["GET"]}}],"collection":[{"href":"http:\/\/fmriachuelo.it10.com.ar\/index.php\/wp-json\/wp\/v2\/posts"}],"about":[{"href":"http:\/\/fmriachuelo.it10.com.ar\/index.php\/wp-json\/wp\/v2\/types\/post"}],"author":[{"embeddable":true,"href":"http:\/\/fmriachuelo.it10.com.ar\/index.php\/wp-json\/wp\/v2\/users\/4"}],"replies":[{"embeddable":true,"href":"http:\/\/fmriachuelo.it10.com.ar\/index.php\/wp-json\/wp\/v2\/comments?post=1533"}],"version-history":[{"count":0,"href":"http:\/\/fmriachuelo.it10.com.ar\/index.php\/wp-json\/wp\/v2\/posts\/1533\/revisions"}],"wp:attachment":[{"href":"http:\/\/fmriachuelo.it10.com.ar\/index.php\/wp-json\/wp\/v2\/media?parent=1533"}],"wp:term":[{"taxonomy":"category","embeddable":true,"href":"http:\/\/fmriachuelo.it10.com.ar\/index.php\/wp-json\/wp\/v2\/categories?post=1533"},{"taxonomy":"post_tag","embeddable":true,"href":"http:\/\/fmriachuelo.it10.com.ar\/index.php\/wp-json\/wp\/v2\/tags?post=1533"}],"curies":[{"name":"wp","href":"https:\/\/api.w.org\/{rel}","templated":true}]}}