{"id":1530,"date":"2015-12-14T16:48:00","date_gmt":"2015-12-14T16:48:00","guid":{"rendered":"http:\/\/fmriachuelo.observatorioess.org.ar\/index.php\/2015\/12\/14\/confederacion-de-trabajadores-de-la-economia-popular-ctep-alcanza-el-esperado-reconocimiento-gremial\/"},"modified":"2015-12-14T16:48:00","modified_gmt":"2015-12-14T16:48:00","slug":"confederacion-de-trabajadores-de-la-economia-popular-ctep-alcanza-el-esperado-reconocimiento-gremial","status":"publish","type":"post","link":"http:\/\/fmriachuelo.it10.com.ar\/index.php\/2015\/12\/14\/confederacion-de-trabajadores-de-la-economia-popular-ctep-alcanza-el-esperado-reconocimiento-gremial\/","title":{"rendered":"CONFEDERACI\u00d3N DE TRABAJADORES DE LA ECONOM\u00cdA POPULAR, CTEP, ALCANZA EL ESPERADO RECONOCIMIENTO GREMIAL"},"content":{"rendered":"<p><span style=\"color: red\"><b><span style=\"font-size: large\"><span style=\"font-family: Verdana,sans-serif\">LOS TRABAJADORES DE LA ECONOM\u00cdA POPULAR SON RECONOCIDOS<\/span><\/span><\/b><\/span><span style=\"color: red\"><span>A \u00daLTIMO MOMENTO Y&nbsp;<\/span><\/span><span style=\"font-family: verdana, sans-serif\">LUEGO DEL ACAMPE DE LA CTEP FRENTE AL MINISTERIO DE TRABAJO<\/span><\/p>\n<div><a href=\"https:\/\/2.bp.blogspot.com\/-hRmPDDfo_X8\/Vm7x8npNUbI\/AAAAAAAAHmw\/CLPl2Cm8bjo\/s1600\/CTEP%2B1.jpg\" style=\"clear: left;float: left;margin-bottom: 1em;margin-right: 1em\"><img loading=\"lazy\" decoding=\"async\" border=\"0\" height=\"82\" src=\"http:\/\/2.bp.blogspot.com\/-hRmPDDfo_X8\/Vm7x8npNUbI\/AAAAAAAAHmw\/CLPl2Cm8bjo\/s200\/CTEP%2B1.jpg\" width=\"200\" \/><\/a><b style=\"background-color: white;color: #444444;font-family: verdana, sans-serif;font-size: 15px;line-height: 21.3px;text-align: center\">Escuch\u00e1 a continuaci\u00f3n los fragmentos de la entrevista a&nbsp;<span style=\"color: #45818e;line-height: 21.3px\">LITO BORELLO<\/span>:<\/b><span><b>&nbsp;<\/b><\/span><br \/><span><b><a href=\"http:\/\/www.mediafire.com\/listen\/dy4o7mskl7sasj5\/12-11-2015_-_CHISPAZO_CON_LITO_BORELLO_SOBRE_CTEP_-_LA_CONQUISTA_ES_QUE_EL_MINISTERIO_HAYA_RECONOCIDO_LA_ECONOMIA_POPULAR.mp3\">LA CONQUISTA ES QUE EL MINISTERIO DE TRABAJO HAYA RECONOCIDO A LA ECONOM\u00cdA POPULAR<\/a><\/b><\/span><br \/><span><b><a href=\"http:\/\/www.mediafire.com\/listen\/f9w8xcliig73xks\/12-11-2015_-_CHISPAZO_CON_LITO_BORELLO_SOBRE_CTEP_-_FESTEJAMOS_PORQUE_SE_GANO_EN_LA_LUCHA.mp3\">FESTEJAMOS PORQUE ES EL RESULTADO DE LA LUCHA<\/a><\/b><\/span><br \/><span><b><a href=\"http:\/\/www.mediafire.com\/listen\/dya9m5jeht8qouo\/12-11-2015_-_CHISPAZO_CON_LITO_BORELLO_SOBRE_CTEP_-_SOBRE_MACRI_Y_LAS_PERSPECTIVAS_POLITICAS_DE_LA_CTEP_Y_EL_CAMPO_POPULAR.mp3\">SOBRE MACRI Y LAS PERSPECTIVAS PARA LA CTEP Y LA ECONOM\u00cdA POPULAR<\/a><\/b><\/span><br \/><span><b><a href=\"http:\/\/www.mediafire.com\/listen\/ep37prv7deh264z\/12-11-2015_-_CHISPAZO_CON_LITO_BORELLO_SOBRE_CTEP_-_LA_MEDIDA_DEL_MIN_ES_CONTRADICTORIA.mp3\">LA MEDIDA DEL MINISTERIO ES CONTRADICTORIA<\/a><\/b><\/span><\/p>\n<div style=\"text-align: justify\"><span>[FMR Domingo 13\/12\/15] El pasado jueves 10 de diciembre, La Confederaci\u00f3n de Trabajadores de la Econom\u00eda Popular (CTEP) difundi\u00f3 un <a href=\"http:\/\/ctepargentina.org\/la-ctep-escribe-un-nuevo-capitulo-en-la-historia-del-movimiento-obrero\/\">comunicado<\/a> en el que dio a conocer la firma de la resoluci\u00f3n n\u00famero 1727\/15 por parte del hoy ex ministro de Trabajo Carlos Tomada en sus \u00faltimas horas de gesti\u00f3n al frente del Ministerio de Trabajo, Empleo y Seguridad Social de la Naci\u00f3n (MTEySS) por la cual se \u201ccre\u00f3 un r\u00e9gimen de agremiaci\u00f3n para los Trabajadores de la Econom\u00eda Popular que finalmente reconoce nuestro derecho a sindicalizarnos\u201d seg\u00fan se expresa en su introducci\u00f3n.<\/span><br \/><a name='more'><\/a><\/div>\n<p><span> <\/span><\/p>\n<div style=\"text-align: justify\"><span>La firma se efectiviz\u00f3 una semana despu\u00e9s del acampe que la CTEP realiz\u00f3 en la puertas de ese Ministerio para exigir su personer\u00eda gremial por la que hace m\u00e1s de tres a\u00f1os viene dando pelea y conversando con esa Cartera, oportunidad en la cual la \u00fanica respuesta recibida por el entonces Ministro Tomada fue un desproporcionado dispositivo policial.<\/span><\/div>\n<p><span><\/span><\/p>\n<div style=\"text-align: justify\"><span>En di\u00e1logo con FM Riachuelo 100.9 LITO BORELLO, Coordinador Nacional la Organizaci\u00f3n Social y Pol\u00edtica Los Pibes y Secretario de Vivienda y H\u00e1bitat de la CTEP, expres\u00f3:<\/span><\/div>\n<p><span><\/span><\/p>\n<div style=\"text-align: justify\"><span>\u201cSeguramente con alg\u00fan compa\u00f1ero del equipo de abogados laboralistas de la CTEP hagamos una lectura m\u00e1s pormenorizada para saber qu\u00e9 tipo de acuerdo se logr\u00f3 (\u2026), lo cierto es que nosotros no tenemos absoluta claridad porque los textos requieren de cierta caracter\u00edstica t\u00e9cnica para leer lo que la legislaci\u00f3n laboral despu\u00e9s quiera justificar.\u201d<\/span><\/div>\n<p><span><\/span><\/p>\n<div style=\"text-align: justify\"><span>\u201cEn todo caso, lo que si hemos logrado es que el Ministerio de Trabajo despu\u00e9s de mucho tiempo de batallar tenga que reconocer que hay una realidad visible, que es palpable y reconocible que son los trabajadores de la econom\u00eda popular. Es decir, ya no se pueden hacer los distra\u00eddos.\u201d<\/span><\/div>\n<p><span><i><\/i><\/span><\/p>\n<div style=\"text-align: justify\"><span><i><i>\u00abDesde la Organizaci\u00f3n Los Pibes festejamos el coraje, la dignidad, la estatura y la convicci\u00f3n de los compa\u00f1eros de la CTEP en salir a pelear y en que en esta \u00faltima marcha, a pocos d\u00edas de terminar el gobierno saliente su gesti\u00f3n, hayamos ido a la puerta a reclamar, a exigir la personer\u00eda gremial para la CTEP. (\u2026), esto es un ba\u00f1o de justeza, de satisfacci\u00f3n y felicitaci\u00f3n a la convicci\u00f3n de la CTEP y a que vamos a seguir peleando (\u2026) tanto la CTEP como los movimientos populares seguiremos con la consigna que venimos levantando desde el 22 (de noviembre) a las 18 y un minuto: ac\u00e1 no se rinde nadie, vamos a seguir luchando hasta vencer.\u00bb<\/i><\/i><\/span><\/div>\n<p><span><i><\/i><\/span><\/div>\n","protected":false},"excerpt":{"rendered":"<p>LOS TRABAJADORES DE LA ECONOM\u00cdA POPULAR SON RECONOCIDOSA \u00daLTIMO MOMENTO Y&nbsp;LUEGO DEL ACAMPE DE LA CTEP FRENTE AL MINISTERIO DE TRABAJO Escuch\u00e1 a continuaci\u00f3n los fragmentos de la entrevista a&nbsp;LITO BORELLO:&nbsp;LA CONQUISTA ES QUE EL MINISTERIO DE TRABAJO HAYA RECONOCIDO A LA ECONOM\u00cdA POPULARFESTEJAMOS PORQUE ES EL RESULTADO DE LA LUCHASOBRE MACRI Y LAS PERSPECTIVAS [&hellip;]<\/p>\n","protected":false},"author":4,"featured_media":0,"comment_status":"open","ping_status":"open","sticky":false,"template":"","format":"standard","meta":{"_monsterinsights_skip_tracking":false,"_monsterinsights_sitenote_active":false,"_monsterinsights_sitenote_note":"","_monsterinsights_sitenote_category":0,"jnews-multi-image_gallery":[],"jnews_single_post":[],"jnews_primary_category":[],"_joinchat":[],"footnotes":""},"categories":[1],"tags":[],"class_list":["post-1530","post","type-post","status-publish","format-standard","hentry","category-habitat"],"_links":{"self":[{"href":"http:\/\/fmriachuelo.it10.com.ar\/index.php\/wp-json\/wp\/v2\/posts\/1530","targetHints":{"allow":["GET"]}}],"collection":[{"href":"http:\/\/fmriachuelo.it10.com.ar\/index.php\/wp-json\/wp\/v2\/posts"}],"about":[{"href":"http:\/\/fmriachuelo.it10.com.ar\/index.php\/wp-json\/wp\/v2\/types\/post"}],"author":[{"embeddable":true,"href":"http:\/\/fmriachuelo.it10.com.ar\/index.php\/wp-json\/wp\/v2\/users\/4"}],"replies":[{"embeddable":true,"href":"http:\/\/fmriachuelo.it10.com.ar\/index.php\/wp-json\/wp\/v2\/comments?post=1530"}],"version-history":[{"count":0,"href":"http:\/\/fmriachuelo.it10.com.ar\/index.php\/wp-json\/wp\/v2\/posts\/1530\/revisions"}],"wp:attachment":[{"href":"http:\/\/fmriachuelo.it10.com.ar\/index.php\/wp-json\/wp\/v2\/media?parent=1530"}],"wp:term":[{"taxonomy":"category","embeddable":true,"href":"http:\/\/fmriachuelo.it10.com.ar\/index.php\/wp-json\/wp\/v2\/categories?post=1530"},{"taxonomy":"post_tag","embeddable":true,"href":"http:\/\/fmriachuelo.it10.com.ar\/index.php\/wp-json\/wp\/v2\/tags?post=1530"}],"curies":[{"name":"wp","href":"https:\/\/api.w.org\/{rel}","templated":true}]}}