{"id":1529,"date":"2015-12-16T01:54:00","date_gmt":"2015-12-16T01:54:00","guid":{"rendered":"http:\/\/fmriachuelo.observatorioess.org.ar\/index.php\/2015\/12\/16\/pronunciamientos-frente-al-dnu-que-regula-la-ley-de-medios\/"},"modified":"2015-12-16T01:54:00","modified_gmt":"2015-12-16T01:54:00","slug":"pronunciamientos-frente-al-dnu-que-regula-la-ley-de-medios","status":"publish","type":"post","link":"http:\/\/fmriachuelo.it10.com.ar\/index.php\/2015\/12\/16\/pronunciamientos-frente-al-dnu-que-regula-la-ley-de-medios\/","title":{"rendered":"PRONUNCIAMIENTOS FRENTE AL DNU QUE REGULA LA LEY DE MEDIOS"},"content":{"rendered":"<p><span><span style=\"color: red\"><span style=\"font-size: large\"><b>LA COMUNICACI\u00d3N NO ES REH\u00c9N DE NING\u00daN GOBIERNO<\/b><\/span><\/span><\/span><\/p>\n<div>\n<div style=\"clear: both;text-align: center\"><a href=\"http:\/\/4.bp.blogspot.com\/-N_omCC9MYjI\/VnDEDgfji2I\/AAAAAAAAHnI\/DlZvLoYAWio\/s1600\/mas_medios_mas_com.jpg\" style=\"clear: left;float: left;margin-bottom: 1em;margin-right: 1em\"><img loading=\"lazy\" decoding=\"async\" border=\"0\" height=\"78\" src=\"http:\/\/4.bp.blogspot.com\/-N_omCC9MYjI\/VnDEDgfji2I\/AAAAAAAAHnI\/DlZvLoYAWio\/s200\/mas_medios_mas_com.jpg\" width=\"200\" \/><\/a><\/div>\n<div style=\"text-align: justify\"><span>Reproducimos documento de la Red Nacional de Medios Alternativos (RNMA), con respecto al decreto de necesidad y urgencia emitido por el nuevo gobierno nacional, que implica un cambio en los entes que regulan la Ley de Servicios de Comunicaci\u00f3n Audiovisual.<\/span><br \/><a name='more'><\/a><\/div>\n<\/div>\n<div style=\"text-align: justify\"><span>Mediante el Decreto de Necesidad y Urgencia 13\/2015 que modifica la Ley de Ministerios creando nuevos organismos y transfiriendo competencias, el nuevo gobierno acaba de otorgarle el poder para la aplicaci\u00f3n de la Ley de Servicios de Comunicaci\u00f3n Audiovisual al Ministerio de Comunicaciones, dentro del cual sit\u00faa a la AFSCA y la AFTIC. Esta norma les quita el car\u00e1cter aut\u00e1rquico y descentralizado a ambos organismos.<\/span><\/div>\n<p><span><\/span><\/p>\n","protected":false},"excerpt":{"rendered":"<p>LA COMUNICACI\u00d3N NO ES REH\u00c9N DE NING\u00daN GOBIERNO Reproducimos documento de la Red Nacional de Medios Alternativos (RNMA), con respecto al decreto de necesidad y urgencia emitido por el nuevo gobierno nacional, que implica un cambio en los entes que regulan la Ley de Servicios de Comunicaci\u00f3n Audiovisual. Mediante el Decreto de Necesidad y Urgencia [&hellip;]<\/p>\n","protected":false},"author":4,"featured_media":0,"comment_status":"open","ping_status":"open","sticky":false,"template":"","format":"standard","meta":{"_monsterinsights_skip_tracking":false,"_monsterinsights_sitenote_active":false,"_monsterinsights_sitenote_note":"","_monsterinsights_sitenote_category":0,"jnews-multi-image_gallery":[],"jnews_single_post":[],"jnews_primary_category":[],"_joinchat":[],"footnotes":""},"categories":[1],"tags":[],"class_list":["post-1529","post","type-post","status-publish","format-standard","hentry","category-habitat"],"_links":{"self":[{"href":"http:\/\/fmriachuelo.it10.com.ar\/index.php\/wp-json\/wp\/v2\/posts\/1529","targetHints":{"allow":["GET"]}}],"collection":[{"href":"http:\/\/fmriachuelo.it10.com.ar\/index.php\/wp-json\/wp\/v2\/posts"}],"about":[{"href":"http:\/\/fmriachuelo.it10.com.ar\/index.php\/wp-json\/wp\/v2\/types\/post"}],"author":[{"embeddable":true,"href":"http:\/\/fmriachuelo.it10.com.ar\/index.php\/wp-json\/wp\/v2\/users\/4"}],"replies":[{"embeddable":true,"href":"http:\/\/fmriachuelo.it10.com.ar\/index.php\/wp-json\/wp\/v2\/comments?post=1529"}],"version-history":[{"count":0,"href":"http:\/\/fmriachuelo.it10.com.ar\/index.php\/wp-json\/wp\/v2\/posts\/1529\/revisions"}],"wp:attachment":[{"href":"http:\/\/fmriachuelo.it10.com.ar\/index.php\/wp-json\/wp\/v2\/media?parent=1529"}],"wp:term":[{"taxonomy":"category","embeddable":true,"href":"http:\/\/fmriachuelo.it10.com.ar\/index.php\/wp-json\/wp\/v2\/categories?post=1529"},{"taxonomy":"post_tag","embeddable":true,"href":"http:\/\/fmriachuelo.it10.com.ar\/index.php\/wp-json\/wp\/v2\/tags?post=1529"}],"curies":[{"name":"wp","href":"https:\/\/api.w.org\/{rel}","templated":true}]}}