{"id":1528,"date":"2015-12-16T13:33:00","date_gmt":"2015-12-16T13:33:00","guid":{"rendered":"http:\/\/fmriachuelo.observatorioess.org.ar\/index.php\/2015\/12\/16\/brasil-movimientos-sociales-marchan-en-defensa-de-la-democracia\/"},"modified":"2015-12-16T13:33:00","modified_gmt":"2015-12-16T13:33:00","slug":"brasil-movimientos-sociales-marchan-en-defensa-de-la-democracia","status":"publish","type":"post","link":"http:\/\/fmriachuelo.it10.com.ar\/index.php\/2015\/12\/16\/brasil-movimientos-sociales-marchan-en-defensa-de-la-democracia\/","title":{"rendered":"BRASIL: MOVIMIENTOS SOCIALES MARCHAN EN DEFENSA DE LA DEMOCRACIA"},"content":{"rendered":"<div style=\"clear: both;text-align: justify\"><span><b>DEFENDER LA DEMOCRACIA EN LA CALLE<\/b><\/span><\/div>\n<div style=\"clear: both;text-align: center\"><\/div>\n<div style=\"clear: both;text-align: center\"><a href=\"http:\/\/4.bp.blogspot.com\/-sN6esFoN4r4\/VnFn68YBENI\/AAAAAAAAHnk\/WPMHWlXJk1Y\/s1600\/dilma.jpg\" style=\"clear: left;float: left;margin-bottom: 1em;margin-right: 1em\"><img loading=\"lazy\" decoding=\"async\" border=\"0\" height=\"113\" src=\"http:\/\/4.bp.blogspot.com\/-sN6esFoN4r4\/VnFn68YBENI\/AAAAAAAAHnk\/WPMHWlXJk1Y\/s200\/dilma.jpg\" width=\"200\" \/><\/a><\/div>\n<div style=\"text-align: justify\"><span>Grupos sociales e importantes gremios brasile\u00f1os participar\u00e1n este mi\u00e9rcoles en varias manifestaciones que se realizar\u00e1n en diversas ciudades del pa\u00eds para defender la democracia y rechazar el proceso de juicio pol\u00edtico que se adelanta contra la presidenta de Brasil, Dilma Rousseff.<\/span><br \/><a name='more'><\/a><\/div>\n<div style=\"text-align: justify\"><span><\/span><\/div>\n<p><span><\/span><\/p>\n<div style=\"text-align: justify\"><span>Las marchas han sido convocadas por las centrales \u00danica de los Trabajadores (CUT), de Trabajadores de Brasil (CTB) e Intersindical y adem\u00e1s estar\u00e1n respaldadas por la Uni\u00f3n Nacional de Estudiantes (UNE), el Frente Brasil Popular y otras organizaciones.<\/span><\/div>\n<pre style=\"border: 0px;padding: 0px;vertical-align: baseline\"><div style=\"text-align: justify\"><br \/>Brasil: Movimientos sociales marchan en defensa de la democracia<\/div><br \/>Este contenido ha sido publicado originalmente por teleSUR bajo la siguiente direcci\u00f3n: <br \/> <a href=\"http:\/\/www.telesurtv.net\/news\/Brasil-Movimientos-sociales-marchan-en-defensa-de-la-democracia-20151216-0004.html\" style=\"margin: 0px;padding: 0px;text-decoration: none\">http:\/\/www.telesurtv.net\/news\/Brasil-Movimientos-sociales-marchan-en-defensa-de-la-democracia-20151216-0004.html<\/a>. Si piensa hacer uso del mismo, por favor, cite la fuente y coloque un enlace hacia la nota original de donde usted ha tomado este contenido. www.teleSURtv.net<\/pre>\n","protected":false},"excerpt":{"rendered":"<p>DEFENDER LA DEMOCRACIA EN LA CALLE Grupos sociales e importantes gremios brasile\u00f1os participar\u00e1n este mi\u00e9rcoles en varias manifestaciones que se realizar\u00e1n en diversas ciudades del pa\u00eds para defender la democracia y rechazar el proceso de juicio pol\u00edtico que se adelanta contra la presidenta de Brasil, Dilma Rousseff. Las marchas han sido convocadas por las centrales [&hellip;]<\/p>\n","protected":false},"author":4,"featured_media":0,"comment_status":"open","ping_status":"open","sticky":false,"template":"","format":"standard","meta":{"_monsterinsights_skip_tracking":false,"_monsterinsights_sitenote_active":false,"_monsterinsights_sitenote_note":"","_monsterinsights_sitenote_category":0,"jnews-multi-image_gallery":[],"jnews_single_post":[],"jnews_primary_category":[],"_joinchat":[],"footnotes":""},"categories":[1],"tags":[],"class_list":["post-1528","post","type-post","status-publish","format-standard","hentry","category-habitat"],"_links":{"self":[{"href":"http:\/\/fmriachuelo.it10.com.ar\/index.php\/wp-json\/wp\/v2\/posts\/1528","targetHints":{"allow":["GET"]}}],"collection":[{"href":"http:\/\/fmriachuelo.it10.com.ar\/index.php\/wp-json\/wp\/v2\/posts"}],"about":[{"href":"http:\/\/fmriachuelo.it10.com.ar\/index.php\/wp-json\/wp\/v2\/types\/post"}],"author":[{"embeddable":true,"href":"http:\/\/fmriachuelo.it10.com.ar\/index.php\/wp-json\/wp\/v2\/users\/4"}],"replies":[{"embeddable":true,"href":"http:\/\/fmriachuelo.it10.com.ar\/index.php\/wp-json\/wp\/v2\/comments?post=1528"}],"version-history":[{"count":0,"href":"http:\/\/fmriachuelo.it10.com.ar\/index.php\/wp-json\/wp\/v2\/posts\/1528\/revisions"}],"wp:attachment":[{"href":"http:\/\/fmriachuelo.it10.com.ar\/index.php\/wp-json\/wp\/v2\/media?parent=1528"}],"wp:term":[{"taxonomy":"category","embeddable":true,"href":"http:\/\/fmriachuelo.it10.com.ar\/index.php\/wp-json\/wp\/v2\/categories?post=1528"},{"taxonomy":"post_tag","embeddable":true,"href":"http:\/\/fmriachuelo.it10.com.ar\/index.php\/wp-json\/wp\/v2\/tags?post=1528"}],"curies":[{"name":"wp","href":"https:\/\/api.w.org\/{rel}","templated":true}]}}