{"id":15271,"date":"2022-04-28T15:08:57","date_gmt":"2022-04-28T15:08:57","guid":{"rendered":"http:\/\/fmriachuelo.com.ar\/?p=15271"},"modified":"2025-04-01T15:34:36","modified_gmt":"2025-04-01T18:34:36","slug":"la-vida-en-comunidad-se-cocina-desde-una-olla-popular","status":"publish","type":"post","link":"http:\/\/fmriachuelo.it10.com.ar\/index.php\/2022\/04\/28\/la-vida-en-comunidad-se-cocina-desde-una-olla-popular\/","title":{"rendered":"LA VIDA EN COMUNIDAD SE COCINA DESDE UNA OLLA POPULAR"},"content":{"rendered":"<p><strong>[FM Riachuelo, 28\/04\/2022]\u00a0Este mi\u00e9rcoles, desde la cocina de Su\u00e1rez, se realiz\u00f3 una olla popular m\u00f3vil en el Paseo de la Econom\u00eda Popular \u201cMart\u00edn Oso Cisneros\u201d, ubicado en Pedro de Mendoza y Ministro Brin. Durante la jornada se sumaron vecinos, vecinas y organizaciones del barrio.<\/strong><\/p>\n<p>\u201cEs para que los vecinos nos conozcan mejor, para que sepan que estamos en movimiento con las ollas y para que vengan a buscar la comida. Estar\u00eda bueno ir por cada barrio mostrando lo que hacemos. Tambi\u00e9n para crear comunidad y territorio, y as\u00ed demostrarles a los vecinos que nos podemos organizar todos y que organizados y juntos todo se puede\u201d, expres\u00f3 Fanny, integrante de Recicladores de La Boca.<\/p>\n<p>Marta Sanagua, referente del Paseo, expres\u00f3 el mismo sentimiento: \u201cEstoy muy contenta porque la olla de la cocina de Suarez hoy se haya trasladado para el paseo. Me gusta que se visibilice que todav\u00eda hay compas que siguen militando para poner su grano de arena en el barrio. Traer la olla para el bajo me parece muy bien porque hay mucha gente que lo necesita y tambi\u00e9n para que vean que con organizaci\u00f3n y lucha podemos conquistar muchas cosas\u201d.<\/p>\n","protected":false},"excerpt":{"rendered":"<p>[FM Riachuelo, 28\/04\/2022]\u00a0Este mi\u00e9rcoles, desde la cocina de Su\u00e1rez, se realiz\u00f3 una olla popular m\u00f3vil en el Paseo de la Econom\u00eda Popular \u201cMart\u00edn Oso Cisneros\u201d, ubicado en Pedro de Mendoza y Ministro Brin. Durante la jornada se sumaron vecinos, vecinas y organizaciones del barrio. \u201cEs para que los vecinos nos conozcan mejor, para que sepan [&hellip;]<\/p>\n","protected":false},"author":5,"featured_media":15272,"comment_status":"closed","ping_status":"closed","sticky":false,"template":"","format":"standard","meta":{"_monsterinsights_skip_tracking":false,"_monsterinsights_sitenote_active":false,"_monsterinsights_sitenote_note":"","_monsterinsights_sitenote_category":0,"jnews-multi-image_gallery":[],"jnews_single_post":{"format":"standard"},"jnews_primary_category":[],"_joinchat":[],"footnotes":""},"categories":[58],"tags":[154,157,162],"class_list":["post-15271","post","type-post","status-publish","format-standard","has-post-thumbnail","hentry","category-noticiariachuelo","tag-economia-popular-2","tag-nadie-se-salva-solo","tag-salud-comunitaria"],"_links":{"self":[{"href":"http:\/\/fmriachuelo.it10.com.ar\/index.php\/wp-json\/wp\/v2\/posts\/15271","targetHints":{"allow":["GET"]}}],"collection":[{"href":"http:\/\/fmriachuelo.it10.com.ar\/index.php\/wp-json\/wp\/v2\/posts"}],"about":[{"href":"http:\/\/fmriachuelo.it10.com.ar\/index.php\/wp-json\/wp\/v2\/types\/post"}],"author":[{"embeddable":true,"href":"http:\/\/fmriachuelo.it10.com.ar\/index.php\/wp-json\/wp\/v2\/users\/5"}],"replies":[{"embeddable":true,"href":"http:\/\/fmriachuelo.it10.com.ar\/index.php\/wp-json\/wp\/v2\/comments?post=15271"}],"version-history":[{"count":1,"href":"http:\/\/fmriachuelo.it10.com.ar\/index.php\/wp-json\/wp\/v2\/posts\/15271\/revisions"}],"predecessor-version":[{"id":22231,"href":"http:\/\/fmriachuelo.it10.com.ar\/index.php\/wp-json\/wp\/v2\/posts\/15271\/revisions\/22231"}],"wp:featuredmedia":[{"embeddable":true,"href":"http:\/\/fmriachuelo.it10.com.ar\/index.php\/wp-json\/"}],"wp:attachment":[{"href":"http:\/\/fmriachuelo.it10.com.ar\/index.php\/wp-json\/wp\/v2\/media?parent=15271"}],"wp:term":[{"taxonomy":"category","embeddable":true,"href":"http:\/\/fmriachuelo.it10.com.ar\/index.php\/wp-json\/wp\/v2\/categories?post=15271"},{"taxonomy":"post_tag","embeddable":true,"href":"http:\/\/fmriachuelo.it10.com.ar\/index.php\/wp-json\/wp\/v2\/tags?post=15271"}],"curies":[{"name":"wp","href":"https:\/\/api.w.org\/{rel}","templated":true}]}}