{"id":1525,"date":"2015-12-18T12:42:00","date_gmt":"2015-12-18T12:42:00","guid":{"rendered":"http:\/\/fmriachuelo.observatorioess.org.ar\/index.php\/2015\/12\/18\/repercusiones-tras-el-intento-de-limitar-la-ley-de-medios-de-servicios-de-comunicacion-audiovisulal\/"},"modified":"2015-12-18T12:42:00","modified_gmt":"2015-12-18T12:42:00","slug":"repercusiones-tras-el-intento-de-limitar-la-ley-de-medios-de-servicios-de-comunicacion-audiovisulal","status":"publish","type":"post","link":"http:\/\/fmriachuelo.it10.com.ar\/index.php\/2015\/12\/18\/repercusiones-tras-el-intento-de-limitar-la-ley-de-medios-de-servicios-de-comunicacion-audiovisulal\/","title":{"rendered":"REPERCUSIONES TRAS EL INTENTO DE LIMITAR LA LEY DE MEDIOS DE SERVICIOS DE COMUNICACI\u00d3N AUDIOVISULAL"},"content":{"rendered":"<div><span><b>FUERTE RECHAZO AL AVANCE SOBRE LOS DERECHOS CONQUISTADOS<\/b><\/span><\/div>\n<div style=\"clear: both;text-align: left\"><span>\u201cLA LEY DE MEDIOS NO SE TOCA\u201d GRIT\u00d3 UNA MULTITUD EN PLAZA CONGRESO<\/span><a href=\"http:\/\/3.bp.blogspot.com\/-LfdNO7J_DFI\/VnP-0VoQyeI\/AAAAAAAAHoQ\/5rDnV1e8GgM\/s1600\/61-300x168.jpg\" style=\"clear: left;float: left;margin-bottom: 1em;margin-right: 1em\"><img loading=\"lazy\" decoding=\"async\" border=\"0\" height=\"112\" src=\"http:\/\/3.bp.blogspot.com\/-LfdNO7J_DFI\/VnP-0VoQyeI\/AAAAAAAAHoQ\/5rDnV1e8GgM\/s200\/61-300x168.jpg\" width=\"200\" \/><\/a><\/div>\n<div>\n<div style=\"text-align: justify\"><span><span>[Resumen Latinoamericano \/17 de diciembre 2015] <\/span><span>Fuerte respuesta a los decretos de urgencia de Mauricio Macri.<\/span> Miles de militantes de organizaciones sociales, periodistas de medios alternativos y agrupaciones kirchneristas se convocaron frente al Congreso de la Naci\u00f3n en defensa de la \u201ctotal aplicaci\u00f3n\u201d de la normativa que regula el sector audiovisual como respuesta a las expresiones del ministro de Comunicaci\u00f3n, Oscar Aguad, quien consider\u00f3 que el \u00fanico sentido de la ley fue \u201caniquilar medios como Clar\u00edn\u201d. El acto tambi\u00e9n sirvi\u00f3 como tribuna para criticar el DNU que design\u00f3 \u201cen comisi\u00f3n\u201d a dos ministros de la Corte Suprema.<\/span><br \/><a name='more'><\/a><\/div>\n<p><span><\/span><\/p>\n<div style=\"text-align: justify\"><span>Las miles de personas concentradas desde antes de las 18 frente al Congreso sumaron al grito de defensa de la normativa sancionada en 2009, el rechazo a las designaciones por decreto de jueces de la Corte Suprema y al levantamiento del cepo al d\u00f3lar.<\/span><\/div>\n<p><span><\/span><\/p>\n<div style=\"text-align: justify\"><\/div>\n<p><span><\/p>\n<div style=\"text-align: justify\">Como viene ocurriendo en las ultimas convocatorias, aparte de la militancia organizada, fueron much\u00edsimos las personas autoconvocadas que llegaron hasta la Plaza, portando pancartas artesanales donde se pod\u00edan leer cr\u00edticas ir\u00f3nicas y de las otras, contra el presidente Mauricio Macri y sus decretos de urgencia de profundizaci\u00f3n neoliberal.<\/div>\n<div style=\"text-align: justify\">En el escenario varios cantantes populares animaron el acto, y tambi\u00e9n se pudo escuchar la voz de algunos dirigentes pol\u00edticos del kirchnerismo y de integrantes de las entidades sindicales y la coalici\u00f3n en defensa de la ley de medios. Cerr\u00f3 el acto el titular del AFSCA, Mart\u00edn Sabbatella.<\/div>\n<div style=\"text-align: justify\"><\/div>\n<div style=\"text-align: justify\">Declaraci\u00f3n de medios alternativos en defensa de la ley<\/div>\n<div style=\"text-align: justify\">Defendamos lo que ganamos en la calle:<\/div>\n<div style=\"text-align: justify\">la ley de medios no se toca<\/div>\n<div style=\"text-align: justify\">Quienes construimos medios de comunicaci\u00f3n y apostamos al desarrollo de medios alternativos, comunitarios, populares y autogestionados repudiamos la creaci\u00f3n de un Ministerio de comunicaciones por decreto que se plantea en su concepci\u00f3n como una intervenci\u00f3n al AFSCA, organismo de control de la Ley de Servicios de Comunicaci\u00f3n Audiovisual, as\u00ed como tambi\u00e9n consideramos nefastos los dichos del flamante ministro del \u00e1rea que indic\u00f3 que la normativa no subsistir\u00e1 al mandato del actual presidente.<\/div>\n<div style=\"text-align: justify\">Estas medidas y anuncios son los primeros indicios de la b\u00fasqueda de una vuelta a la concentraci\u00f3n medi\u00e1tica por parte del nuevo gobierno, en defensa de los monopolios y multimedios que hist\u00f3ricamente han estado en contra del pueblo y sus luchas. A su vez, desconoce los avances que esta ley ha significado respecto de la ley a la que reemplaz\u00f3: la reserva del 33% del espectro y el reconocimiento de los medios sin fines de lucro y la limitaci\u00f3n de licencias en manos de un mismo operador con la consecuente aparici\u00f3n de nuevas voces, entre otras.<\/div>\n<div style=\"text-align: justify\">Sin ir m\u00e1s lejos, recientemente se aprobaron los primeros concursos para emisoras de TV comunitarias en zonas de conflicto y se otorg\u00f3 tambi\u00e9n reconocimiento a m\u00e1s de un centenar de radios FM sin fines de lucro, en su car\u00e1cter de comunitarias, lo que les otorga un puntaje preferencial para participar en futuros concursos p\u00fablicos de licencias. Estos logros no hubieran sido concedidos sin la organizaci\u00f3n y movilizaci\u00f3n permanente que hemos llevado adelante, exigiendo el efectivo cumplimiento de la Ley 26.522 en todos sus puntos. La actual coyuntura nos exige mantenernos m\u00e1s firmes que nunca en esta pelea.<\/div>\n<div style=\"text-align: justify\">Nos resulta inaceptable que luego del proceso colectivo que implic\u00f3 la elaboraci\u00f3n y sanci\u00f3n de la Ley de Servicios de Comunicaci\u00f3n Audiovisual, que en el segundo d\u00eda de mandato y por decreto, un gobierno empiece a tirarla abajo. La creaci\u00f3n de este Ministerio supone una intervenci\u00f3n del Poder Ejecutivo en el AFSCA, que tanto en su Directorio como en el Consejo Federal tiene representantes del Poder Ejecutivo y la oposici\u00f3n. Se trata, entonces, no solo de una medida antipopular y en pos de los grandes multimedios, sino que tambi\u00e9n es antidemocr\u00e1tica porque busca la concentraci\u00f3n pol\u00edtica de las decisiones en materia de comunicaci\u00f3n.<\/div>\n<div style=\"text-align: justify\">Desde los medios populares, hacemos comunicaci\u00f3n posibilitando la circulaci\u00f3n de las voces que los grandes multimedios ningunean, desoyen o ponen en un lugar de subestimaci\u00f3n. Construimos valores sociales alejados de la necesidad del lucro, de la cosificaci\u00f3n de los cuerpos y el consumismo. A trav\u00e9s de nuestro trabajo, integramos a comunidades enteras que encuentran su posibilidad de hacer uso de la libertad de expresi\u00f3n.<\/div>\n<div style=\"text-align: justify\">Quienes construimos comunicaci\u00f3n popular, alternativa y comunitaria venimos peleando por este reconocimiento hace d\u00e9cadas. A los trabajadores y trabajadoras de prensa, comunicadores, operadores, movileros, periodistas y locutores la ley 26.522 nos ha permitido proyectar una diversificaci\u00f3n de nuestras fuentes de empleo y no vamos a permitir que ning\u00fan gobierno tire abajo ni nuestro derecho a la comunicaci\u00f3n ni nuestros puestos de trabajo, y mucho menos por decreto: Vamos por la efectivizaci\u00f3n y aplicaci\u00f3n total de la Ley de Medios.<\/div>\n<div style=\"text-align: justify\">Este jueves 17 hrs nos encontramos en la plaza de los dos Congresos para defender lo conquistado en las calles durante estos a\u00f1os.<\/div>\n<div style=\"text-align: justify\"><\/div>\n<div style=\"text-align: justify\"><span style=\"font-size: x-small\">Adhesiones a: leydemediosnosetoca@gmail.com<\/span><\/div>\n<div style=\"text-align: justify\"><span style=\"font-size: x-small\">FIRMAS:<\/span><\/div>\n<div style=\"text-align: justify\"><span style=\"font-size: x-small\">Barricada TV | Pares TV | Radio Gr\u00e1fica | Gacetillas Argentinas | Resumen Latinoamericano | El Grito del Sur| VOZ a VOS, colectivo de comunicaciones Marcha Patri\u00f3tica | NOTAS \u2013 Periodismo Popular | Radio Sur FM 88.3 Bs. As. | Radio De la Azotea 88.7 Mar del Plata | Radio La Tosca 95.1 Santa Rosa \u2013 La Pampa | Radio La Tribu 88.7<\/span><\/div>\n<div style=\"text-align: justify\"><span style=\"font-size: x-small\">APA Agencia de Prensa Alternativa \u2013 Tucum\u00e1n | Giramundo TV Mendoza | Cispren \u2013 C\u00edrculo Sindical de la Prensa y la Comunicaci\u00f3n de C\u00f3rdoba | Colectivo de Trabajadores de Prensa | Patria Grande |<\/span><\/div>\n<div style=\"text-align: justify\"><span style=\"font-size: x-small\">Alejandra Guzzo \u2013 Presidenta de DOCA \u2013 Documentalistas Argentinos | Fernando Krichmar \u2013 Cine Insurgente<\/span><\/div>\n<p><\/span><\/div>\n","protected":false},"excerpt":{"rendered":"<p>FUERTE RECHAZO AL AVANCE SOBRE LOS DERECHOS CONQUISTADOS \u201cLA LEY DE MEDIOS NO SE TOCA\u201d GRIT\u00d3 UNA MULTITUD EN PLAZA CONGRESO [Resumen Latinoamericano \/17 de diciembre 2015] Fuerte respuesta a los decretos de urgencia de Mauricio Macri. Miles de militantes de organizaciones sociales, periodistas de medios alternativos y agrupaciones kirchneristas se convocaron frente al Congreso [&hellip;]<\/p>\n","protected":false},"author":4,"featured_media":0,"comment_status":"open","ping_status":"open","sticky":false,"template":"","format":"standard","meta":{"_monsterinsights_skip_tracking":false,"_monsterinsights_sitenote_active":false,"_monsterinsights_sitenote_note":"","_monsterinsights_sitenote_category":0,"jnews-multi-image_gallery":[],"jnews_single_post":[],"jnews_primary_category":[],"_joinchat":[],"footnotes":""},"categories":[1],"tags":[],"class_list":["post-1525","post","type-post","status-publish","format-standard","hentry","category-habitat"],"_links":{"self":[{"href":"http:\/\/fmriachuelo.it10.com.ar\/index.php\/wp-json\/wp\/v2\/posts\/1525","targetHints":{"allow":["GET"]}}],"collection":[{"href":"http:\/\/fmriachuelo.it10.com.ar\/index.php\/wp-json\/wp\/v2\/posts"}],"about":[{"href":"http:\/\/fmriachuelo.it10.com.ar\/index.php\/wp-json\/wp\/v2\/types\/post"}],"author":[{"embeddable":true,"href":"http:\/\/fmriachuelo.it10.com.ar\/index.php\/wp-json\/wp\/v2\/users\/4"}],"replies":[{"embeddable":true,"href":"http:\/\/fmriachuelo.it10.com.ar\/index.php\/wp-json\/wp\/v2\/comments?post=1525"}],"version-history":[{"count":0,"href":"http:\/\/fmriachuelo.it10.com.ar\/index.php\/wp-json\/wp\/v2\/posts\/1525\/revisions"}],"wp:attachment":[{"href":"http:\/\/fmriachuelo.it10.com.ar\/index.php\/wp-json\/wp\/v2\/media?parent=1525"}],"wp:term":[{"taxonomy":"category","embeddable":true,"href":"http:\/\/fmriachuelo.it10.com.ar\/index.php\/wp-json\/wp\/v2\/categories?post=1525"},{"taxonomy":"post_tag","embeddable":true,"href":"http:\/\/fmriachuelo.it10.com.ar\/index.php\/wp-json\/wp\/v2\/tags?post=1525"}],"curies":[{"name":"wp","href":"https:\/\/api.w.org\/{rel}","templated":true}]}}