{"id":1523,"date":"2015-12-18T12:55:00","date_gmt":"2015-12-18T12:55:00","guid":{"rendered":"http:\/\/fmriachuelo.observatorioess.org.ar\/index.php\/2015\/12\/18\/red-de-salud-mental-comunitaria-y-derechos-humanos\/"},"modified":"2015-12-18T12:55:00","modified_gmt":"2015-12-18T12:55:00","slug":"red-de-salud-mental-comunitaria-y-derechos-humanos","status":"publish","type":"post","link":"http:\/\/fmriachuelo.it10.com.ar\/index.php\/2015\/12\/18\/red-de-salud-mental-comunitaria-y-derechos-humanos\/","title":{"rendered":"RED DE SALUD MENTAL COMUNITARIA Y DERECHOS HUMANOS"},"content":{"rendered":"<p><span><b>EN DEFENSA DE LOS DERECHOS<\/b><\/span><\/p>\n<div style=\"clear: both;text-align: center\"><a href=\"http:\/\/4.bp.blogspot.com\/-C79MaiRno3o\/VnQA0vjdwvI\/AAAAAAAAHok\/fc3ij_tb3mM\/s1600\/RED.jpg\" style=\"clear: left;float: left;margin-bottom: 1em;margin-right: 1em\"><img loading=\"lazy\" decoding=\"async\" border=\"0\" height=\"41\" src=\"http:\/\/4.bp.blogspot.com\/-C79MaiRno3o\/VnQA0vjdwvI\/AAAAAAAAHok\/fc3ij_tb3mM\/s200\/RED.jpg\" width=\"200\" \/><\/a><\/div>\n<p><span><\/span><\/p>\n<div style=\"text-align: justify\"><span><span>[FMR 19\/12\/12] Un conjunto de organizaciones, redes y colectivos se&nbsp;re\u00fanen&nbsp;hoy a las 18 hs. en la sede del CELS para encontrar&nbsp;modos de enfrentar la designaci\u00f3n del Director de Salud Mental de la nueva gesti\u00f3n de gobierno, porque representa un verdadero peligro para el derecho a la salud y una avanzada para desmantelar la asistencia en materia de salud mental, tal como viene sucediendo en la actualidad en la Ciudad de Buenos Aires.<\/span><\/span><br \/><a name='more'><\/a><\/div>\n<p><span><b>Importante convocatoria<\/b><\/span><\/p>\n<div><span>Viernes 18\/12 a las 18hs. Piedras 547, CABA<\/span><span><br \/>[16 diciembre, 2015]<br \/>Organizaciones de usuarios, de familiares, de profesionales, organizaciones sociales y de derechos humanos, redes y colectivos, estamos convocando a una reuni\u00f3n del m\u00e1s amplio arco de la salud mental para tomar posici\u00f3n y definir acciones respecto de la reciente designaci\u00f3n del director de salud mental, Andy Blake.<br \/>Adem\u00e1s de organizaciones, asistir\u00e1n funcionarios, operadores judiciales y referentes del \u00e1mbito acad\u00e9mico.<br \/>Contacto: redsaludmentalcomunitariayddhh@gmail.com<\/span><\/div>\n","protected":false},"excerpt":{"rendered":"<p>EN DEFENSA DE LOS DERECHOS [FMR 19\/12\/12] Un conjunto de organizaciones, redes y colectivos se&nbsp;re\u00fanen&nbsp;hoy a las 18 hs. en la sede del CELS para encontrar&nbsp;modos de enfrentar la designaci\u00f3n del Director de Salud Mental de la nueva gesti\u00f3n de gobierno, porque representa un verdadero peligro para el derecho a la salud y una avanzada [&hellip;]<\/p>\n","protected":false},"author":4,"featured_media":0,"comment_status":"open","ping_status":"open","sticky":false,"template":"","format":"standard","meta":{"_monsterinsights_skip_tracking":false,"_monsterinsights_sitenote_active":false,"_monsterinsights_sitenote_note":"","_monsterinsights_sitenote_category":0,"jnews-multi-image_gallery":[],"jnews_single_post":[],"jnews_primary_category":[],"_joinchat":[],"footnotes":""},"categories":[1],"tags":[],"class_list":["post-1523","post","type-post","status-publish","format-standard","hentry","category-habitat"],"_links":{"self":[{"href":"http:\/\/fmriachuelo.it10.com.ar\/index.php\/wp-json\/wp\/v2\/posts\/1523","targetHints":{"allow":["GET"]}}],"collection":[{"href":"http:\/\/fmriachuelo.it10.com.ar\/index.php\/wp-json\/wp\/v2\/posts"}],"about":[{"href":"http:\/\/fmriachuelo.it10.com.ar\/index.php\/wp-json\/wp\/v2\/types\/post"}],"author":[{"embeddable":true,"href":"http:\/\/fmriachuelo.it10.com.ar\/index.php\/wp-json\/wp\/v2\/users\/4"}],"replies":[{"embeddable":true,"href":"http:\/\/fmriachuelo.it10.com.ar\/index.php\/wp-json\/wp\/v2\/comments?post=1523"}],"version-history":[{"count":0,"href":"http:\/\/fmriachuelo.it10.com.ar\/index.php\/wp-json\/wp\/v2\/posts\/1523\/revisions"}],"wp:attachment":[{"href":"http:\/\/fmriachuelo.it10.com.ar\/index.php\/wp-json\/wp\/v2\/media?parent=1523"}],"wp:term":[{"taxonomy":"category","embeddable":true,"href":"http:\/\/fmriachuelo.it10.com.ar\/index.php\/wp-json\/wp\/v2\/categories?post=1523"},{"taxonomy":"post_tag","embeddable":true,"href":"http:\/\/fmriachuelo.it10.com.ar\/index.php\/wp-json\/wp\/v2\/tags?post=1523"}],"curies":[{"name":"wp","href":"https:\/\/api.w.org\/{rel}","templated":true}]}}