{"id":1522,"date":"2015-12-18T13:08:00","date_gmt":"2015-12-18T13:08:00","guid":{"rendered":"http:\/\/fmriachuelo.observatorioess.org.ar\/index.php\/2015\/12\/18\/caba-ataque-a-importante-referente-de-villa-20\/"},"modified":"2015-12-18T13:08:00","modified_gmt":"2015-12-18T13:08:00","slug":"caba-ataque-a-importante-referente-de-villa-20","status":"publish","type":"post","link":"http:\/\/fmriachuelo.it10.com.ar\/index.php\/2015\/12\/18\/caba-ataque-a-importante-referente-de-villa-20\/","title":{"rendered":"CABA: ATAQUE A IMPORTANTE REFERENTE DE VILLA 20"},"content":{"rendered":"<div><span><b>DENUNCIAN AGRESI\u00d3N<\/b><\/span><\/div>\n<div style=\"clear: both;text-align: center\"><span><a href=\"http:\/\/2.bp.blogspot.com\/-qpeSuSWO8dw\/VnQEIuIkFzI\/AAAAAAAAHo0\/9lwx3Aa9pgo\/s1600\/Diosnel_Perez.jpg\" style=\"clear: left;float: left;margin-bottom: 1em;margin-right: 1em\"><img loading=\"lazy\" decoding=\"async\" border=\"0\" height=\"126\" src=\"http:\/\/2.bp.blogspot.com\/-qpeSuSWO8dw\/VnQEIuIkFzI\/AAAAAAAAHo0\/9lwx3Aa9pgo\/s200\/Diosnel_Perez.jpg\" width=\"200\" \/><\/a><\/span><\/div>\n<p><span><\/span><\/p>\n<div><span>VIERNES 18\/12 &#8211; 9 hs.&nbsp;<\/span><\/div>\n<div style=\"text-align: justify\"><span>SAL\u00d3N DE CONFERENCIAS DE LA LEGISLATURA PORTE\u00d1A (Per\u00fa 130, CABA)<\/span><\/div>\n<p><span> <\/span><\/p>\n<div style=\"text-align: justify\"><span>CONFERENCIA DE PRENSA: Ante los ataques narcos contra Diosnel Perez y Viviana Garc\u00eda, su familia y el comedor comunitario \u00ab21 de septiembre\u00bb.<\/span><\/div>\n<p><span><\/p>\n<div style=\"text-align: justify\">Desde el Frente Popular Dar\u00edo Santill\u00e1n denunciamos que el domingo pasado el referente del Frente Popular Dar\u00edo Santill\u00e1n de la Villa 20, Diosnel P\u00e9rez, y su familia, fueron atacados por un grupo de narcos que balearon su vivienda y el Comedor Comunitario \u00ab21 de Septiembre\u00bb donde todos los d\u00edas comen 80 ni\u00f1os y ni\u00f1as.<\/div>\n<div style=\"text-align: justify\"><b><span style=\"font-size: x-small\">Contactos:&nbsp;<\/span><\/b><\/div>\n<div style=\"text-align: justify\"><b><span style=\"font-size: x-small\">Diosnel Perez: 155.923.5552<\/span><\/b><\/div>\n<div style=\"text-align: justify\"><b><span style=\"font-size: x-small\">Federico Orchani (vocero del FPDS) 115.695.5701<\/span><\/b><\/div>\n<div style=\"text-align: justify\"><a name='more'><\/a><\/div>\n<div style=\"text-align: justify\">Denunciamos que en el barrio act\u00faan bandas con el amparo policial y judicial, esta es la \u00fanica manera de explicar la impunidad con la que se mueven. Las principales v\u00edctimas son los vecinos y los mismos j\u00f3venes reclutados por el crimen organizado.<\/div>\n<div style=\"text-align: justify\"><\/div>\n<div style=\"text-align: justify\">En la Villa 20, como en todos los barrios humildes de la Ciudad se sufre el abandono estatal, que incluye la d\u00e9cada de incumplimiento de la ley 1770 de Urbanizaci\u00f3n de la Villa 20; la persistencia de la contaminaci\u00f3n de plomo y otros venenos a causa del Cementerio de autos de la Polic\u00eda Federal; los cortes de luz y las inundaciones permanentes; la falta de recursos para el Centro de Salud 18 y el hospital Cecilia Grierson; y la destrucci\u00f3n de la escuela p\u00fablica. La presencia estatal, en cambio, s\u00f3lo se da a trav\u00e9s de la PFA y la Gendarmer\u00eda.<\/div>\n<div style=\"text-align: justify\"><\/div>\n<div style=\"text-align: justify\">Exigimos la urbanizaci\u00f3n del barrio y terminar con la complicidad entre fuerzas de seguridad y el crimen organizado. Cuando PFA y Metropolitana desaloj\u00f3 brutalmente el barrio Papa Francisco, dijeron que iban a detener a narcos que actuaban en el barrio. Nunca lo hicieron, es mas, desalojaron a golpes a las familias que s\u00f3lo ten\u00edan un ranchito construido con enorme esfuerzo, sin darles ning\u00fan tipo de soluci\u00f3n.<\/div>\n<div style=\"text-align: justify\"><\/div>\n<div style=\"text-align: justify\">Diosnel P\u00e9rez y Viviana Garc\u00eda, son destacados dirigentes comunitarios con una larga trayectoria en defensa de los derechos de los m\u00e1s humildes como fue en La toma del Parque Indoamericano, donde la Metropolitana y la PFA asesinaron a Rosemary Chura Pu\u00f1a y Bernardo Salgueiro, mientras que las patotas de barrabravas con protecci\u00f3n estatal asesinaron a Emilio Canaviri \u00c1lvarez. Por su participaci\u00f3n fue acusado y luego absuelto por instigar la toma, junto con el Tano Nardulli de la CCC.<\/div>\n<div style=\"text-align: justify\"><\/div>\n<div style=\"text-align: justify\">Una vez m\u00e1s, las organizaciones populares, legisladores comprometidos con el pueblo y organismos de derechos humanos tenemos que volver a alertar a la sociedad sobre una nueva persecuci\u00f3n.&nbsp;<\/div>\n<div style=\"text-align: justify\">Reclamamos el fin de las zonas liberadas, el amparo policial a los narcos y la garant\u00eda de funcionamiento del comedor y la protecci\u00f3n a los ni\u00f1os, ni\u00f1as y familias que asisten.<\/div>\n<div style=\"text-align: justify\"><\/div>\n<div style=\"text-align: justify\">Por eso, junto a diversos legisladores, organizaciones sociales y pol\u00edticas; y organismos de derechos humanos, realizaremos una conferencia de prensa para denunciar esta situaci\u00f3n.<\/div>\n<div style=\"text-align: justify\"><\/div>\n<div style=\"text-align: justify\">FRENTE POPULAR DARIO SANTILLAN<\/div>\n<p><\/span><\/p>\n","protected":false},"excerpt":{"rendered":"<p>DENUNCIAN AGRESI\u00d3N VIERNES 18\/12 &#8211; 9 hs.&nbsp; SAL\u00d3N DE CONFERENCIAS DE LA LEGISLATURA PORTE\u00d1A (Per\u00fa 130, CABA) CONFERENCIA DE PRENSA: Ante los ataques narcos contra Diosnel Perez y Viviana Garc\u00eda, su familia y el comedor comunitario \u00ab21 de septiembre\u00bb. Desde el Frente Popular Dar\u00edo Santill\u00e1n denunciamos que el domingo pasado el referente del Frente Popular [&hellip;]<\/p>\n","protected":false},"author":4,"featured_media":0,"comment_status":"open","ping_status":"open","sticky":false,"template":"","format":"standard","meta":{"_monsterinsights_skip_tracking":false,"_monsterinsights_sitenote_active":false,"_monsterinsights_sitenote_note":"","_monsterinsights_sitenote_category":0,"jnews-multi-image_gallery":[],"jnews_single_post":[],"jnews_primary_category":[],"_joinchat":[],"footnotes":""},"categories":[1],"tags":[],"class_list":["post-1522","post","type-post","status-publish","format-standard","hentry","category-habitat"],"_links":{"self":[{"href":"http:\/\/fmriachuelo.it10.com.ar\/index.php\/wp-json\/wp\/v2\/posts\/1522","targetHints":{"allow":["GET"]}}],"collection":[{"href":"http:\/\/fmriachuelo.it10.com.ar\/index.php\/wp-json\/wp\/v2\/posts"}],"about":[{"href":"http:\/\/fmriachuelo.it10.com.ar\/index.php\/wp-json\/wp\/v2\/types\/post"}],"author":[{"embeddable":true,"href":"http:\/\/fmriachuelo.it10.com.ar\/index.php\/wp-json\/wp\/v2\/users\/4"}],"replies":[{"embeddable":true,"href":"http:\/\/fmriachuelo.it10.com.ar\/index.php\/wp-json\/wp\/v2\/comments?post=1522"}],"version-history":[{"count":0,"href":"http:\/\/fmriachuelo.it10.com.ar\/index.php\/wp-json\/wp\/v2\/posts\/1522\/revisions"}],"wp:attachment":[{"href":"http:\/\/fmriachuelo.it10.com.ar\/index.php\/wp-json\/wp\/v2\/media?parent=1522"}],"wp:term":[{"taxonomy":"category","embeddable":true,"href":"http:\/\/fmriachuelo.it10.com.ar\/index.php\/wp-json\/wp\/v2\/categories?post=1522"},{"taxonomy":"post_tag","embeddable":true,"href":"http:\/\/fmriachuelo.it10.com.ar\/index.php\/wp-json\/wp\/v2\/tags?post=1522"}],"curies":[{"name":"wp","href":"https:\/\/api.w.org\/{rel}","templated":true}]}}