{"id":1521,"date":"2015-12-19T15:34:00","date_gmt":"2015-12-19T15:34:00","guid":{"rendered":"http:\/\/fmriachuelo.observatorioess.org.ar\/index.php\/2015\/12\/19\/reunion-del-mercosur-en-paraguay-conferencia-de-prensa-de-organizaciones-sociales-de-argentina\/"},"modified":"2015-12-19T15:34:00","modified_gmt":"2015-12-19T15:34:00","slug":"reunion-del-mercosur-en-paraguay-conferencia-de-prensa-de-organizaciones-sociales-de-argentina","status":"publish","type":"post","link":"http:\/\/fmriachuelo.it10.com.ar\/index.php\/2015\/12\/19\/reunion-del-mercosur-en-paraguay-conferencia-de-prensa-de-organizaciones-sociales-de-argentina\/","title":{"rendered":"REUNI\u00d3N DEL MERCOSUR EN PARAGUAY: CONFERENCIA DE PRENSA DE ORGANIZACIONES SOCIALES DE ARGENTINA"},"content":{"rendered":"<p><span style=\"color: red;font-family: Verdana, sans-serif;font-size: large\"><b>EN DEFENSA DE LA REVOLUCI\u00d3N BOLIVARIANA Y EL DERECHO DE NUESTROS PUEBLOS<\/b><\/span>  <\/p>\n<div style=\"clear: both;text-align: center\"><a href=\"http:\/\/3.bp.blogspot.com\/-4nVi0acVz0Q\/VnbJ61M0g-I\/AAAAAAAAHpQ\/h9s61rg7Lxk\/s1600\/mercosur.jpg\" style=\"clear: left;float: left;margin-bottom: 1em;margin-right: 1em\"><img loading=\"lazy\" decoding=\"async\" border=\"0\" height=\"160\" src=\"http:\/\/3.bp.blogspot.com\/-4nVi0acVz0Q\/VnbJ61M0g-I\/AAAAAAAAHpQ\/h9s61rg7Lxk\/s200\/mercosur.jpg\" width=\"200\" \/><\/a><\/div>\n<p><span style=\"font-family: Verdana, sans-serif\"><\/span><\/p>\n<div style=\"text-align: justify\"><span style=\"font-family: Verdana, sans-serif\"><span style=\"font-size: x-small\">[Resumen Latinoamericano, 19 de diciembre 2015]<\/span> Numerosas organizaciones sociales pertenecientes al Campamento Antiimperialista, ALBA Movimientos y otros nucleamientos del campo popular, han convocado en Buenos Aires una urgente conferencia de prensa con motivo de la realizaci\u00f3n este pr\u00f3ximo lunes 21 de diciembre de la Cumbre del Mercosur en Paraguay.<\/span><\/div>\n<p><span style=\"font-family: Verdana, sans-serif\"><\/p>\n<div style=\"text-align: justify\"><a name='more'><\/a>En la reuni\u00f3n del Mercosur en Asunci\u00f3n, se espera la concurrencia de los presidentes Tabar\u00e9 V\u00e1zquez, de Uruguay, Dilma Rousseff, de Brasil, Mauricio Macri, de Argentina, Nicol\u00e1s Maduro, de Venezuela y Horacio Cartes, del pa\u00eds anfitri\u00f3n. El encuentro se da precisamente en un momento de duros cruces de comunicados entre las canciller\u00edas de Venezuela y de Argentina, a partir de la actitud repetidamente injerencista del gobierno argentino desde que asumiera el derechista Macri.<\/div>\n<div style=\"text-align: justify\">Es por ello que en la cita con el periodismo en el Hotel Bauen (el lunes 21 a las 11 horas) se plantear\u00e1 la solidaridad del pueblo argentino con la Revoluci\u00f3n Bolivariana de Venezuela, se enjuiciar\u00e1 al gobierno argentino y a su presidente por atacar y cuestionar la legitimidad del gobierno del presidente Maduro, y tambi\u00e9n se analizar\u00e1n lo que significa para Argentina la irrupci\u00f3n de un gobierno que en pocos d\u00edas ha profundizado el vuelco del pa\u00eds hacia el neoliberalismo.<\/div>\n<div style=\"text-align: justify\">Por otra parte, tambi\u00e9n se plantear\u00e1 la necesidad de que Mercosur sea una alianza sudamericana que apunte a la integraci\u00f3n con los pa\u00edses del continente y no que caiga en las repetidas recetas de los Tratados de Libre Comercio con la Uni\u00f3n Europea o con los Estados Unidos, Israel u \u201cotros pa\u00edses del bloque de agresi\u00f3n a nuestros pueblos\u201d, tal cual expresara un vocero de los organizadores de la conferencia de prensa.<\/div>\n<div style=\"text-align: justify\">En el Bauen, participar\u00e1n referentes del Campamento Antiimperialista, ALBA Movimientos (Cap\u00edtulo Argentino), Agrupaci\u00f3n de Graduados de Cs. Naturales y Museo Construcci\u00f3n FCNyM Universidad La Plata, ADHES (Autoconvocados por los Derechos Humanos de los Enfermos de HIV), Barricada TV, Centro de Estudiantes de Cs. Naturales y Museo UNLP, Corriente Nuestramericana de Trabajadores 19 de Diciembre, CTD An\u00edbal Ver\u00f3n, Congreso de los Pueblos (Colombia, Cap\u00edtulo Argentino), Encuentro Antiimperialista, Frente Popular Dar\u00edo Santill\u00e1n, Movimiento Estudiantil Liberaci\u00f3n, Movimiento Emancipador, Movimiento Marcha Patri\u00f3tica,de Colombia, Cap\u00edtulo Argentino, Movimiento Patria Grande, Movimiento Popular La Dignidad, Movimiento Patri\u00f3tico Revolucionario Quebracho, Movimiento Evita, Movimiento Popular Seamos Libres, Movimiento Territorial 28 de Agosto (Trelew), OLP-Sim\u00f3n Bol\u00edvar, OSP Los Pibes, Organizaci\u00f3n Pol\u00edtica 17 de Agosto, Encuentro Nacional Popular Latinoamericano, Resumen Latinoamericano, Wirajhkocha Grupo de Reflexi\u00f3n Rural.<\/div>\n<div style=\"text-align: justify\">Los convocantes exhortan a las organizaciones y referentes del campo popular argentino a cerrar filas para frenar la ofensiva neoliberal en Latinoam\u00e9rica y el Caribe e invitan a acudir al Hotel Bauen para generar un hecho de solidaridad activa con Venezuela y de repudio a la injerencia macrista.<\/div>\n<p><\/span><\/p>\n","protected":false},"excerpt":{"rendered":"<p>EN DEFENSA DE LA REVOLUCI\u00d3N BOLIVARIANA Y EL DERECHO DE NUESTROS PUEBLOS [Resumen Latinoamericano, 19 de diciembre 2015] Numerosas organizaciones sociales pertenecientes al Campamento Antiimperialista, ALBA Movimientos y otros nucleamientos del campo popular, han convocado en Buenos Aires una urgente conferencia de prensa con motivo de la realizaci\u00f3n este pr\u00f3ximo lunes 21 de diciembre de [&hellip;]<\/p>\n","protected":false},"author":4,"featured_media":0,"comment_status":"open","ping_status":"open","sticky":false,"template":"","format":"standard","meta":{"_monsterinsights_skip_tracking":false,"_monsterinsights_sitenote_active":false,"_monsterinsights_sitenote_note":"","_monsterinsights_sitenote_category":0,"jnews-multi-image_gallery":[],"jnews_single_post":[],"jnews_primary_category":[],"_joinchat":[],"footnotes":""},"categories":[1],"tags":[],"class_list":["post-1521","post","type-post","status-publish","format-standard","hentry","category-habitat"],"_links":{"self":[{"href":"http:\/\/fmriachuelo.it10.com.ar\/index.php\/wp-json\/wp\/v2\/posts\/1521","targetHints":{"allow":["GET"]}}],"collection":[{"href":"http:\/\/fmriachuelo.it10.com.ar\/index.php\/wp-json\/wp\/v2\/posts"}],"about":[{"href":"http:\/\/fmriachuelo.it10.com.ar\/index.php\/wp-json\/wp\/v2\/types\/post"}],"author":[{"embeddable":true,"href":"http:\/\/fmriachuelo.it10.com.ar\/index.php\/wp-json\/wp\/v2\/users\/4"}],"replies":[{"embeddable":true,"href":"http:\/\/fmriachuelo.it10.com.ar\/index.php\/wp-json\/wp\/v2\/comments?post=1521"}],"version-history":[{"count":0,"href":"http:\/\/fmriachuelo.it10.com.ar\/index.php\/wp-json\/wp\/v2\/posts\/1521\/revisions"}],"wp:attachment":[{"href":"http:\/\/fmriachuelo.it10.com.ar\/index.php\/wp-json\/wp\/v2\/media?parent=1521"}],"wp:term":[{"taxonomy":"category","embeddable":true,"href":"http:\/\/fmriachuelo.it10.com.ar\/index.php\/wp-json\/wp\/v2\/categories?post=1521"},{"taxonomy":"post_tag","embeddable":true,"href":"http:\/\/fmriachuelo.it10.com.ar\/index.php\/wp-json\/wp\/v2\/tags?post=1521"}],"curies":[{"name":"wp","href":"https:\/\/api.w.org\/{rel}","templated":true}]}}